{"id":230928,"date":"2018-04-15T09:05:56","date_gmt":"2018-04-15T09:05:56","guid":{"rendered":"http:\/\/diariodominicano.ddns.net\/?p=230928"},"modified":"2018-04-15T09:05:56","modified_gmt":"2018-04-15T09:05:56","slug":"un-celebre-abogado-de-eeuu-se-quema-a-lo-bonzo-para-denunciar-la-contaminacion","status":"publish","type":"post","link":"https:\/\/diariodominicano.com\/?p=230928","title":{"rendered":"Un c\u00e9lebre abogado de EEUU se quema a lo bonzo para denunciar la contaminaci\u00f3n&#13;"},"content":{"rendered":"<p><body><\/p>\n<p><img decoding=\"async\" src=\"img3\/d6c022024ab3a481dff776788174741b009feb96.jpg\" \/>  <\/p>\n<p>El Prospect Park de Brooklyn, en Nueva York, cubierto de nieve el 24 de enero de 2016<\/p>\n<p>Un conocido abogado estadounidense, ferviente defensor de los derechos de los homosexuales, se suicid\u00f3 prendi\u00e9ndose fuego en un parque de Nueva York para protestar contra la contaminaci\u00f3n, seg\u00fan una carta de despedida enviada a los medios.<\/p>\n<\/p>\n<p>Seg\u00fan el New York Times, que cita a la polic\u00eda, David Buckel se prendi\u00f3 fuego en el Brooklyn Prospect Park el s\u00e1bado por la ma\u00f1ana y fue declarado muerto a las 06H30 locales (10H30 GMT).<\/p>\n<\/p>\n<p>\u00abLa contaminaci\u00f3n causa estragos en nuestro planeta y esparce inhabitabilidad a trav\u00e9s del aire, el suelo, el agua y el clima\u00bb, escribi\u00f3 Buckel en un correo electr\u00f3nico que envi\u00f3 a varios medios estadounidenses y que reprodujo el diario neoyorquino.<\/p>\n<\/p>\n<p>\u00abLa mayor\u00eda de los humanos en el planeta ahora respira aire insalubre con combustibles f\u00f3siles y muchos, en consecuencia, morir\u00e1n prematuramente. Mi muerte prematura con un combustible f\u00f3sil refleja lo que nos estamos haciendo a nosotros mismos\u00bb, denunci\u00f3.<\/p>\n<\/p>\n<p>David Buckel, de 60 a\u00f1os, era un c\u00e9lebre activista por los derechos de los homosexuales en Estados Unidos e intervino en varios sonados casos de discriminaci\u00f3n.<\/p>\n<\/p>\n<p>Desde la asociaci\u00f3n Lambda Legal, estuvo a la vanguardia del movimiento para legalizar el matrimonio gay, ahora jur\u00eddicamente reconocido en todos los estados del pa\u00eds.<\/p>\n<\/p>\n<p>\u00abLa noticia de la muerte de David es desgarradora: es una p\u00e9rdida terrible para la familia de Lambda Legal, pero tambi\u00e9n para todo el movimiento por la justicia social\u00bb, dijo en un comunicado una de las directoras de la organizaci\u00f3n, Camilla Taylor, quien se refiri\u00f3 al abogado como un \u00abbrillante visionario jur\u00eddico\u00bb.<\/p>\n<\/p>\n<p>De acuerdo con varios de sus amigos citados por el New York Times, Buckel comenz\u00f3 a apasionarse por la defensa del medio ambiente despu\u00e9s de su salida de Lambda Legal hace unos a\u00f1os.<\/p>\n<\/p>\n<p>\u00abTener prop\u00f3sitos honorables en la vida invita a tener prop\u00f3sitos honorables en la muerte\u00bb, escribi\u00f3 Buckel en su carta de despedida.<\/p>\n<h6> 2018-04-15 09:05:56 <\/h6>\n<p><!--\n<link rel=\"stylesheet\" href=\"css\/bootstrap.min.css\">\n\n\n<ul class=\"pagination\">\n\t    \n\t\n\n<li >\n\t<a href='?page_no=10590'>Previous<\/a>\n\t<\/li>\n\n\n       \n    \n\n<li><a href='?page_no=1'>1<\/a><\/li>\n\n\n\n<li><a href='?page_no=2'>2<\/a><\/li>\n\n\n\n<li><a>...<\/a><\/li>\n\n\n\n<li><a href='?page_no=10589'>10589<\/a><\/li>\n\n\n\n<li><a href='?page_no=10590'>10590<\/a><\/li>\n\n\n\n<li class='active'><a>10591<\/a><\/li>\n\n\n\n<li><a href='?page_no=10592'>10592<\/a><\/li>\n\n\n\n<li><a href='?page_no=10593'>10593<\/a><\/li>\n\n\n\n<li><a>...<\/a><\/li>\n\n\n\n<li><a href='?page_no=51012'>51012<\/a><\/li>\n\n\n\n<li><a href='?page_no=51013'>51013<\/a><\/li>\n\n    \n\t\n\n<li >\n\t<a href='?page_no=10592'>Next<\/a>\n\t<\/li>\n\n\n    \n\n<li><a href='?page_no=51013'>Last &rsaquo;&rsaquo;<\/a><\/li>\n\n<\/ul>\n\n\n--><br \/>\n<\/body><\/p>\n","protected":false},"excerpt":{"rendered":"<p>El Prospect Park de Brooklyn, en Nueva York, cubierto de nieve el 24 de enero de 2016 Un conocido abogado estadounidense, ferviente defensor de los derechos de los homosexuales, se suicid\u00f3 prendi\u00e9ndose fuego en un parque de Nueva York para protestar contra la contaminaci\u00f3n, seg\u00fan una carta de despedida enviada a los medios. Seg\u00fan el [&hellip;]<\/p>\n","protected":false},"author":3,"featured_media":0,"comment_status":"open","ping_status":"open","sticky":false,"template":"","format":"standard","meta":{"footnotes":""},"categories":[23],"tags":[],"class_list":["post-230928","post","type-post","status-publish","format-standard","hentry","category-internacional"],"_links":{"self":[{"href":"https:\/\/diariodominicano.com\/index.php?rest_route=\/wp\/v2\/posts\/230928","targetHints":{"allow":["GET"]}}],"collection":[{"href":"https:\/\/diariodominicano.com\/index.php?rest_route=\/wp\/v2\/posts"}],"about":[{"href":"https:\/\/diariodominicano.com\/index.php?rest_route=\/wp\/v2\/types\/post"}],"author":[{"embeddable":true,"href":"https:\/\/diariodominicano.com\/index.php?rest_route=\/wp\/v2\/users\/3"}],"replies":[{"embeddable":true,"href":"https:\/\/diariodominicano.com\/index.php?rest_route=%2Fwp%2Fv2%2Fcomments&post=230928"}],"version-history":[{"count":0,"href":"https:\/\/diariodominicano.com\/index.php?rest_route=\/wp\/v2\/posts\/230928\/revisions"}],"wp:attachment":[{"href":"https:\/\/diariodominicano.com\/index.php?rest_route=%2Fwp%2Fv2%2Fmedia&parent=230928"}],"wp:term":[{"taxonomy":"category","embeddable":true,"href":"https:\/\/diariodominicano.com\/index.php?rest_route=%2Fwp%2Fv2%2Fcategories&post=230928"},{"taxonomy":"post_tag","embeddable":true,"href":"https:\/\/diariodominicano.com\/index.php?rest_route=%2Fwp%2Fv2%2Ftags&post=230928"}],"curies":[{"name":"wp","href":"https:\/\/api.w.org\/{rel}","templated":true}]}}