{"id":230927,"date":"2018-04-15T09:10:06","date_gmt":"2018-04-15T09:10:06","guid":{"rendered":"http:\/\/diariodominicano.ddns.net\/?p=230927"},"modified":"2018-04-15T09:10:06","modified_gmt":"2018-04-15T09:10:06","slug":"miles-se-manifiestan-en-barcelona-contra-encarcelamiento-de-independentistas-catalanes","status":"publish","type":"post","link":"https:\/\/diariodominicano.com\/?p=230927","title":{"rendered":"Miles se manifiestan en Barcelona contra encarcelamiento de independentistas catalanes"},"content":{"rendered":"<p><body><\/p>\n<p><img decoding=\"async\" src=\"img3\/b3ff028aea813b807ad8306b60d691014d8adaff.jpg\" \/><br \/><img decoding=\"async\" src=\"img3\/e74ad70e4cfece5e3917576d4ad9b9664f3ef34a.jpg\" \/>  <\/p>\n<\/p>\n<p>AFP \/ Josep Lago<\/p>\n<p>Unos manifestantes forman la palabra \u00abLibertad\u00bb el 15 de abril de 2018 en Barcelona, en alusi\u00f3n a los l\u00edderes independentistas encarcelados o que se encuentran fuera de Espa\u00f1a<\/p>\n<p>Seis meses despu\u00e9s de los primeros encarcelamientos de figuras del independentismo catal\u00e1n, miles de personas se manifestaron este domingo en Barcelona para protestar contra el encarcelamiento de nueve secesionistas acusados de rebeli\u00f3n y pedir un di\u00e1logo pol\u00edtico.<\/p>\n<\/p>\n<p>\u00abLibertad para los presos pol\u00edticos\u00bb, gritaban miles de manifestantes que marchaban por la avenida del Paralelo, en apoyo a los separatistas en prisi\u00f3n preventiva por su papel en el infructuoso intento de secesi\u00f3n del a\u00f1o pasado.<\/p>\n<\/p>\n<p>Se les acusa de rebeli\u00f3n, un cargo pasible de 30 a\u00f1os de prisi\u00f3n que implica la noci\u00f3n de alzamiento violento, y a algunos tambi\u00e9n de malversaci\u00f3n de fondos, por la organizaci\u00f3n del referendo ilegal de independencia del 1 de octubre.<\/p>\n<\/p>\n<p>\u00abComo no pueden descabezar el independentsimo, como dijo la propia vicepresidenta del gobierno Soraya S\u00e1enz de Santamar\u00eda, lo intentan hacer judicialmente\u00bb, dijo a AFP Roser Urgelles, una profesora de 59 a\u00f1os.<\/p>\n<\/p>\n<p>\u00abNecesitan demostrar que hubo violencia pero se la inventan. Continuaremos siendo pac\u00edficos\u00bb, a\u00f1adi\u00f3 la manifestante.<\/p>\n<\/p>\n<p>Como ella, miles de manifestantes luc\u00edan un lazo amarillo, un s\u00edmbolo de solidaridad con los independentistas en prisi\u00f3n.<\/p>\n<\/p>\n<p>El llamamiento a manifestarse fue lanzado por una plataforma creada en marzo a fin de \u00abdefender las instituciones catalanas\u00bb y \u00ablos derechos y libertades fundamentales\u00bb.<\/p>\n<\/p>\n<p>El hecho de que los dos mayores sindicatos del pa\u00eds, Comisiones Obreras (CCOO) y UGT, secunden la manifestaci\u00f3n junto con organizaciones separatistas como la Asamblea Nacional Catalana (ANC) u \u00d2mnium ha provocado roces con aquellos miembros que nunca han querido la independencia de la regi\u00f3n.<\/p>\n<\/p>\n<p>\u00abHa habido tensiones (entre los afiliados), como en el conjunto de la sociedad catalana\u00bb, coment\u00f3 el s\u00e1bado a AFP Camil Ros, secretario general de UGT en Catalu\u00f1a.<\/p>\n<\/p>\n<p>No obstante, matiz\u00f3 que \u00abno es una manifestaci\u00f3n independentista. Nosotros creemos que es el momento de tender puentes; el problema de Catalu\u00f1a no se tiene que resolver en los juzgados sino con el di\u00e1logo y la pol\u00edtica\u00bb.<\/p>\n<\/p>\n<p>La movilizaci\u00f3n se produce diez d\u00edas despu\u00e9s de la puesta en libertad bajo fianza del expresidente separatista Carles Puigdemont en Alemania. El tribunal competente consider\u00f3 que el cargo de rebeli\u00f3n que le imputa la justicia espa\u00f1ola no se justifica.<\/p>\n<\/p>\n<p>La decisi\u00f3n fue un golpe para la justicia espa\u00f1ola, y el jueves, fiscales espa\u00f1oles entregaron elementos adicionales a sus hom\u00f3logos alemanes para acreditar la causa por rebeli\u00f3n y lograr as\u00ed que Puigdemont sea entregado por este cargo.<\/p>\n<\/p>\n<p>Aparte de rebeli\u00f3n, el exdirigente est\u00e1 acusado de malversaci\u00f3n, en relaci\u00f3n con la organizaci\u00f3n del refer\u00e9ndum del 1 de octubre.<\/p>\n<\/p>\n<p>&#8211; El separatismo, \u00abdescabezado\u00bb &#8211;<\/p>\n<\/p>\n<p>Los primeros en ser enviados a prisi\u00f3n preventiva, en un penal cerca de Madrid, fueron el expresidente de la ANC Jordi S\u00e1nchez y el l\u00edder de \u00d2mnium Jordi Cuixart el pasado 16 de octubre.<\/p>\n<\/p>\n<p>AFP \/ Josep Lago<\/p>\n<p>Unos manifestantes muestran su apoyo a los l\u00edderes independentistas encarcelados o que se encuentran fuera de Espa\u00f1a el 15 de abril de 2018 en Barcelona<\/p>\n<p>El juez instructor del Tribunal Supremo Pablo Llarena los acusa de emplear \u00absu responsabilidad en ANC y \u00d2mnium para movilizar a cientos de miles de seguidores\u00bb, adem\u00e1s de impulsar \u00abuna masa de fuerza que hiciera frente a la obligaci\u00f3n policial de impedir el refer\u00e9ndum ilegal\u00bb.<\/p>\n<\/p>\n<p>\u00abLo que me entristece es la acusaci\u00f3n de violencia, que nunca existi\u00f3, y a la que siempre me opondr\u00e9\u00bb, escribi\u00f3 en diciembre Jordi S\u00e1nchez en su cuenta de Twitter.<\/p>\n<\/p>\n<p>S\u00e1nchez, electo diputado regional el 21 de diciembre, ha sido propuesto dos veces como candidato para presidir Catalu\u00f1a, pero en ambas ocasiones la justicia rechaz\u00f3 su demanda de excarcelaci\u00f3n.<\/p>\n<\/p>\n<p>El pensionista Juan Jos\u00e9 Cabrero, un ex transportista de 74 a\u00f1os, forma parte de esos dos millones de votantes (un 47,5% de electores catalanes) que en diciembre permitieron a los independentistas renovar su mayor\u00eda de esca\u00f1os en el Parlamento catal\u00e1n.<\/p>\n<\/p>\n<p>\u00abLos acusan (a los independentistas) de ser violentos, pero he ido a todas las manifestaciones y no he visto nada de violencia, ni una pizca, s\u00f3lo he visto violencia de parte de la polic\u00eda para reprimir el refer\u00e9ndum en mi colegio electoral\u00bb el 1 de octubre, a\u00f1ade.<\/p>\n<\/p>\n<p>Si los independentistas no logran investir un candidato a la presidencia de Catalu\u00f1a antes del 22 de mayo, habr\u00e1 una repetici\u00f3n de elecciones, hacia el 15 de julio.<\/p>\n<\/p>\n<p>En una carta enviada desde prisi\u00f3n, el ex vicepresidente independentista catal\u00e1n, Oriol Junqueras, llam\u00f3 a evitar las \u00abgesticulaciones\u00bb y las \u00abactitudes maximalistas\u00bb que no llevan a ninguna parte.<\/p>\n<\/p>\n<p>Present\u00f3 como \u00abuna necesidad\u00bb la formaci\u00f3n inmediata de un gobierno catal\u00e1n, para que la regi\u00f3n, bajo tutela del gobierno espa\u00f1ol, recupere sus instituciones aut\u00f3nomas.<\/p>\n<h6> 2018-04-15 09:10:06 <\/h6>\n<p><!--\n<link rel=\"stylesheet\" href=\"css\/bootstrap.min.css\">\n\n\n<ul class=\"pagination\">\n\t    \n\t\n\n<li >\n\t<a href='?page_no=10589'>Previous<\/a>\n\t<\/li>\n\n\n       \n    \n\n<li><a href='?page_no=1'>1<\/a><\/li>\n\n\n\n<li><a href='?page_no=2'>2<\/a><\/li>\n\n\n\n<li><a>...<\/a><\/li>\n\n\n\n<li><a href='?page_no=10588'>10588<\/a><\/li>\n\n\n\n<li><a href='?page_no=10589'>10589<\/a><\/li>\n\n\n\n<li class='active'><a>10590<\/a><\/li>\n\n\n\n<li><a href='?page_no=10591'>10591<\/a><\/li>\n\n\n\n<li><a href='?page_no=10592'>10592<\/a><\/li>\n\n\n\n<li><a>...<\/a><\/li>\n\n\n\n<li><a href='?page_no=51012'>51012<\/a><\/li>\n\n\n\n<li><a href='?page_no=51013'>51013<\/a><\/li>\n\n    \n\t\n\n<li >\n\t<a href='?page_no=10591'>Next<\/a>\n\t<\/li>\n\n\n    \n\n<li><a href='?page_no=51013'>Last &rsaquo;&rsaquo;<\/a><\/li>\n\n<\/ul>\n\n\n--><br \/>\n<\/body><\/p>\n","protected":false},"excerpt":{"rendered":"<p>AFP \/ Josep Lago Unos manifestantes forman la palabra \u00abLibertad\u00bb el 15 de abril de 2018 en Barcelona, en alusi\u00f3n a los l\u00edderes independentistas encarcelados o que se encuentran fuera de Espa\u00f1a Seis meses despu\u00e9s de los primeros encarcelamientos de figuras del independentismo catal\u00e1n, miles de personas se manifestaron este domingo en Barcelona para protestar [&hellip;]<\/p>\n","protected":false},"author":3,"featured_media":0,"comment_status":"open","ping_status":"open","sticky":false,"template":"","format":"standard","meta":{"footnotes":""},"categories":[23],"tags":[],"class_list":["post-230927","post","type-post","status-publish","format-standard","hentry","category-internacional"],"_links":{"self":[{"href":"https:\/\/diariodominicano.com\/index.php?rest_route=\/wp\/v2\/posts\/230927","targetHints":{"allow":["GET"]}}],"collection":[{"href":"https:\/\/diariodominicano.com\/index.php?rest_route=\/wp\/v2\/posts"}],"about":[{"href":"https:\/\/diariodominicano.com\/index.php?rest_route=\/wp\/v2\/types\/post"}],"author":[{"embeddable":true,"href":"https:\/\/diariodominicano.com\/index.php?rest_route=\/wp\/v2\/users\/3"}],"replies":[{"embeddable":true,"href":"https:\/\/diariodominicano.com\/index.php?rest_route=%2Fwp%2Fv2%2Fcomments&post=230927"}],"version-history":[{"count":0,"href":"https:\/\/diariodominicano.com\/index.php?rest_route=\/wp\/v2\/posts\/230927\/revisions"}],"wp:attachment":[{"href":"https:\/\/diariodominicano.com\/index.php?rest_route=%2Fwp%2Fv2%2Fmedia&parent=230927"}],"wp:term":[{"taxonomy":"category","embeddable":true,"href":"https:\/\/diariodominicano.com\/index.php?rest_route=%2Fwp%2Fv2%2Fcategories&post=230927"},{"taxonomy":"post_tag","embeddable":true,"href":"https:\/\/diariodominicano.com\/index.php?rest_route=%2Fwp%2Fv2%2Ftags&post=230927"}],"curies":[{"name":"wp","href":"https:\/\/api.w.org\/{rel}","templated":true}]}}