{"id":230925,"date":"2018-04-15T09:19:30","date_gmt":"2018-04-15T09:19:30","guid":{"rendered":"http:\/\/diariodominicano.ddns.net\/?p=230925"},"modified":"2018-04-15T09:19:30","modified_gmt":"2018-04-15T09:19:30","slug":"papa-francisco-profundamente-perturbado-por-situacion-mundial-actual","status":"publish","type":"post","link":"https:\/\/diariodominicano.com\/?p=230925","title":{"rendered":"Papa Francisco profundamente perturbado por situaci\u00f3n mundial actual"},"content":{"rendered":"<p><body><\/p>\n<p><strong>Roma, 15 abr (PL)<\/strong> El papa Francisco se mostr\u00f3 hoy profundamente perturbado por la situaci\u00f3n mundial y apel\u00f3 a todos los responsables pol\u00edticos para que prevalezca la justicia y la paz.<\/p>\n<\/p>\n<p>En un mensaje tras concluir el rezo del Regina Coeli en la Plaza de San Pedro, el sumo pont\u00edfice lament\u00f3 la ausencia de una acci\u00f3n com\u00fan a favor de la paz en Siria y otras regiones del mundo, a pesar de los instrumentos a disposici\u00f3n de la comunidad internacional para lograrla.<\/p>\n<\/p>\n<p>Mientras oro incesantemente por la paz e invito a todas las personas de buena voluntad a seguir haciendo otro tanto, apelo nuevamente a todos los responsables pol\u00edticos para que prevalezca la justicia y la paz, subray\u00f3 el Papa.<\/p>\n<\/p>\n<p>Por otra parte, Francisco manifest\u00f3 que recibi\u00f3 con dolor la noticia del asesinato de los tres ecuatorianos secuestrados a finales de marzo en la frontera con Colombia y a\u00f1adi\u00f3 que reza por ellos y sus familiares, en tanto expres\u00f3 su cercan\u00eda al pueblo de la naci\u00f3n suramericana, al cual exhort\u00f3 a continuar adelante unido y pac\u00edfico.<\/p>\n<\/p>\n<p>mem\/fgg<\/p>\n<h6> 2018-04-15 09:19:30 <\/h6>\n<p><!--\n<link rel=\"stylesheet\" href=\"css\/bootstrap.min.css\">\n\n\n<ul class=\"pagination\">\n\t    \n\t\n\n<li >\n\t<a href='?page_no=10588'>Previous<\/a>\n\t<\/li>\n\n\n       \n    \n\n<li><a href='?page_no=1'>1<\/a><\/li>\n\n\n\n<li><a href='?page_no=2'>2<\/a><\/li>\n\n\n\n<li><a>...<\/a><\/li>\n\n\n\n<li><a href='?page_no=10587'>10587<\/a><\/li>\n\n\n\n<li><a href='?page_no=10588'>10588<\/a><\/li>\n\n\n\n<li class='active'><a>10589<\/a><\/li>\n\n\n\n<li><a href='?page_no=10590'>10590<\/a><\/li>\n\n\n\n<li><a href='?page_no=10591'>10591<\/a><\/li>\n\n\n\n<li><a>...<\/a><\/li>\n\n\n\n<li><a href='?page_no=51012'>51012<\/a><\/li>\n\n\n\n<li><a href='?page_no=51013'>51013<\/a><\/li>\n\n    \n\t\n\n<li >\n\t<a href='?page_no=10590'>Next<\/a>\n\t<\/li>\n\n\n    \n\n<li><a href='?page_no=51013'>Last &rsaquo;&rsaquo;<\/a><\/li>\n\n<\/ul>\n\n\n--><br \/>\n<\/body><\/p>\n","protected":false},"excerpt":{"rendered":"<p>Roma, 15 abr (PL) El papa Francisco se mostr\u00f3 hoy profundamente perturbado por la situaci\u00f3n mundial y apel\u00f3 a todos los responsables pol\u00edticos para que prevalezca la justicia y la paz. En un mensaje tras concluir el rezo del Regina Coeli en la Plaza de San Pedro, el sumo pont\u00edfice lament\u00f3 la ausencia de una [&hellip;]<\/p>\n","protected":false},"author":3,"featured_media":0,"comment_status":"open","ping_status":"open","sticky":false,"template":"","format":"standard","meta":{"footnotes":""},"categories":[23],"tags":[],"class_list":["post-230925","post","type-post","status-publish","format-standard","hentry","category-internacional"],"_links":{"self":[{"href":"https:\/\/diariodominicano.com\/index.php?rest_route=\/wp\/v2\/posts\/230925","targetHints":{"allow":["GET"]}}],"collection":[{"href":"https:\/\/diariodominicano.com\/index.php?rest_route=\/wp\/v2\/posts"}],"about":[{"href":"https:\/\/diariodominicano.com\/index.php?rest_route=\/wp\/v2\/types\/post"}],"author":[{"embeddable":true,"href":"https:\/\/diariodominicano.com\/index.php?rest_route=\/wp\/v2\/users\/3"}],"replies":[{"embeddable":true,"href":"https:\/\/diariodominicano.com\/index.php?rest_route=%2Fwp%2Fv2%2Fcomments&post=230925"}],"version-history":[{"count":0,"href":"https:\/\/diariodominicano.com\/index.php?rest_route=\/wp\/v2\/posts\/230925\/revisions"}],"wp:attachment":[{"href":"https:\/\/diariodominicano.com\/index.php?rest_route=%2Fwp%2Fv2%2Fmedia&parent=230925"}],"wp:term":[{"taxonomy":"category","embeddable":true,"href":"https:\/\/diariodominicano.com\/index.php?rest_route=%2Fwp%2Fv2%2Fcategories&post=230925"},{"taxonomy":"post_tag","embeddable":true,"href":"https:\/\/diariodominicano.com\/index.php?rest_route=%2Fwp%2Fv2%2Ftags&post=230925"}],"curies":[{"name":"wp","href":"https:\/\/api.w.org\/{rel}","templated":true}]}}