{"id":230924,"date":"2018-04-15T10:16:43","date_gmt":"2018-04-15T10:16:43","guid":{"rendered":"http:\/\/diariodominicano.ddns.net\/?p=230924"},"modified":"2018-04-15T10:16:43","modified_gmt":"2018-04-15T10:16:43","slug":"ausencia-de-trump-en-lima-simboliza-dificultades-en-relaciones-eeuu-america-latina","status":"publish","type":"post","link":"https:\/\/diariodominicano.com\/?p=230924","title":{"rendered":"Ausencia de Trump en Lima simboliza dificultades en relaciones EEUU-Am\u00e9rica Latina"},"content":{"rendered":"<p><body><\/p>\n<p><img decoding=\"async\" src=\"img3\/Mikepence15.jpg\" \/>  <\/p>\n<p><span class=\"text1noticias\">     Por Ergardo Loguercio<\/span><\/p>\n<p><span class=\"text1noticias\"> <\/span><\/p>\n<p><span class=\"text1noticias\">     LIMA, 15 abr (Xinhua) &#8212; La ausencia del presidente de Estados Unidos, Donald Trump, en la VIII Cumbre de las Am\u00e9ricas de Lima, demostr\u00f3 la creciente dificultad que atraviesan las relaciones de Washington con los pa\u00edses de Am\u00e9rica Latina, agravadas por una postura agresiva y aislacionista del l\u00edder estadounidense.<\/span><\/p>\n<p><span class=\"text1noticias\"> <\/span><\/p>\n<p><span class=\"text1noticias\">     En lugar de Trump, lleg\u00f3 a Lima una delegaci\u00f3n encabezada por el vicepresidente Michael Pence, con la presencia del senador republicano Marco Rubio y del secretario de Comercio, Wilbur Ross.<\/span><\/p>\n<p><span class=\"text1noticias\"> <\/span><\/p>\n<p><span class=\"text1noticias\">     Pence y Rubio concentraron sus esfuerzos en buscar apoyos para una posici\u00f3n m\u00e1s dura contra Venezuela y en neutralizar el impacto negativo del ataque contra Siria ordenado por Trump con el apoyo de Francia y el Reino Unido.<\/span><\/p>\n<p><span class=\"text1noticias\"> <\/span><\/p>\n<p><span class=\"text1noticias\">     El canciller cubano, Bruno Rodr\u00edguez, asegur\u00f3 en la plenaria que Estados Unidos invoca la Doctrina Monroe para justificar la dominaci\u00f3n norteamericana en la regi\u00f3n, la cual \u00absigue siendo saqueada y vilipendiada por el imperialismo estadounidense\u00bb.<\/span><\/p>\n<p><span class=\"text1noticias\"> <\/span><\/p>\n<p><span class=\"text1noticias\">     La agresiva pol\u00edtica del gobierno de EEUU hacia la regi\u00f3n en los \u00faltimos meses ha sido un factor que aument\u00f3 la inestabilidad en varios pa\u00edses.<\/span><\/p>\n<p><span class=\"text1noticias\"> <\/span><\/p>\n<p><span class=\"text1noticias\">     En una ofensiva in\u00e9dita en los \u00faltimos a\u00f1os, Trump exigi\u00f3 la renegociaci\u00f3n del Tratado de Libre Comercio de Am\u00e9rica del Norte (TLCAN), inici\u00f3 la militarizaci\u00f3n de la frontera con M\u00e9xico y no repar\u00f3 en insultar a los inmigrantes centroamericanos.<\/span><\/p>\n<p><span class=\"text1noticias\"> <\/span><\/p>\n<p><span class=\"text1noticias\">     El presidente mexicano, Enrique Pe\u00f1a Nieto, pidi\u00f3 este s\u00e1bado una relaci\u00f3n de \u00abrespeto mutuo\u00bb entre Estados Unidos y M\u00e9xico antes de sostener una reuni\u00f3n bilateral con Pence en Lima.<\/span><\/p>\n<p><span class=\"text1noticias\"> <\/span><\/p>\n<p><span class=\"text1noticias\">     El gobierno de EEUU tambi\u00e9n tens\u00f3 al extremo la relaci\u00f3n con Venezuela, promoviendo un embargo petrolero y amenazando inclusive con una intervenci\u00f3n en el pa\u00eds, intentando arrastrar a otras naciones a una aventura militar.<\/span><\/p>\n<p><span class=\"text1noticias\"> <\/span><\/p>\n<p><span class=\"text1noticias\">     Un tercer factor fue la elevaci\u00f3n de aranceles a la importaci\u00f3n de productos como el acero y el aluminio, que afectan directamente a aliados tradicionales, como Argentina y Brasil, pero posteriormente Washington eximi\u00f3 a esos dos pa\u00edses latinoamericanos y a la Uni\u00f3n Europea de las nuevas tarifas.<\/span><\/p>\n<p><span class=\"text1noticias\"> <\/span><\/p>\n<p><span class=\"text1noticias\">     El presidente brasile\u00f1o, Michel Temer, defendi\u00f3 la integraci\u00f3n y las relaciones econ\u00f3micas entre las naciones dado que se crean oportunidades \u00abcuando nos abrimos al otro, cuando fomentamos el comercio, las inversiones y la innovaci\u00f3n\u00bb.<\/span><\/p>\n<p><span class=\"text1noticias\"> <\/span><\/p>\n<p><span class=\"text1noticias\">     Tambi\u00e9n los impulsos belicistas del presidente estadounidense preocupan a los pa\u00edses latinoamericanos, con una hist\u00f3rica vocaci\u00f3n de paz y amistad entre las naciones.<\/span><\/p>\n<p><span class=\"text1noticias\"> <\/span><\/p>\n<p><span class=\"text1noticias\">     Con diferentes matices, la gran mayor\u00eda de los l\u00edderes cuestionaron de forma impl\u00edcita el ataque con m\u00e1s de un centenar de misiles a Siria, expresando su preocupaci\u00f3n de que eso provoque una escalada militar en esa regi\u00f3n.<\/span><\/p>\n<p><span class=\"text1noticias\"> <\/span><\/p>\n<p><span class=\"text1noticias\">     Qued\u00f3 en evidencia que la ausencia de Trump en Lima buscaba evitar los cuestionamientos por esa decisi\u00f3n y una falta de apoyo de parte de los mandatarios latinoamericanos.<\/span><\/p>\n<p><span class=\"text1noticias\"> <\/span><\/p>\n<p><span class=\"text1noticias\">     En vez de encontrar un continente subordinado y un alineamiento autom\u00e1tico a los intereses de EEUU, el mandatario norteamericano encontrar\u00eda numerosas voces en un continente que se define favor de la paz y la autodeterminaci\u00f3n.<\/span><\/p>\n<p><span class=\"text1noticias\"> <\/span><\/p>\n<p><span class=\"text1noticias\">     Como defini\u00f3 el diario El Comercio de Per\u00fa, la ausencia de Trump en la Cumbre de Lima fue \u00abun desaire para la regi\u00f3n\u00bb, en s\u00edntesis, \u00abuna nueva se\u00f1al de que los vecinos del sur no son <\/span>su prioridad\u00bb. <\/p>\n<h6> 2018-04-15 10:16:43 <\/h6>\n<p><!--\n<link rel=\"stylesheet\" href=\"css\/bootstrap.min.css\">\n\n\n<ul class=\"pagination\">\n\t    \n\t\n\n<li >\n\t<a href='?page_no=10587'>Previous<\/a>\n\t<\/li>\n\n\n       \n    \n\n<li><a href='?page_no=1'>1<\/a><\/li>\n\n\n\n<li><a href='?page_no=2'>2<\/a><\/li>\n\n\n\n<li><a>...<\/a><\/li>\n\n\n\n<li><a href='?page_no=10586'>10586<\/a><\/li>\n\n\n\n<li><a href='?page_no=10587'>10587<\/a><\/li>\n\n\n\n<li class='active'><a>10588<\/a><\/li>\n\n\n\n<li><a href='?page_no=10589'>10589<\/a><\/li>\n\n\n\n<li><a href='?page_no=10590'>10590<\/a><\/li>\n\n\n\n<li><a>...<\/a><\/li>\n\n\n\n<li><a href='?page_no=51012'>51012<\/a><\/li>\n\n\n\n<li><a href='?page_no=51013'>51013<\/a><\/li>\n\n    \n\t\n\n<li >\n\t<a href='?page_no=10589'>Next<\/a>\n\t<\/li>\n\n\n    \n\n<li><a href='?page_no=51013'>Last &rsaquo;&rsaquo;<\/a><\/li>\n\n<\/ul>\n\n\n--><br \/>\n<\/body><\/p>\n","protected":false},"excerpt":{"rendered":"<p>Por Ergardo Loguercio LIMA, 15 abr (Xinhua) &#8212; La ausencia del presidente de Estados Unidos, Donald Trump, en la VIII Cumbre de las Am\u00e9ricas de Lima, demostr\u00f3 la creciente dificultad que atraviesan las relaciones de Washington con los pa\u00edses de Am\u00e9rica Latina, agravadas por una postura agresiva y aislacionista del l\u00edder estadounidense. En lugar de [&hellip;]<\/p>\n","protected":false},"author":3,"featured_media":0,"comment_status":"open","ping_status":"open","sticky":false,"template":"","format":"standard","meta":{"footnotes":""},"categories":[23],"tags":[],"class_list":["post-230924","post","type-post","status-publish","format-standard","hentry","category-internacional"],"_links":{"self":[{"href":"https:\/\/diariodominicano.com\/index.php?rest_route=\/wp\/v2\/posts\/230924","targetHints":{"allow":["GET"]}}],"collection":[{"href":"https:\/\/diariodominicano.com\/index.php?rest_route=\/wp\/v2\/posts"}],"about":[{"href":"https:\/\/diariodominicano.com\/index.php?rest_route=\/wp\/v2\/types\/post"}],"author":[{"embeddable":true,"href":"https:\/\/diariodominicano.com\/index.php?rest_route=\/wp\/v2\/users\/3"}],"replies":[{"embeddable":true,"href":"https:\/\/diariodominicano.com\/index.php?rest_route=%2Fwp%2Fv2%2Fcomments&post=230924"}],"version-history":[{"count":0,"href":"https:\/\/diariodominicano.com\/index.php?rest_route=\/wp\/v2\/posts\/230924\/revisions"}],"wp:attachment":[{"href":"https:\/\/diariodominicano.com\/index.php?rest_route=%2Fwp%2Fv2%2Fmedia&parent=230924"}],"wp:term":[{"taxonomy":"category","embeddable":true,"href":"https:\/\/diariodominicano.com\/index.php?rest_route=%2Fwp%2Fv2%2Fcategories&post=230924"},{"taxonomy":"post_tag","embeddable":true,"href":"https:\/\/diariodominicano.com\/index.php?rest_route=%2Fwp%2Fv2%2Ftags&post=230924"}],"curies":[{"name":"wp","href":"https:\/\/api.w.org\/{rel}","templated":true}]}}