{"id":230922,"date":"2018-04-15T10:36:34","date_gmt":"2018-04-15T10:36:34","guid":{"rendered":"http:\/\/diariodominicano.ddns.net\/?p=230922"},"modified":"2018-04-15T10:36:34","modified_gmt":"2018-04-15T10:36:34","slug":"netanyahu-reitera-apoyo-israeli-a-ataque-encabezado-por-eeuu-contra-siria","status":"publish","type":"post","link":"https:\/\/diariodominicano.com\/?p=230922","title":{"rendered":"Netanyahu reitera apoyo israel\u00ed a ataque encabezado por EEUU contra Siria"},"content":{"rendered":"<p><body><\/p>\n<p><img decoding=\"async\" src=\"img3\/TrumpBNetanyau.jpg\" \/>  <\/p>\n<p><span class=\"text1noticias\">     JERUSALEN, 15 abr (Xinhua) &#8212; El primer ministro de Israel, Benjamin Netanyahu, reiter\u00f3 hoy el apoyo de Israel al ataque con misiles encabezado por Estados Unidos contra Siria.<\/span><\/p>\n<p><span class=\"text1noticias\"> <\/span><\/p>\n<p><span class=\"text1noticias\">     \u00abIsrael apoya totalmente la decisi\u00f3n del presidente (estadounidense Donald) Trump de actuar contra el uso de armas qu\u00edmicas en Siria, e Israel da la bienvenida a la participaci\u00f3n de la primera ministra brit\u00e1nica Theresa May y del presidente franc\u00e9s Emmanuel Macron en esta acci\u00f3n\u00bb, dijo Netanyahu a sus ministros durante la reuni\u00f3n semanal del gabinete<\/span><\/p>\n<p><span class=\"text1noticias\"> <\/span><\/p>\n<p><span class=\"text1noticias\">    Netanyahu declar\u00f3 que dijo a May por tel\u00e9fono el s\u00e1bado en la noche que el ataque a\u00e9reo envi\u00f3 \u00abun mensaje internacional importante de cero tolerancia al uso de armas no convencionales\u00bb.<\/span><\/p>\n<p><span class=\"text1noticias\"> <\/span><\/p>\n<p><span class=\"text1noticias\">     El primer ministro tambi\u00e9n expres\u00f3 la creciente preocupaci\u00f3n de Israel por los esfuerzos de Ir\u00e1n para establecer una presencia en Siria.<\/span><\/p>\n<p><span class=\"text1noticias\"> <\/span><\/p>\n<p><span class=\"text1noticias\">     \u00abEl factor m\u00e1s desestabilizador en el Medio Oriente es Ir\u00e1n, y el presidente (sirio Bashar al-) Assad debe entender que cuando permite una presencia militar iran\u00ed en Siria est\u00e1 poniendo en peligro a Siria y la estabilidad de la regi\u00f3n entera\u00bb, advirti\u00f3 Netanyahu.<\/span><\/p>\n<p><span class=\"text1noticias\"> <\/span><\/p>\n<p><span class=\"text1noticias\">     Estados Unidos, Francia y Reino Unido lanzaron ataques contra blancos militares en la capital de Siria, Damasco, antes del amanecer del s\u00e1bado.<\/span><\/p>\n<p><span class=\"text1noticias\"> <\/span><\/p>\n<p><span class=\"text1noticias\">     Los ataques conjuntos fueron lanzados bajo el pretexto de castigar al gobierno sirio por su supuesto uso de armas qu\u00edmicas en un ataque contra la localidad de Douma, cerca de Damasco y controlada por rebeldes.<\/span><\/p>\n<p><span class=\"text1noticias\"> <\/span><\/p>\n<p><span class=\"text1noticias\">     Sin embargo, el gobierno sirio ha rechazado en repetidas ocasiones la acusaci\u00f3n y la ha calificado como una mentira de los rebeldes y de sus partidarios extranjeros para justificar los ataques militares contra el Estado<\/span> \u00e1rabe.<\/p>\n<h6> 2018-04-15 10:36:34 <\/h6>\n<p><!--\n<link rel=\"stylesheet\" href=\"css\/bootstrap.min.css\">\n\n\n<ul class=\"pagination\">\n\t    \n\t\n\n<li >\n\t<a href='?page_no=10585'>Previous<\/a>\n\t<\/li>\n\n\n       \n    \n\n<li><a href='?page_no=1'>1<\/a><\/li>\n\n\n\n<li><a href='?page_no=2'>2<\/a><\/li>\n\n\n\n<li><a>...<\/a><\/li>\n\n\n\n<li><a href='?page_no=10584'>10584<\/a><\/li>\n\n\n\n<li><a href='?page_no=10585'>10585<\/a><\/li>\n\n\n\n<li class='active'><a>10586<\/a><\/li>\n\n\n\n<li><a href='?page_no=10587'>10587<\/a><\/li>\n\n\n\n<li><a href='?page_no=10588'>10588<\/a><\/li>\n\n\n\n<li><a>...<\/a><\/li>\n\n\n\n<li><a href='?page_no=51012'>51012<\/a><\/li>\n\n\n\n<li><a href='?page_no=51013'>51013<\/a><\/li>\n\n    \n\t\n\n<li >\n\t<a href='?page_no=10587'>Next<\/a>\n\t<\/li>\n\n\n    \n\n<li><a href='?page_no=51013'>Last &rsaquo;&rsaquo;<\/a><\/li>\n\n<\/ul>\n\n\n--><br \/>\n<\/body><\/p>\n","protected":false},"excerpt":{"rendered":"<p>JERUSALEN, 15 abr (Xinhua) &#8212; El primer ministro de Israel, Benjamin Netanyahu, reiter\u00f3 hoy el apoyo de Israel al ataque con misiles encabezado por Estados Unidos contra Siria. \u00abIsrael apoya totalmente la decisi\u00f3n del presidente (estadounidense Donald) Trump de actuar contra el uso de armas qu\u00edmicas en Siria, e Israel da la bienvenida a la [&hellip;]<\/p>\n","protected":false},"author":3,"featured_media":0,"comment_status":"open","ping_status":"open","sticky":false,"template":"","format":"standard","meta":{"footnotes":""},"categories":[23],"tags":[],"class_list":["post-230922","post","type-post","status-publish","format-standard","hentry","category-internacional"],"_links":{"self":[{"href":"https:\/\/diariodominicano.com\/index.php?rest_route=\/wp\/v2\/posts\/230922","targetHints":{"allow":["GET"]}}],"collection":[{"href":"https:\/\/diariodominicano.com\/index.php?rest_route=\/wp\/v2\/posts"}],"about":[{"href":"https:\/\/diariodominicano.com\/index.php?rest_route=\/wp\/v2\/types\/post"}],"author":[{"embeddable":true,"href":"https:\/\/diariodominicano.com\/index.php?rest_route=\/wp\/v2\/users\/3"}],"replies":[{"embeddable":true,"href":"https:\/\/diariodominicano.com\/index.php?rest_route=%2Fwp%2Fv2%2Fcomments&post=230922"}],"version-history":[{"count":0,"href":"https:\/\/diariodominicano.com\/index.php?rest_route=\/wp\/v2\/posts\/230922\/revisions"}],"wp:attachment":[{"href":"https:\/\/diariodominicano.com\/index.php?rest_route=%2Fwp%2Fv2%2Fmedia&parent=230922"}],"wp:term":[{"taxonomy":"category","embeddable":true,"href":"https:\/\/diariodominicano.com\/index.php?rest_route=%2Fwp%2Fv2%2Fcategories&post=230922"},{"taxonomy":"post_tag","embeddable":true,"href":"https:\/\/diariodominicano.com\/index.php?rest_route=%2Fwp%2Fv2%2Ftags&post=230922"}],"curies":[{"name":"wp","href":"https:\/\/api.w.org\/{rel}","templated":true}]}}