{"id":230919,"date":"2018-04-15T12:24:36","date_gmt":"2018-04-15T12:24:36","guid":{"rendered":"http:\/\/diariodominicano.ddns.net\/?p=230919"},"modified":"2018-04-15T12:24:36","modified_gmt":"2018-04-15T12:24:36","slug":"la-gran-presa-que-hara-renacer-a-etiopia","status":"publish","type":"post","link":"https:\/\/diariodominicano.com\/?p=230919","title":{"rendered":"La Gran Presa que har\u00e1 renacer a Etiop\u00eda"},"content":{"rendered":"<p><body><\/p>\n<p><span class=\"text1noticias\">Por Richard Ru\u00edz Juli\u00e9n<\/span><\/p>\n<p><span class=\"text1noticias\"> <\/span><\/p>\n<p><span class=\"text1noticias\">Addis Abeba, 15 abr (PL) La Gran Presa del Renacimiento Et\u00edope no es solo un proyecto de infraestructura; tambi\u00e9n se concibi\u00f3 como una declaraci\u00f3n sobre la visi\u00f3n y compromiso de este pa\u00eds con su propio desarrollo, sostuvieron hoy acad\u00e9micos locales.<\/span><\/p>\n<p><span class=\"text1noticias\"> <\/span><\/p>\n<p><span class=\"text1noticias\">El proyecto cumpli\u00f3 siete a\u00f1os del comienzo de su construcci\u00f3n, un acontecimiento que casi pas\u00f3 desapercibido en medio de la cascada de noticias trascendentales acontecidas recientemente.<\/span><\/p>\n<p><span class=\"text1noticias\"> <\/span><\/p>\n<p><span class=\"text1noticias\">Desde la liberaci\u00f3n de miles de detenidos, la renuncia del primer ministro Hailemariam Desalegn, la declaraci\u00f3n de un estado de emergencia, as\u00ed como las intensas deliberaciones posteriores dentro del gobernante Frente Democr\u00e1tico Revolucionario del Pueblo Et\u00edope, que culminaron en la elecci\u00f3n de un nuevo jefe de Gobierno, todo pareci\u00f3 opacar el aniversario del que muchos consideran el mayor plan socioecon\u00f3mico de Etiop\u00eda.<\/span><\/p>\n<p><span class=\"text1noticias\"> <\/span><\/p>\n<p><span class=\"text1noticias\">No obstante, para analistas como J. Peter Pham, del Centro de Estudios Estrat\u00e9gicos de Addis Abeba, no ser\u00eda una exageraci\u00f3n decir que, a medida que se aproxima la terminaci\u00f3n del embalse, su impacto estrat\u00e9gico en toda la regi\u00f3n del noreste de \u00c1frica puede ser mayor que cualquiera de los eventos pol\u00edticos que recientemente llenaron los informativos.<\/span><\/p>\n<p><span class=\"text1noticias\"> <\/span><\/p>\n<p><span class=\"text1noticias\">Pham destac\u00f3 que desde el principio, la construcci\u00f3n no fue financiada por instituciones internacionales ni por pa\u00edses donantes, sino por bonos comprados por los et\u00edopes en el pa\u00eds y en el extranjero.<\/span><\/p>\n<p><span class=\"text1noticias\"> <\/span><\/p>\n<p><span class=\"text1noticias\">El proyecto en s\u00ed mismo es administrado directamente por Ethiopian Electric Power, con la firma de construcci\u00f3n italiana Salini Impregilo y la Metals and Engineering Corporation de Etiop\u00eda, como los dos principales contratistas.<\/span><\/p>\n<p><span class=\"text1noticias\"> <\/span><\/p>\n<p><span class=\"text1noticias\">A su vez, participa como consultora una empresa conjunta franco-italiana, Coyne et Bellier y ELC Electroconsult.<\/span><\/p>\n<p><span class=\"text1noticias\"> <\/span><\/p>\n<p><span class=\"text1noticias\">En tanto, de las aproximadamente nueve mil personas que trabajan en las obras, solo unas 250 son expatriadas, pues la mayor\u00eda de los empleados son et\u00edopes.<\/span><\/p>\n<p><span class=\"text1noticias\"> <\/span><\/p>\n<p><span class=\"text1noticias\">La presa es, a consideraci\u00f3n de expertos, una haza\u00f1a de ingenier\u00eda, que abarca el Nilo azul a partir de una estructura de hormig\u00f3n compactado de mil 870 metros de ancho que, junto con una presa de silleta adicional de cinco mil 200 metros, contendr\u00e1 finalmente un embalse de mil 874 kil\u00f3metros cuadrados.<\/span><\/p>\n<p><span class=\"text1noticias\"> <\/span><\/p>\n<p><span class=\"text1noticias\">Las dos centrales el\u00e9ctricas exteriores est\u00e1n equipadas con 16 unidades de generaci\u00f3n de energ\u00eda, para una capacidad instalada de seis mil 50 megavatios, lo cual le convertir\u00e1 en el mayor productor de energ\u00eda el\u00e9ctrica de \u00c1frica y el s\u00e9ptimo m\u00e1s grande del mundo.<\/span><\/p>\n<p><span class=\"text1noticias\"> <\/span><\/p>\n<p><span class=\"text1noticias\">Tiene el potencial de acelerar la transformaci\u00f3n de Etiop\u00eda de una econom\u00eda mayormente agr\u00edcola a una potencia industrial, subray\u00f3 Yibra Mehari, vicepresidente del Centro de An\u00e1lisis para \u00c1frica de la Universidad de Addis.<\/span><\/p>\n<p><span class=\"text1noticias\"> <\/span><\/p>\n<p><span class=\"text1noticias\">Adem\u00e1s, tendr\u00e1 efectos secundarios que benefician a la regi\u00f3n en general; las extensas l\u00edneas de transmisi\u00f3n, muchas de las cuales ya est\u00e1n en funcionamiento, conectan a Etiop\u00eda con Sud\u00e1n, Djibouti y Kenya.<\/span><\/p>\n<p><span class=\"text1noticias\"> <\/span><\/p>\n<p><span class=\"text1noticias\">M\u00e1s all\u00e1 de los temores de Egipto de que se afecte su cuota de agua, Etiop\u00eda estar\u00e1 en condiciones de satisfacer una gran parte de las necesidades energ\u00e9ticas del \u00c1frica subsahariana y el norte de \u00c1frica a trav\u00e9s de electricidad barata y limpiamente generada, manifest\u00f3 Mehari.<\/span><\/p>\n<p><span class=\"text1noticias\"> <\/span><\/p>\n<p><span class=\"text1noticias\">El desaf\u00edo, se\u00f1alaron los especialistas, ser\u00e1 navegar entre el aparente conflicto de intereses de dos de los estados m\u00e1s antiguos y pujantes del continente y llegar a una soluci\u00f3n en la que todos s<\/span>algan ganando.<\/p>\n<h6> 2018-04-15 12:24:36 <\/h6>\n<p><!--\n<link rel=\"stylesheet\" href=\"css\/bootstrap.min.css\">\n\n\n<ul class=\"pagination\">\n\t    \n\t\n\n<li >\n\t<a href='?page_no=10582'>Previous<\/a>\n\t<\/li>\n\n\n       \n    \n\n<li><a href='?page_no=1'>1<\/a><\/li>\n\n\n\n<li><a href='?page_no=2'>2<\/a><\/li>\n\n\n\n<li><a>...<\/a><\/li>\n\n\n\n<li><a href='?page_no=10581'>10581<\/a><\/li>\n\n\n\n<li><a href='?page_no=10582'>10582<\/a><\/li>\n\n\n\n<li class='active'><a>10583<\/a><\/li>\n\n\n\n<li><a href='?page_no=10584'>10584<\/a><\/li>\n\n\n\n<li><a href='?page_no=10585'>10585<\/a><\/li>\n\n\n\n<li><a>...<\/a><\/li>\n\n\n\n<li><a href='?page_no=51012'>51012<\/a><\/li>\n\n\n\n<li><a href='?page_no=51013'>51013<\/a><\/li>\n\n    \n\t\n\n<li >\n\t<a href='?page_no=10584'>Next<\/a>\n\t<\/li>\n\n\n    \n\n<li><a href='?page_no=51013'>Last &rsaquo;&rsaquo;<\/a><\/li>\n\n<\/ul>\n\n\n--><br \/>\n<\/body><\/p>\n","protected":false},"excerpt":{"rendered":"<p>Por Richard Ru\u00edz Juli\u00e9n Addis Abeba, 15 abr (PL) La Gran Presa del Renacimiento Et\u00edope no es solo un proyecto de infraestructura; tambi\u00e9n se concibi\u00f3 como una declaraci\u00f3n sobre la visi\u00f3n y compromiso de este pa\u00eds con su propio desarrollo, sostuvieron hoy acad\u00e9micos locales. El proyecto cumpli\u00f3 siete a\u00f1os del comienzo de su construcci\u00f3n, un [&hellip;]<\/p>\n","protected":false},"author":3,"featured_media":0,"comment_status":"open","ping_status":"open","sticky":false,"template":"","format":"standard","meta":{"footnotes":""},"categories":[23],"tags":[],"class_list":["post-230919","post","type-post","status-publish","format-standard","hentry","category-internacional"],"_links":{"self":[{"href":"https:\/\/diariodominicano.com\/index.php?rest_route=\/wp\/v2\/posts\/230919","targetHints":{"allow":["GET"]}}],"collection":[{"href":"https:\/\/diariodominicano.com\/index.php?rest_route=\/wp\/v2\/posts"}],"about":[{"href":"https:\/\/diariodominicano.com\/index.php?rest_route=\/wp\/v2\/types\/post"}],"author":[{"embeddable":true,"href":"https:\/\/diariodominicano.com\/index.php?rest_route=\/wp\/v2\/users\/3"}],"replies":[{"embeddable":true,"href":"https:\/\/diariodominicano.com\/index.php?rest_route=%2Fwp%2Fv2%2Fcomments&post=230919"}],"version-history":[{"count":0,"href":"https:\/\/diariodominicano.com\/index.php?rest_route=\/wp\/v2\/posts\/230919\/revisions"}],"wp:attachment":[{"href":"https:\/\/diariodominicano.com\/index.php?rest_route=%2Fwp%2Fv2%2Fmedia&parent=230919"}],"wp:term":[{"taxonomy":"category","embeddable":true,"href":"https:\/\/diariodominicano.com\/index.php?rest_route=%2Fwp%2Fv2%2Fcategories&post=230919"},{"taxonomy":"post_tag","embeddable":true,"href":"https:\/\/diariodominicano.com\/index.php?rest_route=%2Fwp%2Fv2%2Ftags&post=230919"}],"curies":[{"name":"wp","href":"https:\/\/api.w.org\/{rel}","templated":true}]}}