{"id":230918,"date":"2018-04-15T14:00:56","date_gmt":"2018-04-15T14:00:56","guid":{"rendered":"http:\/\/diariodominicano.ddns.net\/?p=230918"},"modified":"2018-04-15T14:00:56","modified_gmt":"2018-04-15T14:00:56","slug":"colombia-pone-equipo-forense-a-disposicion-de-ecuador","status":"publish","type":"post","link":"https:\/\/diariodominicano.com\/?p=230918","title":{"rendered":"Colombia pone equipo forense a disposici\u00f3n de Ecuador"},"content":{"rendered":"<p><body><\/p>\n<p><img decoding=\"async\" src=\"img3\/1desaparecidos-en-Ecuador.jpg\" \/>  <\/p>\n<p><strong> Bogot\u00e1, 15 abr (PL)<\/strong> Las autoridades colombianas pusieron a disposici\u00f3n de Ecuador un equipo de expertos en Medicina Legal para el trabajo posterior al encuentro de los cuerpos de los comunicadores asesinados.<\/p>\n<\/p>\n<p>As\u00ed lo dieron a conocer el vicepresidente de la Rep\u00fablica, general Oscar Naranjo y el director de Medicina Legal, Carlos Vald\u00e9s, quienes viajaron a la localidad de Tumaco, departamento de Nari\u00f1o, fronteriza con Ecuador.<\/p>\n<\/p>\n<p>El equipo forense estar\u00e1 disponible sin importar de qu\u00e9 lado de la frontera se hallen los cad\u00e1veres. Colombia tiene todas las capacidades y apoyaremos ese proceso, declar\u00f3 el vicemandatario del pa\u00eds a Blu Radio de Colombia.<\/p>\n<\/p>\n<p>Mientras, trascendi\u00f3 que el Comit\u00e9 Internacional de la Cruz Roja ya hace presencia en Tumaco, Colombia, y en Esmeraldas, Ecuador.<\/p>\n<\/p>\n<p>La comisi\u00f3n de la Cruz Roja en territorio colombiano est\u00e1 integrada por cinco funcionarios de otros pa\u00edses, quienes tratar\u00edan de hacer contacto con el frente Oliver Sinisterra, al que se le atribuye el crimen de los tres trabajadores del diario ecuatoriano El Comercio.<\/p>\n<\/p>\n<p><strong>mem\/tpa<\/strong><\/p>\n<h6> 2018-04-15 14:00:56 <\/h6>\n<p><!--\n<link rel=\"stylesheet\" href=\"css\/bootstrap.min.css\">\n\n\n<ul class=\"pagination\">\n\t    \n\t\n\n<li >\n\t<a href='?page_no=10581'>Previous<\/a>\n\t<\/li>\n\n\n       \n    \n\n<li><a href='?page_no=1'>1<\/a><\/li>\n\n\n\n<li><a href='?page_no=2'>2<\/a><\/li>\n\n\n\n<li><a>...<\/a><\/li>\n\n\n\n<li><a href='?page_no=10580'>10580<\/a><\/li>\n\n\n\n<li><a href='?page_no=10581'>10581<\/a><\/li>\n\n\n\n<li class='active'><a>10582<\/a><\/li>\n\n\n\n<li><a href='?page_no=10583'>10583<\/a><\/li>\n\n\n\n<li><a href='?page_no=10584'>10584<\/a><\/li>\n\n\n\n<li><a>...<\/a><\/li>\n\n\n\n<li><a href='?page_no=51012'>51012<\/a><\/li>\n\n\n\n<li><a href='?page_no=51013'>51013<\/a><\/li>\n\n    \n\t\n\n<li >\n\t<a href='?page_no=10583'>Next<\/a>\n\t<\/li>\n\n\n    \n\n<li><a href='?page_no=51013'>Last &rsaquo;&rsaquo;<\/a><\/li>\n\n<\/ul>\n\n\n--><br \/>\n<\/body><\/p>\n","protected":false},"excerpt":{"rendered":"<p>Bogot\u00e1, 15 abr (PL) Las autoridades colombianas pusieron a disposici\u00f3n de Ecuador un equipo de expertos en Medicina Legal para el trabajo posterior al encuentro de los cuerpos de los comunicadores asesinados. As\u00ed lo dieron a conocer el vicepresidente de la Rep\u00fablica, general Oscar Naranjo y el director de Medicina Legal, Carlos Vald\u00e9s, quienes viajaron [&hellip;]<\/p>\n","protected":false},"author":3,"featured_media":0,"comment_status":"open","ping_status":"open","sticky":false,"template":"","format":"standard","meta":{"footnotes":""},"categories":[23],"tags":[],"class_list":["post-230918","post","type-post","status-publish","format-standard","hentry","category-internacional"],"_links":{"self":[{"href":"https:\/\/diariodominicano.com\/index.php?rest_route=\/wp\/v2\/posts\/230918","targetHints":{"allow":["GET"]}}],"collection":[{"href":"https:\/\/diariodominicano.com\/index.php?rest_route=\/wp\/v2\/posts"}],"about":[{"href":"https:\/\/diariodominicano.com\/index.php?rest_route=\/wp\/v2\/types\/post"}],"author":[{"embeddable":true,"href":"https:\/\/diariodominicano.com\/index.php?rest_route=\/wp\/v2\/users\/3"}],"replies":[{"embeddable":true,"href":"https:\/\/diariodominicano.com\/index.php?rest_route=%2Fwp%2Fv2%2Fcomments&post=230918"}],"version-history":[{"count":0,"href":"https:\/\/diariodominicano.com\/index.php?rest_route=\/wp\/v2\/posts\/230918\/revisions"}],"wp:attachment":[{"href":"https:\/\/diariodominicano.com\/index.php?rest_route=%2Fwp%2Fv2%2Fmedia&parent=230918"}],"wp:term":[{"taxonomy":"category","embeddable":true,"href":"https:\/\/diariodominicano.com\/index.php?rest_route=%2Fwp%2Fv2%2Fcategories&post=230918"},{"taxonomy":"post_tag","embeddable":true,"href":"https:\/\/diariodominicano.com\/index.php?rest_route=%2Fwp%2Fv2%2Ftags&post=230918"}],"curies":[{"name":"wp","href":"https:\/\/api.w.org\/{rel}","templated":true}]}}