{"id":230917,"date":"2018-04-15T14:06:27","date_gmt":"2018-04-15T14:06:27","guid":{"rendered":"http:\/\/diariodominicano.ddns.net\/?p=230917"},"modified":"2018-04-15T14:06:27","modified_gmt":"2018-04-15T14:06:27","slug":"gran-marcha-en-barcelona-por-libertad-de-presos-independentistas","status":"publish","type":"post","link":"https:\/\/diariodominicano.com\/?p=230917","title":{"rendered":"Gran marcha en Barcelona por libertad de presos independentistas"},"content":{"rendered":"<p><body><\/p>\n<p><img decoding=\"async\" src=\"img3\/0Barcelona.jpg\" \/>  <\/p>\n<p><strong> Madrid, 15 abr (PL)<\/strong> Una multitudinaria marcha recorri\u00f3 hoy el centro de Barcelona para exigir la excarcelaci\u00f3n de nueve dirigentes secesionistas presos, acusados de rebeli\u00f3n por la justicia espa\u00f1ola, y favor de una salida pol\u00edtica al conflicto en Catalu\u00f1a.<\/p>\n<\/p>\n<p>Bajo el lema Por los derechos y las libertades, por la democracia y la cohesi\u00f3n, \u00c2\u00edos queremos en casa!, la protesta pac\u00edfica fue convocada por la Mesa para la Democracia y la Convivencia, que aglutina a entidades pol\u00edticas, sindicales, sociales, deportivas y culturales.<\/p>\n<\/p>\n<p>Adem\u00e1s de la libertad de los separatistas en prisi\u00f3n preventiva, los manifestantes -unos 300 mil seg\u00fan la Guardia Urbana barcelonesa- reclamaron el regreso de los siete l\u00edderes separatistas exiliados en otros pa\u00edses europeos.<\/p>\n<\/p>\n<p>El Tribunal Supremo de Espa\u00f1a los proces\u00f3 por los delitos de rebeli\u00f3n y\/o malversaci\u00f3n de fondos p\u00fablicos por su papel en la celebraci\u00f3n de un referendo de autodeterminaci\u00f3n, que desemboc\u00f3 en una declaraci\u00f3n unilateral de independencia el pasado 27 de octubre.<\/p>\n<\/p>\n<p>A la convocatoria de la manifestaci\u00f3n de este domingo se sumaron, por primera vez desde el estallido de la peor crisis institucional en este pa\u00eds europeo, Comisiones Obreras (CC.OO.) y la Uni\u00f3n General de Trabajadores (UGT), los dos principales sindicatos espa\u00f1oles.<\/p>\n<\/p>\n<p>Las secciones catalanas de CC.OO. y UGT defendieron su asistencia a la movilizaci\u00f3n, tras considerar que el grave diferendo en la rica comunidad aut\u00f3noma de 7,5 millones de habitantes debe ser resuelto mediante el di\u00e1logo y la pol\u00edtica y no en los tribunales.<\/p>\n<\/p>\n<p>No es el momento de juicios ni de detenciones, sino de tender puentes y de buscar una soluci\u00f3n, afirm\u00f3 el secretario general de la UGT de Catalu\u00f1a, Camil Ros.<\/p>\n<\/p>\n<p>El sindicalista deplor\u00f3 tanto la v\u00eda unilateral, en clara alusi\u00f3n al secesionismo, como la actitud del gobierno central de Mariano Rajoy, que en octubre asumi\u00f3 el control de las instituciones regionales, al amparo del art\u00edculo 155 de la Constituci\u00f3n espa\u00f1ola.<\/p>\n<\/p>\n<p>En virtud de ese pol\u00e9mico precepto constitucional -nunca antes utilizado en casi cuatro d\u00e9cadas de democracia-, Rajoy destituy\u00f3 al ejecutivo de Carles Puigdemont, disolvi\u00f3 el parlamento auton\u00f3mico y convoc\u00f3 a elecciones para contener el desaf\u00edo secesionista.<\/p>\n<\/p>\n<p>Sin embargo, en esos comicios, celebrados el 21 de diciembre, los tres partidos soberanistas revalidaron su mayor\u00eda en la c\u00e1mara catalana, aunque la legislatura a\u00fan no comenz\u00f3 luego de cuatro intentos fallidos de investir a un nuevo presidente.<\/p>\n<\/p>\n<p>Al grito de Libertad presos pol\u00edticos, una de las consignas m\u00e1s repetidas por los participantes, la marcha fue secundada por representantes de Junts per Catalunya y Esquerra Republicana, las dos mayores agrupaciones partidarias de la ruptura con Espa\u00f1a.<\/p>\n<\/p>\n<p>Tambi\u00e9n se unieron dirigentes de la coalici\u00f3n de izquierda Catalunya en Com\u00fa-Podem, contraria a la independencia, pero a favor del derecho a decidir de los catalanes.<\/p>\n<\/p>\n<p>A juicio del l\u00edder de Catalunya en Com\u00fa-Podem, Xavier Dom\u00e9nech, la &#8216;movilizaci\u00f3n transversal&#8217; de este domingo en la capital catalana es el camino para recuperar los derechos y libertades, que se est\u00e1n perdiendo, denunci\u00f3, por la regresi\u00f3n democr\u00e1tica del Estado espa\u00f1ol.<\/p>\n<\/p>\n<p>mem\/edu<\/p>\n<h6> 2018-04-15 14:06:27 <\/h6>\n<p><!--\n<link rel=\"stylesheet\" href=\"css\/bootstrap.min.css\">\n\n\n<ul class=\"pagination\">\n\t    \n\t\n\n<li >\n\t<a href='?page_no=10580'>Previous<\/a>\n\t<\/li>\n\n\n       \n    \n\n<li><a href='?page_no=1'>1<\/a><\/li>\n\n\n\n<li><a href='?page_no=2'>2<\/a><\/li>\n\n\n\n<li><a>...<\/a><\/li>\n\n\n\n<li><a href='?page_no=10579'>10579<\/a><\/li>\n\n\n\n<li><a href='?page_no=10580'>10580<\/a><\/li>\n\n\n\n<li class='active'><a>10581<\/a><\/li>\n\n\n\n<li><a href='?page_no=10582'>10582<\/a><\/li>\n\n\n\n<li><a href='?page_no=10583'>10583<\/a><\/li>\n\n\n\n<li><a>...<\/a><\/li>\n\n\n\n<li><a href='?page_no=51012'>51012<\/a><\/li>\n\n\n\n<li><a href='?page_no=51013'>51013<\/a><\/li>\n\n    \n\t\n\n<li >\n\t<a href='?page_no=10582'>Next<\/a>\n\t<\/li>\n\n\n    \n\n<li><a href='?page_no=51013'>Last &rsaquo;&rsaquo;<\/a><\/li>\n\n<\/ul>\n\n\n--><br \/>\n<\/body><\/p>\n","protected":false},"excerpt":{"rendered":"<p>Madrid, 15 abr (PL) Una multitudinaria marcha recorri\u00f3 hoy el centro de Barcelona para exigir la excarcelaci\u00f3n de nueve dirigentes secesionistas presos, acusados de rebeli\u00f3n por la justicia espa\u00f1ola, y favor de una salida pol\u00edtica al conflicto en Catalu\u00f1a. Bajo el lema Por los derechos y las libertades, por la democracia y la cohesi\u00f3n, \u00c2\u00edos [&hellip;]<\/p>\n","protected":false},"author":3,"featured_media":0,"comment_status":"open","ping_status":"open","sticky":false,"template":"","format":"standard","meta":{"footnotes":""},"categories":[23],"tags":[],"class_list":["post-230917","post","type-post","status-publish","format-standard","hentry","category-internacional"],"_links":{"self":[{"href":"https:\/\/diariodominicano.com\/index.php?rest_route=\/wp\/v2\/posts\/230917","targetHints":{"allow":["GET"]}}],"collection":[{"href":"https:\/\/diariodominicano.com\/index.php?rest_route=\/wp\/v2\/posts"}],"about":[{"href":"https:\/\/diariodominicano.com\/index.php?rest_route=\/wp\/v2\/types\/post"}],"author":[{"embeddable":true,"href":"https:\/\/diariodominicano.com\/index.php?rest_route=\/wp\/v2\/users\/3"}],"replies":[{"embeddable":true,"href":"https:\/\/diariodominicano.com\/index.php?rest_route=%2Fwp%2Fv2%2Fcomments&post=230917"}],"version-history":[{"count":0,"href":"https:\/\/diariodominicano.com\/index.php?rest_route=\/wp\/v2\/posts\/230917\/revisions"}],"wp:attachment":[{"href":"https:\/\/diariodominicano.com\/index.php?rest_route=%2Fwp%2Fv2%2Fmedia&parent=230917"}],"wp:term":[{"taxonomy":"category","embeddable":true,"href":"https:\/\/diariodominicano.com\/index.php?rest_route=%2Fwp%2Fv2%2Fcategories&post=230917"},{"taxonomy":"post_tag","embeddable":true,"href":"https:\/\/diariodominicano.com\/index.php?rest_route=%2Fwp%2Fv2%2Ftags&post=230917"}],"curies":[{"name":"wp","href":"https:\/\/api.w.org\/{rel}","templated":true}]}}