{"id":230916,"date":"2018-04-15T22:23:40","date_gmt":"2018-04-15T22:23:40","guid":{"rendered":"http:\/\/diariodominicano.ddns.net\/?p=230916"},"modified":"2018-04-15T22:23:40","modified_gmt":"2018-04-15T22:23:40","slug":"vehiculos-emergencias-nyc-con-dificultad-moverse-calle-dyckman-alto-manhattan","status":"publish","type":"post","link":"https:\/\/diariodominicano.com\/?p=230916","title":{"rendered":"Veh\u00edculos emergencias NYC con dificultad moverse calle Dyckman Alto Manhattan"},"content":{"rendered":"<p><body><\/p>\n<p><img decoding=\"async\" src=\"img3\/emergen000.jpg\" \/>  <\/p>\n<p><strong>Por Ram\u00f3n Mercedes<\/strong><\/p>\n<\/p>\n<p><strong>NUEVA YORK, 16 de abril de 2018<\/strong>.- La concurrida y transitada calle de Dyckman, hoy convertida en un \u00abcallej\u00f3n\u00bb con el proyecto de instalar cientos de bicicletas para uso de los ciudadanos, le est\u00e1 ocasionando serios problemas a los veh\u00edculos de emergencias de la ciudad (polic\u00edas, bomberos y ambulancias) cuando tienen que acudir a una emergencia por el \u00e1rea, afirm\u00f3 el congresista Adriano Espaillat.<\/p>\n<\/p>\n<p>Durante un reciente f\u00f3rum con la participaci\u00f3n de m\u00e1s de medio centenar de l\u00edderes comunitarios y propietarios de negocios ubicados en dicha v\u00eda, Espaillat les explic\u00f3 que polic\u00edas le han dicho personalmente que tienen que entrar por calles laterales cuando hay una emergencia, extendiendo el tiempo que les permite llegar al sitio se\u00f1alado, a lo mejor para salvar una vida.<\/p>\n<\/p>\n<p>Lo mismo han hecho los bomberos ubicados en la avenida Vermylea, quienes le entregaron una carta dici\u00e9ndole que este congestionamiento vehicular en la mencionada calle es un peligro, y as\u00ed la Comisionada de Transporte de la ciudad, Polly Trottenberg, indica que de que debemos protegerla para ella actuar, no, sentenci\u00f3 el congresista, quien estaba acompa\u00f1ado de la presidente del condado de Manhattan, Gale Brewer.<\/p>\n<\/p>\n<p> A\u00f1adi\u00f3 \u00abvamos a darle la oportunidad a la Junta Comunal 12, para que decida esto, porque ya ellos saben y conocen que los veh\u00edculos de emergencias cuando acuden auxiliar a una persona y tienen que transitar por la calle Dyckman se ven atrapados hasta por 10 y 15 minutos, tiempo demasiado largo para socorrer una v\u00edctima y salvarla posiblemente de la muerte.<\/p>\n<\/p>\n<p>Igual inconveniente presentan los taxistas y veh\u00edculos privados, entre otros, debido a que los carriles de estacionamientos en dicha calle fueron mudados a compartir con el centro de la v\u00eda para dejar las orillas y \u00abestablecer las bicicletas\u00bb, especific\u00f3 Espaillat.<\/p>\n<\/p>\n<p>El concejal por el sector, el dominicano, Ydanis Rodr\u00edguez, es quien ha propuesto y apoyado la instalaci\u00f3n de dichas bicicletas y estrechar la v\u00eda.<\/p>\n<\/p>\n<h6> 2018-04-15 22:23:40 <\/h6>\n<p><!--\n<link rel=\"stylesheet\" href=\"css\/bootstrap.min.css\">\n\n\n<ul class=\"pagination\">\n\t    \n\t\n\n<li >\n\t<a href='?page_no=10579'>Previous<\/a>\n\t<\/li>\n\n\n       \n    \n\n<li><a href='?page_no=1'>1<\/a><\/li>\n\n\n\n<li><a href='?page_no=2'>2<\/a><\/li>\n\n\n\n<li><a>...<\/a><\/li>\n\n\n\n<li><a href='?page_no=10578'>10578<\/a><\/li>\n\n\n\n<li><a href='?page_no=10579'>10579<\/a><\/li>\n\n\n\n<li class='active'><a>10580<\/a><\/li>\n\n\n\n<li><a href='?page_no=10581'>10581<\/a><\/li>\n\n\n\n<li><a href='?page_no=10582'>10582<\/a><\/li>\n\n\n\n<li><a>...<\/a><\/li>\n\n\n\n<li><a href='?page_no=51012'>51012<\/a><\/li>\n\n\n\n<li><a href='?page_no=51013'>51013<\/a><\/li>\n\n    \n\t\n\n<li >\n\t<a href='?page_no=10581'>Next<\/a>\n\t<\/li>\n\n\n    \n\n<li><a href='?page_no=51013'>Last &rsaquo;&rsaquo;<\/a><\/li>\n\n<\/ul>\n\n\n--><br \/>\n<\/body><\/p>\n","protected":false},"excerpt":{"rendered":"<p>Por Ram\u00f3n Mercedes NUEVA YORK, 16 de abril de 2018.- La concurrida y transitada calle de Dyckman, hoy convertida en un \u00abcallej\u00f3n\u00bb con el proyecto de instalar cientos de bicicletas para uso de los ciudadanos, le est\u00e1 ocasionando serios problemas a los veh\u00edculos de emergencias de la ciudad (polic\u00edas, bomberos y ambulancias) cuando tienen que [&hellip;]<\/p>\n","protected":false},"author":3,"featured_media":0,"comment_status":"open","ping_status":"open","sticky":false,"template":"","format":"standard","meta":{"footnotes":""},"categories":[23],"tags":[],"class_list":["post-230916","post","type-post","status-publish","format-standard","hentry","category-internacional"],"_links":{"self":[{"href":"https:\/\/diariodominicano.com\/index.php?rest_route=\/wp\/v2\/posts\/230916","targetHints":{"allow":["GET"]}}],"collection":[{"href":"https:\/\/diariodominicano.com\/index.php?rest_route=\/wp\/v2\/posts"}],"about":[{"href":"https:\/\/diariodominicano.com\/index.php?rest_route=\/wp\/v2\/types\/post"}],"author":[{"embeddable":true,"href":"https:\/\/diariodominicano.com\/index.php?rest_route=\/wp\/v2\/users\/3"}],"replies":[{"embeddable":true,"href":"https:\/\/diariodominicano.com\/index.php?rest_route=%2Fwp%2Fv2%2Fcomments&post=230916"}],"version-history":[{"count":0,"href":"https:\/\/diariodominicano.com\/index.php?rest_route=\/wp\/v2\/posts\/230916\/revisions"}],"wp:attachment":[{"href":"https:\/\/diariodominicano.com\/index.php?rest_route=%2Fwp%2Fv2%2Fmedia&parent=230916"}],"wp:term":[{"taxonomy":"category","embeddable":true,"href":"https:\/\/diariodominicano.com\/index.php?rest_route=%2Fwp%2Fv2%2Fcategories&post=230916"},{"taxonomy":"post_tag","embeddable":true,"href":"https:\/\/diariodominicano.com\/index.php?rest_route=%2Fwp%2Fv2%2Ftags&post=230916"}],"curies":[{"name":"wp","href":"https:\/\/api.w.org\/{rel}","templated":true}]}}