{"id":230914,"date":"2018-04-16T07:37:21","date_gmt":"2018-04-16T07:37:21","guid":{"rendered":"http:\/\/diariodominicano.ddns.net\/?p=230914"},"modified":"2018-04-16T07:37:21","modified_gmt":"2018-04-16T07:37:21","slug":"nuevo-asesor-de-seguridad-nacional-del-vicepresidente-pence-dimite-tras-drama-trump","status":"publish","type":"post","link":"https:\/\/diariodominicano.com\/?p=230914","title":{"rendered":"Nuevo asesor de seguridad nacional del vicepresidente Pence dimite tras drama Trump"},"content":{"rendered":"<p><body><\/p>\n<p><img decoding=\"async\" src=\"img3\/jon-lerner16.jpg\" \/>  <\/p>\n<p><span class=\"text1noticias\">     WASHINGTON, 16 abr (Xinhua) &#8212; Un nuevo asesor de seguridad nacional del vicepresidente de Estados Unidos, Mike Pence, dimiti\u00f3 el domingo, dos d\u00edas despu\u00e9s de que se anunciara su nombre para el puesto, en el punto \u00e1lgido de un drama sobre el nombramiento de funcionarios del gobierno del presidente estadounidense, Donald Trump.<\/span><\/p>\n<p><span class=\"text1noticias\"> <\/span><\/p>\n<p><span class=\"text1noticias\">     La dimisi\u00f3n de Jon Lerner, un veterano estratega, le convierte en uno de los empleados de m\u00e1s corta duraci\u00f3n de la Casa Blanca, que ya ha visto mucho movimiento de personal en la actual administraci\u00f3n.<\/span><\/p>\n<p><span class=\"text1noticias\"> <\/span><\/p>\n<p><span class=\"text1noticias\">     La oficina de Pence anunci\u00f3 el viernes que Lerner, un destacado asesor de la embajadora estadounidense ante la ONU, Nikki Haley, se convertir\u00eda en el m\u00e1ximo asesor de Pence en asuntos de pol\u00edtica exterior. Sin embargo, la noche del domingo, la misma oficina emiti\u00f3 un segundo comunicado, diciendo que Lerner se hab\u00eda retirado del equipo del vicepresidente.<\/span><\/p>\n<p><span class=\"text1noticias\"> <\/span><\/p>\n<p><span class=\"text1noticias\">     \u00abEsta noche Jon inform\u00f3 al vicepresidente de su decisi\u00f3n de retirarse del puesto de asesor de seguridad nacional, y el vicepresidente la acept\u00f3\u00bb, de acuerdo con los medios estadounidense citando a Alyssa Farah, secretaria de prensa de Pence.<\/span><\/p>\n<p><span class=\"text1noticias\"> <\/span><\/p>\n<p><span class=\"text1noticias\">     \u00abEl vicepresidente Pence tiene en alta estima a Jon Lerner y ha expresado su sincera gratitud por la disposici\u00f3n de Jon de considerar unirse a nuestro equipo\u00bb, dijo Farah.<\/span><\/p>\n<p><span class=\"text1noticias\"> <\/span><\/p>\n<p><span class=\"text1noticias\">     Las informaciones disponibles apuntan a que Trump no estaba contento con la designaci\u00f3n por dos motivos. Primero, porque Lerner hab\u00eda apoyado al senador republicano Marco Rubio en las primarias para elegir al candidato presidencial del partido antes de las elecciones generales de 2016, y segundo, porque Lerner podr\u00eda estar vinculado a los amplios esfuerzos de investigaci\u00f3n de la oposici\u00f3n en su contra.<\/span><\/p>\n<p><span class=\"text1noticias\"> <\/span><\/p>\n<p><span class=\"text1noticias\">     Trump y Pence hablaron sobre Lerner por tel\u00e9fono el viernes, seg\u00fan informaciones.<\/span><\/p>\n<p><span class=\"text1noticias\"> <\/span><\/p>\n<p><span class=\"text1noticias\">     El domingo, el portal digital estadounidense Axios inform\u00f3 de que Trump hab\u00eda intentado impedir que Pence nombrara a Lerner, debido a sus puntos de vista contrarios a Trump, haciendo el drama p\u00fablico.<\/span><\/p>\n<p><span class=\"text1noticias\"> <\/span><\/p>\n<p><span class=\"text1noticias\">     Lerner, despu\u00e9s, se ofreci\u00f3 a retirarse para \u00abminimizar el conflicto y el drama interno\u00bb, seg\u00fan los medios, y continuar\u00e1 trabajando como asesor d<\/span>e Haley.<\/p>\n<h6> 2018-04-16 07:37:21 <\/h6>\n<p><!--\n<link rel=\"stylesheet\" href=\"css\/bootstrap.min.css\">\n\n\n<ul class=\"pagination\">\n\t    \n\t\n\n<li >\n\t<a href='?page_no=10578'>Previous<\/a>\n\t<\/li>\n\n\n       \n    \n\n<li><a href='?page_no=1'>1<\/a><\/li>\n\n\n\n<li><a href='?page_no=2'>2<\/a><\/li>\n\n\n\n<li><a>...<\/a><\/li>\n\n\n\n<li><a href='?page_no=10577'>10577<\/a><\/li>\n\n\n\n<li><a href='?page_no=10578'>10578<\/a><\/li>\n\n\n\n<li class='active'><a>10579<\/a><\/li>\n\n\n\n<li><a href='?page_no=10580'>10580<\/a><\/li>\n\n\n\n<li><a href='?page_no=10581'>10581<\/a><\/li>\n\n\n\n<li><a>...<\/a><\/li>\n\n\n\n<li><a href='?page_no=51012'>51012<\/a><\/li>\n\n\n\n<li><a href='?page_no=51013'>51013<\/a><\/li>\n\n    \n\t\n\n<li >\n\t<a href='?page_no=10580'>Next<\/a>\n\t<\/li>\n\n\n    \n\n<li><a href='?page_no=51013'>Last &rsaquo;&rsaquo;<\/a><\/li>\n\n<\/ul>\n\n\n--><br \/>\n<\/body><\/p>\n","protected":false},"excerpt":{"rendered":"<p>WASHINGTON, 16 abr (Xinhua) &#8212; Un nuevo asesor de seguridad nacional del vicepresidente de Estados Unidos, Mike Pence, dimiti\u00f3 el domingo, dos d\u00edas despu\u00e9s de que se anunciara su nombre para el puesto, en el punto \u00e1lgido de un drama sobre el nombramiento de funcionarios del gobierno del presidente estadounidense, Donald Trump. La dimisi\u00f3n de [&hellip;]<\/p>\n","protected":false},"author":3,"featured_media":0,"comment_status":"open","ping_status":"open","sticky":false,"template":"","format":"standard","meta":{"footnotes":""},"categories":[23],"tags":[],"class_list":["post-230914","post","type-post","status-publish","format-standard","hentry","category-internacional"],"_links":{"self":[{"href":"https:\/\/diariodominicano.com\/index.php?rest_route=\/wp\/v2\/posts\/230914","targetHints":{"allow":["GET"]}}],"collection":[{"href":"https:\/\/diariodominicano.com\/index.php?rest_route=\/wp\/v2\/posts"}],"about":[{"href":"https:\/\/diariodominicano.com\/index.php?rest_route=\/wp\/v2\/types\/post"}],"author":[{"embeddable":true,"href":"https:\/\/diariodominicano.com\/index.php?rest_route=\/wp\/v2\/users\/3"}],"replies":[{"embeddable":true,"href":"https:\/\/diariodominicano.com\/index.php?rest_route=%2Fwp%2Fv2%2Fcomments&post=230914"}],"version-history":[{"count":0,"href":"https:\/\/diariodominicano.com\/index.php?rest_route=\/wp\/v2\/posts\/230914\/revisions"}],"wp:attachment":[{"href":"https:\/\/diariodominicano.com\/index.php?rest_route=%2Fwp%2Fv2%2Fmedia&parent=230914"}],"wp:term":[{"taxonomy":"category","embeddable":true,"href":"https:\/\/diariodominicano.com\/index.php?rest_route=%2Fwp%2Fv2%2Fcategories&post=230914"},{"taxonomy":"post_tag","embeddable":true,"href":"https:\/\/diariodominicano.com\/index.php?rest_route=%2Fwp%2Fv2%2Ftags&post=230914"}],"curies":[{"name":"wp","href":"https:\/\/api.w.org\/{rel}","templated":true}]}}