{"id":230911,"date":"2018-04-16T10:56:50","date_gmt":"2018-04-16T10:56:50","guid":{"rendered":"http:\/\/diariodominicano.ddns.net\/?p=230911"},"modified":"2018-04-16T10:56:50","modified_gmt":"2018-04-16T10:56:50","slug":"cuba-adelanta-sesion-parlamentaria-que-decidira-sucesor-de-raul-castro-2","status":"publish","type":"post","link":"https:\/\/diariodominicano.com\/?p=230911","title":{"rendered":"Cuba adelanta sesi\u00f3n parlamentaria que decidir\u00e1 sucesor de Ra\u00fal Castro"},"content":{"rendered":"<p><body><\/p>\n<p><img decoding=\"async\" src=\"img3\/raul-diaz-canel16.jpg\" \/>  <\/p>\n<p><span class=\"text1noticias\">     LA HABANA, 16 abr (Xinhua) &#8212; El Consejo de Estado de Cuba adelant\u00f3 para el pr\u00f3ximo mi\u00e9rcoles 18 de abril el inicio de la sesi\u00f3n constitutiva del nuevo parlamento, el cual elegir\u00e1 al presidente de la isla en sustituci\u00f3n de Ra\u00fal Castro, quien ratific\u00f3 que dejar\u00e1 el cargo.<\/span><\/p>\n<p><span class=\"text1noticias\"> <\/span><\/p>\n<p><span class=\"text1noticias\">     \u00abEsta decisi\u00f3n se adopta para facilitar el desarrollo de los pasos que requiere una sesi\u00f3n de tal trascendencia\u00bb, indic\u00f3 la nota oficial difundida en medios locales.<\/span><\/p>\n<p><span class=\"text1noticias\"> <\/span><\/p>\n<p><span class=\"text1noticias\">     Esta es la segunda ocasi\u00f3n que se pospone la reuni\u00f3n para instalar la nueva Asamblea Nacional del Poder Popular, que en principio debi\u00f3 sesionar el 24 de febrero pasado.<\/span><\/p>\n<p><span class=\"text1noticias\"> <\/span><\/p>\n<p><span class=\"text1noticias\">     Debido a la situaci\u00f3n \u00abexcepcional\u00bb provocada por el hurac\u00e1n Irma, que en septiembre \u00faltimo caus\u00f3 destrozos severos en casi todo el pa\u00eds, el \u00f3rgano legislativo decidi\u00f3 extender el mandato de la actual legislatura, de acuerdo a la explicaci\u00f3n oficial.<\/span><\/p>\n<p><span class=\"text1noticias\"> <\/span><\/p>\n<p><span class=\"text1noticias\">     Se determin\u00f3 entonces que los nuevos diputados asumir\u00edan el venidero d\u00eda 19, cuando se conmemora la victoria cubana frente a la invasi\u00f3n organizada y financiada por el gobierno de Estados Unidos, que desembarc\u00f3 en 1961 por Playa Gir\u00f3n y Playa Larga, en el sur de la provincia de Matanzas (oeste) y fue derrotada en menos de 72 horas.<\/span><\/p>\n<p><span class=\"text1noticias\"> <\/span><\/p>\n<p><span class=\"text1noticias\">     En la inminente sesi\u00f3n de la Asamblea Nacional del Poder Popular se constituir\u00e1 la IX Legislatura con el juramento de los 605 diputados electos de manera directa por la poblaci\u00f3n el 11 de marzo pasado.<\/span><\/p>\n<p><span class=\"text1noticias\"> <\/span><\/p>\n<p><span class=\"text1noticias\">     A continuaci\u00f3n, los legisladores seleccionar\u00e1n de entre sus miembros a la direcci\u00f3n del parlamento y al Consejo de Estado, integrado por un presidente, un primer vicepresidente, cinco vicepresidentes, un secretario y 23 miembros.<\/span><\/p>\n<p><span class=\"text1noticias\"> <\/span><\/p>\n<p><span class=\"text1noticias\">     Ra\u00fal Castro, de 86 a\u00f1os y una d\u00e9cada al frente de la direcci\u00f3n de la \u00ednsula, reiter\u00f3 en diciembre \u00faltimo, al clausurar una sesi\u00f3n del parlamento, que dejar\u00eda la presidencia cuando la nueva legislatura iniciara su mandato.<\/span><\/p>\n<p><span class=\"text1noticias\"> <\/span><\/p>\n<p><span class=\"text1noticias\">     \u00abCuando la Asamblea Nacional se constituya, habr\u00e9 concluido mi segundo y \u00faltimo mandato al frente del Estado y del gobierno, y Cuba tendr\u00e1 un nuevo presidente\u00bb, expres\u00f3 ent<\/span>onces. F<\/p>\n<h6> 2018-04-16 10:56:50 <\/h6>\n<p><!--\n<link rel=\"stylesheet\" href=\"css\/bootstrap.min.css\">\n\n\n<ul class=\"pagination\">\n\t    \n\t\n\n<li >\n\t<a href='?page_no=10575'>Previous<\/a>\n\t<\/li>\n\n\n       \n    \n\n<li><a href='?page_no=1'>1<\/a><\/li>\n\n\n\n<li><a href='?page_no=2'>2<\/a><\/li>\n\n\n\n<li><a>...<\/a><\/li>\n\n\n\n<li><a href='?page_no=10574'>10574<\/a><\/li>\n\n\n\n<li><a href='?page_no=10575'>10575<\/a><\/li>\n\n\n\n<li class='active'><a>10576<\/a><\/li>\n\n\n\n<li><a href='?page_no=10577'>10577<\/a><\/li>\n\n\n\n<li><a href='?page_no=10578'>10578<\/a><\/li>\n\n\n\n<li><a>...<\/a><\/li>\n\n\n\n<li><a href='?page_no=51012'>51012<\/a><\/li>\n\n\n\n<li><a href='?page_no=51013'>51013<\/a><\/li>\n\n    \n\t\n\n<li >\n\t<a href='?page_no=10577'>Next<\/a>\n\t<\/li>\n\n\n    \n\n<li><a href='?page_no=51013'>Last &rsaquo;&rsaquo;<\/a><\/li>\n\n<\/ul>\n\n\n--><br \/>\n<\/body><\/p>\n","protected":false},"excerpt":{"rendered":"<p>LA HABANA, 16 abr (Xinhua) &#8212; El Consejo de Estado de Cuba adelant\u00f3 para el pr\u00f3ximo mi\u00e9rcoles 18 de abril el inicio de la sesi\u00f3n constitutiva del nuevo parlamento, el cual elegir\u00e1 al presidente de la isla en sustituci\u00f3n de Ra\u00fal Castro, quien ratific\u00f3 que dejar\u00e1 el cargo. \u00abEsta decisi\u00f3n se adopta para facilitar el [&hellip;]<\/p>\n","protected":false},"author":3,"featured_media":0,"comment_status":"open","ping_status":"open","sticky":false,"template":"","format":"standard","meta":{"footnotes":""},"categories":[23],"tags":[],"class_list":["post-230911","post","type-post","status-publish","format-standard","hentry","category-internacional"],"_links":{"self":[{"href":"https:\/\/diariodominicano.com\/index.php?rest_route=\/wp\/v2\/posts\/230911","targetHints":{"allow":["GET"]}}],"collection":[{"href":"https:\/\/diariodominicano.com\/index.php?rest_route=\/wp\/v2\/posts"}],"about":[{"href":"https:\/\/diariodominicano.com\/index.php?rest_route=\/wp\/v2\/types\/post"}],"author":[{"embeddable":true,"href":"https:\/\/diariodominicano.com\/index.php?rest_route=\/wp\/v2\/users\/3"}],"replies":[{"embeddable":true,"href":"https:\/\/diariodominicano.com\/index.php?rest_route=%2Fwp%2Fv2%2Fcomments&post=230911"}],"version-history":[{"count":0,"href":"https:\/\/diariodominicano.com\/index.php?rest_route=\/wp\/v2\/posts\/230911\/revisions"}],"wp:attachment":[{"href":"https:\/\/diariodominicano.com\/index.php?rest_route=%2Fwp%2Fv2%2Fmedia&parent=230911"}],"wp:term":[{"taxonomy":"category","embeddable":true,"href":"https:\/\/diariodominicano.com\/index.php?rest_route=%2Fwp%2Fv2%2Fcategories&post=230911"},{"taxonomy":"post_tag","embeddable":true,"href":"https:\/\/diariodominicano.com\/index.php?rest_route=%2Fwp%2Fv2%2Ftags&post=230911"}],"curies":[{"name":"wp","href":"https:\/\/api.w.org\/{rel}","templated":true}]}}