{"id":230908,"date":"2018-04-16T19:54:03","date_gmt":"2018-04-16T19:54:03","guid":{"rendered":"http:\/\/diariodominicano.ddns.net\/?p=230908"},"modified":"2018-04-16T19:54:03","modified_gmt":"2018-04-16T19:54:03","slug":"piden-apoyo-para-encontrar-joyas-robadas-a-familia-expresidente-tico","status":"publish","type":"post","link":"https:\/\/diariodominicano.com\/?p=230908","title":{"rendered":"Piden apoyo para encontrar joyas robadas a familia expresidente tico"},"content":{"rendered":"<p><body><\/p>\n<p><strong>San Jos\u00e9, 16 abr (PL)<\/strong> El Organismo de Investigaci\u00f3n Judicial (OIJ) solicit\u00f3 hoy el apoyo de la poblaci\u00f3n para encontrar una maleta con varios objetos de valor hist\u00f3ricos sustra\u00edda de la casa de la familia del expresidente costarricense Jos\u00e9 Mar\u00eda Figueres.<\/p>\n<\/p>\n<p>De acuerdo con el reporte de la secci\u00f3n de Robos y Hurtos del OIJ, la valija se encontraba en una de las habitaciones de la residencia de la familia y fue vista por \u00faltima vez en enero.<\/p>\n<\/p>\n<p>Dentro de ella hab\u00eda joyas como dijes, anillos, pulseras y collares, entre otras pertenencias, que iban a formar parte de un museo que realizar\u00edan en honor a Jos\u00e9 Figueres Ferrer, padre del expresidente Jos\u00e9 Mar\u00eda (1994-1998).<\/p>\n<\/p>\n<p>La OIJ pide a los costarricenses informar si conoce el paradero de estos objetos o el lugar a donde pudieron llevar estas joyas y dem\u00e1s art\u00edculos.<\/p>\n<h6> 2018-04-16 19:54:03 <\/h6>\n<p><!--\n<link rel=\"stylesheet\" href=\"css\/bootstrap.min.css\">\n\n\n<ul class=\"pagination\">\n\t    \n\t\n\n<li >\n\t<a href='?page_no=10572'>Previous<\/a>\n\t<\/li>\n\n\n       \n    \n\n<li><a href='?page_no=1'>1<\/a><\/li>\n\n\n\n<li><a href='?page_no=2'>2<\/a><\/li>\n\n\n\n<li><a>...<\/a><\/li>\n\n\n\n<li><a href='?page_no=10571'>10571<\/a><\/li>\n\n\n\n<li><a href='?page_no=10572'>10572<\/a><\/li>\n\n\n\n<li class='active'><a>10573<\/a><\/li>\n\n\n\n<li><a href='?page_no=10574'>10574<\/a><\/li>\n\n\n\n<li><a href='?page_no=10575'>10575<\/a><\/li>\n\n\n\n<li><a>...<\/a><\/li>\n\n\n\n<li><a href='?page_no=51012'>51012<\/a><\/li>\n\n\n\n<li><a href='?page_no=51013'>51013<\/a><\/li>\n\n    \n\t\n\n<li >\n\t<a href='?page_no=10574'>Next<\/a>\n\t<\/li>\n\n\n    \n\n<li><a href='?page_no=51013'>Last &rsaquo;&rsaquo;<\/a><\/li>\n\n<\/ul>\n\n\n--><br \/>\n<\/body><\/p>\n","protected":false},"excerpt":{"rendered":"<p>San Jos\u00e9, 16 abr (PL) El Organismo de Investigaci\u00f3n Judicial (OIJ) solicit\u00f3 hoy el apoyo de la poblaci\u00f3n para encontrar una maleta con varios objetos de valor hist\u00f3ricos sustra\u00edda de la casa de la familia del expresidente costarricense Jos\u00e9 Mar\u00eda Figueres. De acuerdo con el reporte de la secci\u00f3n de Robos y Hurtos del OIJ, [&hellip;]<\/p>\n","protected":false},"author":3,"featured_media":0,"comment_status":"open","ping_status":"open","sticky":false,"template":"","format":"standard","meta":{"footnotes":""},"categories":[23],"tags":[],"class_list":["post-230908","post","type-post","status-publish","format-standard","hentry","category-internacional"],"_links":{"self":[{"href":"https:\/\/diariodominicano.com\/index.php?rest_route=\/wp\/v2\/posts\/230908","targetHints":{"allow":["GET"]}}],"collection":[{"href":"https:\/\/diariodominicano.com\/index.php?rest_route=\/wp\/v2\/posts"}],"about":[{"href":"https:\/\/diariodominicano.com\/index.php?rest_route=\/wp\/v2\/types\/post"}],"author":[{"embeddable":true,"href":"https:\/\/diariodominicano.com\/index.php?rest_route=\/wp\/v2\/users\/3"}],"replies":[{"embeddable":true,"href":"https:\/\/diariodominicano.com\/index.php?rest_route=%2Fwp%2Fv2%2Fcomments&post=230908"}],"version-history":[{"count":0,"href":"https:\/\/diariodominicano.com\/index.php?rest_route=\/wp\/v2\/posts\/230908\/revisions"}],"wp:attachment":[{"href":"https:\/\/diariodominicano.com\/index.php?rest_route=%2Fwp%2Fv2%2Fmedia&parent=230908"}],"wp:term":[{"taxonomy":"category","embeddable":true,"href":"https:\/\/diariodominicano.com\/index.php?rest_route=%2Fwp%2Fv2%2Fcategories&post=230908"},{"taxonomy":"post_tag","embeddable":true,"href":"https:\/\/diariodominicano.com\/index.php?rest_route=%2Fwp%2Fv2%2Ftags&post=230908"}],"curies":[{"name":"wp","href":"https:\/\/api.w.org\/{rel}","templated":true}]}}