{"id":230907,"date":"2018-04-16T20:53:49","date_gmt":"2018-04-16T20:53:49","guid":{"rendered":"http:\/\/diariodominicano.ddns.net\/?p=230907"},"modified":"2018-04-16T20:53:49","modified_gmt":"2018-04-16T20:53:49","slug":"tras-12-anos-en-el-poder-raul-castro-deja-una-cuba-que-desafia-al-futuro","status":"publish","type":"post","link":"https:\/\/diariodominicano.com\/?p=230907","title":{"rendered":"Tras 12 a\u00f1os en el poder, Ra\u00fal Castro deja una Cuba que desaf\u00eda al futuro"},"content":{"rendered":"<p><body><\/p>\n<p><img decoding=\"async\" src=\"img3\/137043004_15211660546741n.jpg\" \/>  <\/p>\n<p><strong> <\/strong><\/p>\n<p><strong>   Por Noem\u00ed Galb\u00e1n y Raimundo Urrechaga<\/strong><\/p>\n<p><strong>   LA HABANA, 16 abr (Xinhua) &#8212;<\/strong> Cuando en 2006 Ra\u00fal Castro asumi\u00f3 la presidencia de Cuba, en aquel momento de forma temporal para suplir a su hermano Fidel que se encontraba convaleciente de una compleja intervenci\u00f3n quir\u00fargica, el mundo se sorprendi\u00f3 con su potente voz, su temple y firmeza.<\/p>\n<\/p>\n<p>   Durante dos a\u00f1os se mantuvo en el cargo a petici\u00f3n del fallecido l\u00edder revolucionario, y cumpli\u00f3 a cabalidad el dif\u00edcil tr\u00e1nsito de sustituir a Fidel Castro sin que constituyera una situaci\u00f3n traum\u00e1tica para el pueblo cubano.<\/p>\n<\/p>\n<p>   En 2008 fue electo oficialmente presidente de los Consejos de Estado y de Ministros de Cuba, y su labor estuvo centrada en reestructurar el funcionamiento del gobierno para dinamizar la econom\u00eda local y eliminar viejas prohibiciones en el pa\u00eds.<\/p>\n<\/p>\n<p>   Entre ellas, se permiti\u00f3 a los cubanos hospedarse en hoteles y contratar el servicio de telefon\u00eda m\u00f3vil.<\/p>\n<\/p>\n<p>   Una de las prioridades de Ra\u00fal Castro desde el inicio de su mandato fue incrementar la productividad agr\u00edcola en Cuba, por lo que declar\u00f3 \u00abestrat\u00e9gica\u00bb esta tarea en un pa\u00eds donde se importa cerca del 80 por ciento de los alimentos que consume la poblaci\u00f3n.<\/p>\n<\/p>\n<p>   En la \u00faltima d\u00e9cada, el gobierno cubano ha entregado m\u00e1s de un mill\u00f3n de hect\u00e1reas de tierras ociosas y mejor\u00f3 las condiciones de trabajo a los campesinos, as\u00ed como el precio de compra a los productores.<\/p>\n<\/p>\n<p>   Otra de las medidas que goz\u00f3 de gran popularidad fue la ampliaci\u00f3n y flexibilizaci\u00f3n en 2010 del trabajo privado, permitiendo a los ciudadanos laborar en unos 180 oficios, entre los m\u00e1s populares la transportaci\u00f3n de pasajeros, servicios gastron\u00f3micos (cafeter\u00edas y restaurantes), renta de habitaciones y vendedores ambulantes de productos agr\u00edcolas.<\/p>\n<\/p>\n<p>   Actualmente, m\u00e1s de 585.000 cubanos, un 12 por ciento de la fuerza laboral del pa\u00eds, pertenecen al sector no estatal, mientras queda pendiente promulgar una norma que d\u00e9 car\u00e1cter legal a las peque\u00f1as y medianas empresas privadas.<\/p>\n<\/p>\n<p>   En 2011, con la celebraci\u00f3n del VI Congreso del Partido Comunista de Cuba (PCC), La Habana enrumb\u00f3 su destino hacia nuevos horizontes con Ra\u00fal Castro al frente tras su elecci\u00f3n como primer secretario de esa organizaci\u00f3n pol\u00edtica.<\/p>\n<\/p>\n<p>   Se aprob\u00f3 en ese c\u00f3nclave el inicio de la actualizaci\u00f3n del modelo socialista de la isla, un paquete de reformas para hacer m\u00e1s eficiente la econom\u00eda cubana, liberar al Estado de sectores no priorizados y fomentar el trabajo privado.<\/p>\n<\/p>\n<p>   En los m\u00e1s de 300 lineamientos aprobados en ese entonces, se inici\u00f3 el estudio de una pol\u00edtica migratoria m\u00e1s flexible y acorde con la realidad del pa\u00eds, poner fin a la dualidad monetaria, potenciar la inversi\u00f3n extranjera y eliminar excesivos subsidios.<\/p>\n<\/p>\n<p>   A finales de ese mismo a\u00f1o, el mandatario cubano autoriz\u00f3 la compraventa de viviendas entre personas naturales, y en 2014 se permiti\u00f3 con los veh\u00edculos.<\/p>\n<\/p>\n<p>   De acuerdo con las autoridades locales, los primeros tres a\u00f1os se caracterizaron por el dinamismo y celeridad en la implementaci\u00f3n de las pol\u00edticas, ritmo que luego se redujo por la complejidad de las medidas y tambi\u00e9n a causa de errores en la planificaci\u00f3n de los procesos y en su respectivo control, reconocieron recientemente funcionarios del gobierno.<\/p>\n<\/p>\n<p>   Adem\u00e1s, incidieron limitaciones econ\u00f3micas y financieras que imposibilitaron el respaldo adecuado a un grupo de medidas que requer\u00edan inversiones.<\/p>\n<\/p>\n<p>   En enero de 2013, el gobierno de Ra\u00fal Castro actualiz\u00f3 su pol\u00edtica migratoria y puso fin al permiso de salida para los cubanos, una medida tomada d\u00e9cadas anteriores para resguardar la seguridad en Cuba tras varios ataques terroristas promovidos desde Estados Unidos.<\/p>\n<\/p>\n<p>   De enero de 2013 a diciembre de 2017, m\u00e1s de 670.000 cubanos hicieron m\u00e1s de un mill\u00f3n de viajes a otros pa\u00edses, y s\u00f3lo el 11 por ciento establecieron residencia en otro pa\u00eds.<\/p>\n<\/p>\n<p>   Mientras tanto, en 2014 el gobierno cubano aprob\u00f3 una nueva ley de inversi\u00f3n extranjera que ofrece incentivos a las empresas internacionales para invertir en Cuba, entre ellos atractivos fiscales y concesiones especiales para la repatriaci\u00f3n de capitales.<\/p>\n<\/p>\n<p>   Ese a\u00f1o se inaugur\u00f3 la terminal portuaria y zona especial de desarrollo Mariel, a unos 45 kil\u00f3metros al oeste de La Habana, enclave llamado a convertirse en el principal polo industrial de la isla.<\/p>\n<\/p>\n<p>   En el aspecto pol\u00edtico, el momento cumbre de la presidencia de Ra\u00fal Castro fue el 17 de diciembre de 2014, cuando anunci\u00f3 a los cubanos el restablecimiento de relaciones diplom\u00e1ticas con Estados Unidos y el inicio del proceso de normalizaci\u00f3n de los v\u00ednculos tras m\u00e1s de medio siglo de distanciamiento.<\/p>\n<\/p>\n<p>   Unos meses m\u00e1s tarde se encontr\u00f3 por primera vez con el entonces presidente de Estados Unidos, Barack Obama, en la VII Cumbre de las Am\u00e9ricas en Panam\u00e1, y en marzo de 2016 el mandatario estadounidense visit\u00f3 La Habana.<\/p>\n<\/p>\n<p>   Este acercamiento sirvi\u00f3 para que en 2015 y 2016 Cuba renegociara su deuda vencida con varias naciones, y especialmente con el Club de Par\u00eds, que condon\u00f3 8.500 millones de d\u00f3lares a la isla, al tiempo que se adquiri\u00f3 el compromiso de pagar 2.600 millones de d\u00f3lares en 18 a\u00f1os. <\/p>\n<\/p>\n<p>   Sin embargo, tras la llegada al poder de Donald Trump en enero de 2017, sufri\u00f3 un palpable retroceso lo logrado hasta el momento, y volvi\u00f3 a ocupar titulares el lenguaje ofensivo contra La Habana, similar a los tiempos de la Guerra Fr\u00eda.<\/p>\n<\/p>\n<p>   En abril de 2016 tuvo lugar el VII Congreso del PCC, donde Ra\u00fal Castro fue reelegido como primer secretario de la organizaci\u00f3n pol\u00edtica por los pr\u00f3ximos cinco a\u00f1os, se hicieron ajustes al proceso de actualizaci\u00f3n del modelo econ\u00f3mico y social cubano, y se traz\u00f3 un plan de desarrollo integral hasta 2030.<\/p>\n<\/p>\n<p>   Seg\u00fan estaba previsto, las elecciones generales en Cuba estaban previstas para concluir el pasado 24 de febrero, pero en diciembre de 2017 la Asamblea Nacional extendi\u00f3 su mandato hasta el pr\u00f3ximo 19 de abril, debido a las devastaciones causadas por el hurac\u00e1n Irma, que produjo cuantiosas afectaciones tras su paso en septiembre pasado.<\/p>\n<\/p>\n<p>   Este lunes, los medios locales de comunicaci\u00f3n difundieron otro ajuste en el cronograma electoral y se conoci\u00f3 que la sesi\u00f3n constitutiva de la IX Legislatura de la Asamblea Nacional del Poder Popular (parlamento) iniciar\u00e1 el mi\u00e9rcoles 18 de abril.<\/p>\n<\/p>\n<p>   La decisi\u00f3n \u00abse adopta para facilitar el desarrollo de los pasos que requiere una sesi\u00f3n de tal trascendencia\u00bb, inform\u00f3 hoy el Consejo de Estado en uso de las facultades conferidas, pues en dicha reuni\u00f3n los 605 diputados que integran la Asamblea Nacional elegir\u00e1n al nuevo presidente de Cuba.<\/p>\n<\/p>\n<p>   En su \u00faltimo discurso p\u00fablico ante la Asamblea Nacional en diciembre pasado, Ra\u00fal Castro asegur\u00f3 que Cuba continuar\u00e1 el proceso de cambios iniciado en 2011 para construir un \u00absocialismo pr\u00f3spero y sostenible\u00bb. <\/p>\n<\/p>\n<p>   Ese es el legado que dejar\u00e1 Ra\u00fal Castro, precursor de la apertura de Cuba al mundo, promotor de cambios necesarios para desarrollar a una naci\u00f3n determinada a trazar su propio destino y defensor de los ideales humanistas y las doctrinas socialistas que impuls\u00f3 su fallecido hermano Fidel. Fin<\/p>\n<h6> 2018-04-16 20:53:49 <\/h6>\n<p><!--\n<link rel=\"stylesheet\" href=\"css\/bootstrap.min.css\">\n\n\n<ul class=\"pagination\">\n\t    \n\t\n\n<li >\n\t<a href='?page_no=10571'>Previous<\/a>\n\t<\/li>\n\n\n       \n    \n\n<li><a href='?page_no=1'>1<\/a><\/li>\n\n\n\n<li><a href='?page_no=2'>2<\/a><\/li>\n\n\n\n<li><a>...<\/a><\/li>\n\n\n\n<li><a href='?page_no=10570'>10570<\/a><\/li>\n\n\n\n<li><a href='?page_no=10571'>10571<\/a><\/li>\n\n\n\n<li class='active'><a>10572<\/a><\/li>\n\n\n\n<li><a href='?page_no=10573'>10573<\/a><\/li>\n\n\n\n<li><a href='?page_no=10574'>10574<\/a><\/li>\n\n\n\n<li><a>...<\/a><\/li>\n\n\n\n<li><a href='?page_no=51012'>51012<\/a><\/li>\n\n\n\n<li><a href='?page_no=51013'>51013<\/a><\/li>\n\n    \n\t\n\n<li >\n\t<a href='?page_no=10573'>Next<\/a>\n\t<\/li>\n\n\n    \n\n<li><a href='?page_no=51013'>Last &rsaquo;&rsaquo;<\/a><\/li>\n\n<\/ul>\n\n\n--><br \/>\n<\/body><\/p>\n","protected":false},"excerpt":{"rendered":"<p>Por Noem\u00ed Galb\u00e1n y Raimundo Urrechaga LA HABANA, 16 abr (Xinhua) &#8212; Cuando en 2006 Ra\u00fal Castro asumi\u00f3 la presidencia de Cuba, en aquel momento de forma temporal para suplir a su hermano Fidel que se encontraba convaleciente de una compleja intervenci\u00f3n quir\u00fargica, el mundo se sorprendi\u00f3 con su potente voz, su temple y firmeza. [&hellip;]<\/p>\n","protected":false},"author":3,"featured_media":0,"comment_status":"open","ping_status":"open","sticky":false,"template":"","format":"standard","meta":{"footnotes":""},"categories":[23],"tags":[],"class_list":["post-230907","post","type-post","status-publish","format-standard","hentry","category-internacional"],"_links":{"self":[{"href":"https:\/\/diariodominicano.com\/index.php?rest_route=\/wp\/v2\/posts\/230907","targetHints":{"allow":["GET"]}}],"collection":[{"href":"https:\/\/diariodominicano.com\/index.php?rest_route=\/wp\/v2\/posts"}],"about":[{"href":"https:\/\/diariodominicano.com\/index.php?rest_route=\/wp\/v2\/types\/post"}],"author":[{"embeddable":true,"href":"https:\/\/diariodominicano.com\/index.php?rest_route=\/wp\/v2\/users\/3"}],"replies":[{"embeddable":true,"href":"https:\/\/diariodominicano.com\/index.php?rest_route=%2Fwp%2Fv2%2Fcomments&post=230907"}],"version-history":[{"count":0,"href":"https:\/\/diariodominicano.com\/index.php?rest_route=\/wp\/v2\/posts\/230907\/revisions"}],"wp:attachment":[{"href":"https:\/\/diariodominicano.com\/index.php?rest_route=%2Fwp%2Fv2%2Fmedia&parent=230907"}],"wp:term":[{"taxonomy":"category","embeddable":true,"href":"https:\/\/diariodominicano.com\/index.php?rest_route=%2Fwp%2Fv2%2Fcategories&post=230907"},{"taxonomy":"post_tag","embeddable":true,"href":"https:\/\/diariodominicano.com\/index.php?rest_route=%2Fwp%2Fv2%2Ftags&post=230907"}],"curies":[{"name":"wp","href":"https:\/\/api.w.org\/{rel}","templated":true}]}}