{"id":230905,"date":"2018-04-16T23:01:20","date_gmt":"2018-04-16T23:01:20","guid":{"rendered":"http:\/\/diariodominicano.ddns.net\/?p=230905"},"modified":"2018-04-16T23:01:20","modified_gmt":"2018-04-16T23:01:20","slug":"son-mas-los-mexicanos-que-regresan-de-eeuu-que-los-que-migran-dice-ministro","status":"publish","type":"post","link":"https:\/\/diariodominicano.com\/?p=230905","title":{"rendered":"Son m\u00e1s los mexicanos que regresan de EEUU que los que migran, dice ministro"},"content":{"rendered":"<p><body><\/p>\n<\/p>\n<p><strong> <\/strong><\/p>\n<p><strong>   MEXICO, 16 abr (Xinhua) &#8212; <\/strong>Los mexicanos que migran a Estados Unidos en busca de empleo son menos en comparaci\u00f3n con los que regresan a su pa\u00eds, asegur\u00f3 hoy lunes el secretario de Gobernaci\u00f3n (Interior), Alfonso Navarrete.<\/p>\n<\/p>\n<p>   Al participar en la 13\u00aa Misi\u00f3n Comercial Mexico-California, Navarrete dijo que ese patr\u00f3n migratorio ha prevalecido durante la \u00faltima d\u00e9cada y ejemplific\u00f3 que en 2015 retornaron tres veces m\u00e1s mexicanos de los que salieron.<\/p>\n<\/p>\n<p>   M\u00e9xico ha pasado de ser una naci\u00f3n expulsora a una de tr\u00e1nsito, destino y retorno de migrantes, enfatiz\u00f3 el responsable de la pol\u00edtica interna ante alcaldes y empresarios de ciudades fronterizas de ambos pa\u00edses.<\/p>\n<\/p>\n<p>   \u00abLa tendencia del saldo neto de retorno frente a introducci\u00f3n de mexicanos en Estados Unidos ha sido, desde hace 10 a\u00f1os, saldo positivo en el regreso de mexicanos a nuestro pa\u00eds\u00bb, indic\u00f3 Navarrete.<\/p>\n<\/p>\n<p>   Washington endureci\u00f3 este mes la seguridad en la frontera com\u00fan de 3.200 kil\u00f3metros con el despliegue de la Guardia Nacional en apoyo de la Patrulla Fronteriza, en una medida pensada para contener la migraci\u00f3n indocumentada.<\/p>\n<\/p>\n<p>   El presidente estadounidense, Donald Trump, sustent\u00f3 el 4 de abril pasado su decisi\u00f3n de enviar a las tropas con el alegato de que m\u00e1s de 300.000 migrantes cruzan anualmente la frontera.<\/p>\n<\/p>\n<p>   Navarrete destac\u00f3 que la vuelta de mexicanos a sus lugares de origen es una realidad que ha llevado al gobierno al redise\u00f1o de pol\u00edticas, buscando que el regreso sea seguro y trabajando para que se certifiquen sus habilidades o se revaliden sus estudios.<\/p>\n<\/p>\n<p>   Un programa se enfoca en expedir el acta de nacimiento a mexicoamericanos nacidos en el vecino pa\u00eds, luego de que 250.000 menores de 18 a\u00f1os con ese perfil han llegado a M\u00e9xico, detall\u00f3.<\/p>\n<\/p>\n<p>   \u00abUna correcta pol\u00edtica migratoria es aquella que pone en el centro a las personas y garantiza y protege sus derechos\u00bb, apunt\u00f3 Navarrete.<\/p>\n<\/p>\n<p>   El funcionario defendi\u00f3 la contribuci\u00f3n de los migrantes mexicanos en el vecino pa\u00eds y neg\u00f3 que quiten trabajos, pues se emplean en puestos del sector primario que no son ocupados por los estadounidenses.<\/p>\n<\/p>\n<p>   Tambi\u00e9n destac\u00f3 la interacci\u00f3n y dinamismo de la regi\u00f3n que conforman los seis estados de M\u00e9xico y cuatro de Estados Unidos que comparten frontera, la cual, record\u00f3, representar\u00eda la cuarta econom\u00eda global de ser un pa\u00eds.<\/p>\n<\/p>\n<p>   Alrededor de un mill\u00f3n de personas, 437.000 veh\u00edculos y mercanc\u00eda por un valor de 1.000 millones de d\u00f3lares cruzan a diario la frontera com\u00fan, catalogada como la m\u00e1s transitada del mundo, enumer\u00f3 Navarrete.<\/p>\n<\/p>\n<p>   \u00abLa frontera se ha convertido no s\u00f3lo en el puente para el comercio y el cruce de turistas, visitantes de negocios y encuentros de familia, sino en una regi\u00f3n pr\u00f3spera y con enorme potencial\u00bb, abund\u00f3. Fin<\/p>\n<h6> 2018-04-16 23:01:20 <\/h6>\n<p><!--\n<link rel=\"stylesheet\" href=\"css\/bootstrap.min.css\">\n\n\n<ul class=\"pagination\">\n\t    \n\t\n\n<li >\n\t<a href='?page_no=10569'>Previous<\/a>\n\t<\/li>\n\n\n       \n    \n\n<li><a href='?page_no=1'>1<\/a><\/li>\n\n\n\n<li><a href='?page_no=2'>2<\/a><\/li>\n\n\n\n<li><a>...<\/a><\/li>\n\n\n\n<li><a href='?page_no=10568'>10568<\/a><\/li>\n\n\n\n<li><a href='?page_no=10569'>10569<\/a><\/li>\n\n\n\n<li class='active'><a>10570<\/a><\/li>\n\n\n\n<li><a href='?page_no=10571'>10571<\/a><\/li>\n\n\n\n<li><a href='?page_no=10572'>10572<\/a><\/li>\n\n\n\n<li><a>...<\/a><\/li>\n\n\n\n<li><a href='?page_no=51012'>51012<\/a><\/li>\n\n\n\n<li><a href='?page_no=51013'>51013<\/a><\/li>\n\n    \n\t\n\n<li >\n\t<a href='?page_no=10571'>Next<\/a>\n\t<\/li>\n\n\n    \n\n<li><a href='?page_no=51013'>Last &rsaquo;&rsaquo;<\/a><\/li>\n\n<\/ul>\n\n\n--><br \/>\n<\/body><\/p>\n","protected":false},"excerpt":{"rendered":"<p>MEXICO, 16 abr (Xinhua) &#8212; Los mexicanos que migran a Estados Unidos en busca de empleo son menos en comparaci\u00f3n con los que regresan a su pa\u00eds, asegur\u00f3 hoy lunes el secretario de Gobernaci\u00f3n (Interior), Alfonso Navarrete. Al participar en la 13\u00aa Misi\u00f3n Comercial Mexico-California, Navarrete dijo que ese patr\u00f3n migratorio ha prevalecido durante la [&hellip;]<\/p>\n","protected":false},"author":3,"featured_media":0,"comment_status":"open","ping_status":"open","sticky":false,"template":"","format":"standard","meta":{"footnotes":""},"categories":[23],"tags":[],"class_list":["post-230905","post","type-post","status-publish","format-standard","hentry","category-internacional"],"_links":{"self":[{"href":"https:\/\/diariodominicano.com\/index.php?rest_route=\/wp\/v2\/posts\/230905","targetHints":{"allow":["GET"]}}],"collection":[{"href":"https:\/\/diariodominicano.com\/index.php?rest_route=\/wp\/v2\/posts"}],"about":[{"href":"https:\/\/diariodominicano.com\/index.php?rest_route=\/wp\/v2\/types\/post"}],"author":[{"embeddable":true,"href":"https:\/\/diariodominicano.com\/index.php?rest_route=\/wp\/v2\/users\/3"}],"replies":[{"embeddable":true,"href":"https:\/\/diariodominicano.com\/index.php?rest_route=%2Fwp%2Fv2%2Fcomments&post=230905"}],"version-history":[{"count":0,"href":"https:\/\/diariodominicano.com\/index.php?rest_route=\/wp\/v2\/posts\/230905\/revisions"}],"wp:attachment":[{"href":"https:\/\/diariodominicano.com\/index.php?rest_route=%2Fwp%2Fv2%2Fmedia&parent=230905"}],"wp:term":[{"taxonomy":"category","embeddable":true,"href":"https:\/\/diariodominicano.com\/index.php?rest_route=%2Fwp%2Fv2%2Fcategories&post=230905"},{"taxonomy":"post_tag","embeddable":true,"href":"https:\/\/diariodominicano.com\/index.php?rest_route=%2Fwp%2Fv2%2Ftags&post=230905"}],"curies":[{"name":"wp","href":"https:\/\/api.w.org\/{rel}","templated":true}]}}