{"id":230899,"date":"2018-04-17T08:24:30","date_gmt":"2018-04-17T08:24:30","guid":{"rendered":"http:\/\/diariodominicano.ddns.net\/?p=230899"},"modified":"2018-04-17T08:24:30","modified_gmt":"2018-04-17T08:24:30","slug":"en-haiti-realizan-encuentro-de-periodistas-de-habla-fracesa-para-debatir-sobre-desafio-de-los-medios-digitales","status":"publish","type":"post","link":"https:\/\/diariodominicano.com\/?p=230899","title":{"rendered":"En Hait\u00ed realizan encuentro de periodistas de habla fracesa para debatir sobre desaf\u00edo de los Medios digitales"},"content":{"rendered":"<p><body><\/p>\n<p><img decoding=\"async\" src=\"img3\/Orgfrancofonia17.jpg\" \/>  <\/p>\n<p><span class=\"text1noticias\">Puerto Pr\u00edncipe, 17 abr (PL) Los desaf\u00edos del desarrollo de los medios digitales y las normativas de libertad de prensa en este contexto, centran hoy el debate de periodistas y directivos en Hait\u00ed.<\/span><\/p>\n<p><span class=\"text1noticias\"> <\/span><\/p>\n<p><span class=\"text1noticias\">El encuentro impulsado por la Organizaci\u00f3n Internacional de la Francofon\u00eda y la Fundaci\u00f3n de Conocimiento y Libertad, pretende reflexionar sobre la autorregulaci\u00f3n y las condiciones necesarias para el crecimiento de los medios digitales, adem\u00e1s de compartir experiencias acerca de la \u00e9tica period\u00edstica.<\/span><\/p>\n<p><span class=\"text1noticias\"> <\/span><\/p>\n<p><span class=\"text1noticias\">Asimismo permite a los participantes comparar las pr\u00e1cticas vigentes en Hait\u00ed con las de otros pa\u00edses de habla francesa, gracias a la presencia de profesionales de T\u00fanez, Costa de Marfil y Gambia.<\/span><\/p>\n<p><span class=\"text1noticias\"> <\/span><\/p>\n<p><span class=\"text1noticias\">Nanaware Bghouri, presidente de Sindicato Nacional de Periodistas de Tunecinos enfatiz\u00f3 en la sesi\u00f3n inaugural, que la autorregulaci\u00f3n no es la autocensura, su objetivo es establecer principios coherentes de \u00e9tica.<\/span><\/p>\n<p><span class=\"text1noticias\"> <\/span><\/p>\n<p><span class=\"text1noticias\">Subray\u00f3 que la autorregulaci\u00f3n preserva la libertad, ayuda a reducir la injerencia y favorece la calidad de los medios de comunicaci\u00f3n.<\/span><\/p>\n<p><span class=\"text1noticias\"> <\/span><\/p>\n<p><span class=\"text1noticias\">Por su parte, Schiller Jean Baptiste, funcionario de la Empresa de Telecomunicaciones de Hait\u00ed, se\u00f1al\u00f3 que hay un cambio de paradigma con la introducci\u00f3n de la era digital, por lo que la libertad de prensa adquiere otras proporciones y el Estado ya no es el \u00fanico que interviene en la definici\u00f3n de los principios que la rigen.<\/span><\/p>\n<p><span class=\"text1noticias\"> <\/span><\/p>\n<p><span class=\"text1noticias\">Para Gaston Pierre, periodista y editor de la agencia en l\u00ednea AlterPresse, a pesar de la revoluci\u00f3n digital del pa\u00eds, una de las problem\u00e1ticas es el acceso a fuentes confiables, lo que alimenta los rumores en un contexto en el cual las instituciones no son lo &#8216;suficientemente transparentes&#8217;.<\/span><\/p>\n<p><span class=\"text1noticias\"> <\/span><\/p>\n<p><span class=\"text1noticias\">El encuentro, que re\u00fane a periodistas, directivos de medios, representantes del Estado y especialistas internacionales, tendr\u00e1 lugar hasta este mi\u00e9rcoles en el hotel Le Plaza de la capital ha<\/span>itiana.<\/p>\n<h6> 2018-04-17 08:24:30 <\/h6>\n<p><!--\n<link rel=\"stylesheet\" href=\"css\/bootstrap.min.css\">\n\n\n<ul class=\"pagination\">\n\t    \n\t\n\n<li >\n\t<a href='?page_no=10564'>Previous<\/a>\n\t<\/li>\n\n\n       \n    \n\n<li><a href='?page_no=1'>1<\/a><\/li>\n\n\n\n<li><a href='?page_no=2'>2<\/a><\/li>\n\n\n\n<li><a>...<\/a><\/li>\n\n\n\n<li><a href='?page_no=10563'>10563<\/a><\/li>\n\n\n\n<li><a href='?page_no=10564'>10564<\/a><\/li>\n\n\n\n<li class='active'><a>10565<\/a><\/li>\n\n\n\n<li><a href='?page_no=10566'>10566<\/a><\/li>\n\n\n\n<li><a href='?page_no=10567'>10567<\/a><\/li>\n\n\n\n<li><a>...<\/a><\/li>\n\n\n\n<li><a href='?page_no=51012'>51012<\/a><\/li>\n\n\n\n<li><a href='?page_no=51013'>51013<\/a><\/li>\n\n    \n\t\n\n<li >\n\t<a href='?page_no=10566'>Next<\/a>\n\t<\/li>\n\n\n    \n\n<li><a href='?page_no=51013'>Last &rsaquo;&rsaquo;<\/a><\/li>\n\n<\/ul>\n\n\n--><br \/>\n<\/body><\/p>\n","protected":false},"excerpt":{"rendered":"<p>Puerto Pr\u00edncipe, 17 abr (PL) Los desaf\u00edos del desarrollo de los medios digitales y las normativas de libertad de prensa en este contexto, centran hoy el debate de periodistas y directivos en Hait\u00ed. El encuentro impulsado por la Organizaci\u00f3n Internacional de la Francofon\u00eda y la Fundaci\u00f3n de Conocimiento y Libertad, pretende reflexionar sobre la autorregulaci\u00f3n [&hellip;]<\/p>\n","protected":false},"author":3,"featured_media":0,"comment_status":"open","ping_status":"open","sticky":false,"template":"","format":"standard","meta":{"footnotes":""},"categories":[23],"tags":[],"class_list":["post-230899","post","type-post","status-publish","format-standard","hentry","category-internacional"],"_links":{"self":[{"href":"https:\/\/diariodominicano.com\/index.php?rest_route=\/wp\/v2\/posts\/230899","targetHints":{"allow":["GET"]}}],"collection":[{"href":"https:\/\/diariodominicano.com\/index.php?rest_route=\/wp\/v2\/posts"}],"about":[{"href":"https:\/\/diariodominicano.com\/index.php?rest_route=\/wp\/v2\/types\/post"}],"author":[{"embeddable":true,"href":"https:\/\/diariodominicano.com\/index.php?rest_route=\/wp\/v2\/users\/3"}],"replies":[{"embeddable":true,"href":"https:\/\/diariodominicano.com\/index.php?rest_route=%2Fwp%2Fv2%2Fcomments&post=230899"}],"version-history":[{"count":0,"href":"https:\/\/diariodominicano.com\/index.php?rest_route=\/wp\/v2\/posts\/230899\/revisions"}],"wp:attachment":[{"href":"https:\/\/diariodominicano.com\/index.php?rest_route=%2Fwp%2Fv2%2Fmedia&parent=230899"}],"wp:term":[{"taxonomy":"category","embeddable":true,"href":"https:\/\/diariodominicano.com\/index.php?rest_route=%2Fwp%2Fv2%2Fcategories&post=230899"},{"taxonomy":"post_tag","embeddable":true,"href":"https:\/\/diariodominicano.com\/index.php?rest_route=%2Fwp%2Fv2%2Ftags&post=230899"}],"curies":[{"name":"wp","href":"https:\/\/api.w.org\/{rel}","templated":true}]}}