{"id":230897,"date":"2018-04-17T09:51:28","date_gmt":"2018-04-17T09:51:28","guid":{"rendered":"http:\/\/diariodominicano.ddns.net\/?p=230897"},"modified":"2018-04-17T09:51:28","modified_gmt":"2018-04-17T09:51:28","slug":"macron-defiende-intervencion-militar-en-siria-en-parlamento-europeo","status":"publish","type":"post","link":"https:\/\/diariodominicano.com\/?p=230897","title":{"rendered":"Macron defiende intervenci\u00f3n militar en Siria en Parlamento Europeo"},"content":{"rendered":"<p><body><\/p>\n<p><img decoding=\"async\" src=\"img3\/Macron17.jpg\" \/>  <\/p>\n<p><span class=\"text1noticias\">     ESTRASBURGO, Francia, 17 abr (Xinhua) &#8212; El presidente de Francia, Emmanuel Macron, defendi\u00f3 hoy la participaci\u00f3n francesa en un ataque de misiles de la coalici\u00f3n contra fuerzas gubernamentales en Siria durante una comparecencia en el Parlamento Europeo en la ciudad francesa de Estrasburgo.<\/span><\/p>\n<p><span class=\"text1noticias\"> <\/span><\/p>\n<p><span class=\"text1noticias\">     \u00abIntervenimos para defender el honor de la comunidad internacional\u00bb, dijo Macron a los parlamentarios europeos reunidos en una sesi\u00f3n plenaria.<\/span><\/p>\n<p><span class=\"text1noticias\"> <\/span><\/p>\n<p><span class=\"text1noticias\">     La acci\u00f3n militar francesa en Siria, emprendida en coalici\u00f3n con Estados Unidos y Reino Unido, ocurri\u00f3 el s\u00e1bado en la ma\u00f1ana, en respuesta a un supuesto ataque de armas qu\u00edmicas en Douma, controlada por rebeldes y ubicada cerca de la capital siria de Damasco.<\/span><\/p>\n<p><span class=\"text1noticias\"> <\/span><\/p>\n<p><span class=\"text1noticias\">     \u00abDebemos defender nuestros valores\u00bb, dijo el jefe de Estado franc\u00e9s cuestionado por varios parlamentarios durante el debate plenario en que se expresaron preocupaciones sobre la legitimidad del ataque.<\/span><\/p>\n<p><span class=\"text1noticias\"> <\/span><\/p>\n<p><span class=\"text1noticias\">     \u00abFrancia no ha declarado la guerra contra el r\u00e9gimen de Bachar al-Assad\u00bb, aclar\u00f3 Macron, quien reiter\u00f3 la explicaci\u00f3n televisada que ofreci\u00f3 el domingo en la tarde y subray\u00f3 que no hubo ninguna v\u00edctima civil.<\/span><\/p>\n<p><span class=\"text1noticias\"> <\/span><\/p>\n<p><span class=\"text1noticias\">     Previamente, Nicolas Bay, europarlamentario del Frente Nacional de la extrema derecha francesa, reproch\u00f3 en\u00e9rgicamente al presidente franc\u00e9s. \u00abSu decisi\u00f3n reciente de seguir a Estados Unidos en una intervenci\u00f3n militar unilateral en Siria quiz\u00e1s har\u00e1 que extra\u00f1emos a Jacques Chirac, quien al menos tuvo el m\u00e9rito de decir no vamos a guerras estadounidenses\u00bb, escribi\u00f3 en su cuenta de Twitter, en alusi\u00f3n a la posici\u00f3n francesa en 2003 de no participar en la guerra contra Irak.<\/span><\/p>\n<p><span class=\"text1noticias\"> <\/span><\/p>\n<p><span class=\"text1noticias\">     El europarlamentario franc\u00e9s Patrick Le Hyaric, quien habl\u00f3 en nombre de la Izquierda Europea Unida, critic\u00f3 la acci\u00f3n francesa en Siria y a Macron por haber intervenido sin la aprobaci\u00f3n de las Naciones Unidas, mientras que se rehus\u00f3 a hacerlo en Gaza en favor de los palestinos frente a los \u00abataques de Isr<\/span>ael\u00bb. <\/p>\n<h6> 2018-04-17 09:51:28 <\/h6>\n<p><!--\n<link rel=\"stylesheet\" href=\"css\/bootstrap.min.css\">\n\n\n<ul class=\"pagination\">\n\t    \n\t\n\n<li >\n\t<a href='?page_no=10562'>Previous<\/a>\n\t<\/li>\n\n\n       \n    \n\n<li><a href='?page_no=1'>1<\/a><\/li>\n\n\n\n<li><a href='?page_no=2'>2<\/a><\/li>\n\n\n\n<li><a>...<\/a><\/li>\n\n\n\n<li><a href='?page_no=10561'>10561<\/a><\/li>\n\n\n\n<li><a href='?page_no=10562'>10562<\/a><\/li>\n\n\n\n<li class='active'><a>10563<\/a><\/li>\n\n\n\n<li><a href='?page_no=10564'>10564<\/a><\/li>\n\n\n\n<li><a href='?page_no=10565'>10565<\/a><\/li>\n\n\n\n<li><a>...<\/a><\/li>\n\n\n\n<li><a href='?page_no=51012'>51012<\/a><\/li>\n\n\n\n<li><a href='?page_no=51013'>51013<\/a><\/li>\n\n    \n\t\n\n<li >\n\t<a href='?page_no=10564'>Next<\/a>\n\t<\/li>\n\n\n    \n\n<li><a href='?page_no=51013'>Last &rsaquo;&rsaquo;<\/a><\/li>\n\n<\/ul>\n\n\n--><br \/>\n<\/body><\/p>\n","protected":false},"excerpt":{"rendered":"<p>ESTRASBURGO, Francia, 17 abr (Xinhua) &#8212; El presidente de Francia, Emmanuel Macron, defendi\u00f3 hoy la participaci\u00f3n francesa en un ataque de misiles de la coalici\u00f3n contra fuerzas gubernamentales en Siria durante una comparecencia en el Parlamento Europeo en la ciudad francesa de Estrasburgo. \u00abIntervenimos para defender el honor de la comunidad internacional\u00bb, dijo Macron a [&hellip;]<\/p>\n","protected":false},"author":3,"featured_media":0,"comment_status":"open","ping_status":"open","sticky":false,"template":"","format":"standard","meta":{"footnotes":""},"categories":[23],"tags":[],"class_list":["post-230897","post","type-post","status-publish","format-standard","hentry","category-internacional"],"_links":{"self":[{"href":"https:\/\/diariodominicano.com\/index.php?rest_route=\/wp\/v2\/posts\/230897","targetHints":{"allow":["GET"]}}],"collection":[{"href":"https:\/\/diariodominicano.com\/index.php?rest_route=\/wp\/v2\/posts"}],"about":[{"href":"https:\/\/diariodominicano.com\/index.php?rest_route=\/wp\/v2\/types\/post"}],"author":[{"embeddable":true,"href":"https:\/\/diariodominicano.com\/index.php?rest_route=\/wp\/v2\/users\/3"}],"replies":[{"embeddable":true,"href":"https:\/\/diariodominicano.com\/index.php?rest_route=%2Fwp%2Fv2%2Fcomments&post=230897"}],"version-history":[{"count":0,"href":"https:\/\/diariodominicano.com\/index.php?rest_route=\/wp\/v2\/posts\/230897\/revisions"}],"wp:attachment":[{"href":"https:\/\/diariodominicano.com\/index.php?rest_route=%2Fwp%2Fv2%2Fmedia&parent=230897"}],"wp:term":[{"taxonomy":"category","embeddable":true,"href":"https:\/\/diariodominicano.com\/index.php?rest_route=%2Fwp%2Fv2%2Fcategories&post=230897"},{"taxonomy":"post_tag","embeddable":true,"href":"https:\/\/diariodominicano.com\/index.php?rest_route=%2Fwp%2Fv2%2Ftags&post=230897"}],"curies":[{"name":"wp","href":"https:\/\/api.w.org\/{rel}","templated":true}]}}