{"id":230895,"date":"2018-04-17T10:28:28","date_gmt":"2018-04-17T10:28:28","guid":{"rendered":"http:\/\/diariodominicano.ddns.net\/?p=230895"},"modified":"2018-04-17T10:28:28","modified_gmt":"2018-04-17T10:28:28","slug":"ecuador-informa-de-nuevo-secuestro-en-frontera-con-colombia","status":"publish","type":"post","link":"https:\/\/diariodominicano.com\/?p=230895","title":{"rendered":"Ecuador informa de nuevo secuestro en frontera con Colombia"},"content":{"rendered":"<p><body><\/p>\n<p><img decoding=\"async\" src=\"img3\/Ejercitocolombia17.jpg\" \/>  <\/p>\n<p><span class=\"text1noticias\">     QUITO, 17 abr (Xinhua) &#8212; Una pareja presuntamente ecuatoriana fue secuestrada en la frontera con Colombia por el frente \u00abOliver Sinisterra\u00bb, disidente de la extinta guerrilla colombiana FARC, inform\u00f3 hoy martes el ministro del Interior de Ecuador, C\u00e9sar Navas.<\/span><\/p>\n<p><span class=\"text1noticias\"> <\/span><\/p>\n<p><span class=\"text1noticias\">     Se trata de un nuevo secuestro a manos de este grupo liderado por alias \u00abGuacho\u00bb, responsable del secuestro y asesinato de un equipo de prensa del diario ecuatoriano \u00abEl Comercio\u00bb, que conmocion\u00f3 al pa\u00eds sudamericano.<\/span><\/p>\n<p><span class=\"text1noticias\"> <\/span><\/p>\n<p><span class=\"text1noticias\">     Navas dijo en cadena nacional que la noche del lunes, el frente que lidera \u00abGuacho\u00bb hizo llegar al gobierno un \u00abv\u00eddeo de prueba de vida\u00bb de la pareja secuestrada, \u00abde la cual se desconoce sus nombres y nacionalidades\u00bb.<\/span><\/p>\n<p><span class=\"text1noticias\"> <\/span><\/p>\n<p><span class=\"text1noticias\">     \u00abEs la primera vez que alias &#8216;Guacho&#8217; nos env\u00eda una prueba de vida directamente a nosotros por el canal de comunicaci\u00f3n (WhatsApp), no como en ocasiones anteriores que lo hac\u00eda a trav\u00e9s de medios de comunicaci\u00f3n colombianos\u00bb, apunt\u00f3 el ministro.<\/span><\/p>\n<p><span class=\"text1noticias\"> <\/span><\/p>\n<p><span class=\"text1noticias\">     Precis\u00f3 que en el v\u00eddeo, \u00ablos narcotraficantes solicitan por intermedio de los secuestrados que se cumplan sus exigencias\u00bb.<\/span><\/p>\n<p><span class=\"text1noticias\"> <\/span><\/p>\n<p><span class=\"text1noticias\">     \u00abSon im\u00e1genes duras que comprometen y atentan la vida de dos seres humanos de los cuales desconocemos su paradero\u00bb, agreg\u00f3 Navas.<\/span><\/p>\n<p><span class=\"text1noticias\"> <\/span><\/p>\n<p><span class=\"text1noticias\">     En el v\u00eddeo de prueba de vida, aparece una pareja escoltada por dos hombres armados con los rostros cubiertos, en el que env\u00edan un mensaje al presidente de Ecuador, Len\u00edn Moreno, para hacer viable su liberaci\u00f3n.<\/span><\/p>\n<p><span class=\"text1noticias\"> <\/span><\/p>\n<p><span class=\"text1noticias\">     \u00abSe\u00f1or presidente, pedirle a usted que por favor nos de la mano, que no nos pase lo que les pas\u00f3 a los periodistas (de \u00abEl Comercio\u00bb)\u00bb, se\u00f1al\u00f3 el mensaje.<\/span><\/p>\n<p><span class=\"text1noticias\"> <\/span><\/p>\n<p><span class=\"text1noticias\">     Agreg\u00f3 que \u00abnosotros tenemos familia que ir a ver al Ecuador, no tenemos nada que ver en esta guerra se\u00f1or presidente, denle lo que ellos quieran, simplemente somos ciudadanos del Ecuador\u00bb, dijo el hombre cautivo.<\/span><\/p>\n<p><span class=\"text1noticias\"> <\/span><\/p>\n<p><span class=\"text1noticias\">     Apel\u00f3 a Moreno al se\u00f1alar \u00abusted tambi\u00e9n es padre, ay\u00fadenos. Nosotros no tenemos nada que ver, solo queremos regresar a nuestra casa y ver a nuestros hijos\u00bb.<\/span><\/p>\n<p><span class=\"text1noticias\"> <\/span><\/p>\n<p><span class=\"text1noticias\">     El ministro del Interior pidi\u00f3 adem\u00e1s a la ciudadan\u00eda que ayude a identificar a esta pareja.<\/span><\/p>\n<p><span class=\"text1noticias\"> <\/span><\/p>\n<p><span class=\"text1noticias\">     Dio a conocer que el presidente Moreno convoc\u00f3 este martes de urgencia al Comit\u00e9 de Seguridad P\u00fablica para definir como Estado, \u00abc\u00f3mo proceder ante esta nueva amenaza\u00bb.<\/span><\/p>\n<p><span class=\"text1noticias\"> <\/span><\/p>\n<p><span class=\"text1noticias\">     \u00abSon cobardes, porque se hacen valer de escudos humanos para querer chantajear al pueblo ecuatoriano\u00bb, coment\u00f3 Navas.<\/span><\/p>\n<p><span class=\"text1noticias\"> <\/span><\/p>\n<p><span class=\"text1noticias\">     Agreg\u00f3 que estos secuestradores \u00abquieren robarnos la paz, pero no lo vamos a permitir, ya nos quitaron a siete nuestros (cuatro militares y tres civiles). Nuestro enemigo est\u00e1 afuera y se llama &#8216;Guacho&#8217; y lo vamos a capturar\u00bb.<\/span><\/p>\n<p><span class=\"text1noticias\"> <\/span><\/p>\n<p><span class=\"text1noticias\">     \u00abNo nos sorprendamos que busquen de inmediato atentar con la vida de estos ciudadanos inocentes, porque son \u00absanguinarios, crueles, inhumanos\u00bb, se\u00f1al\u00f3.<\/span><\/p>\n<p><span class=\"text1noticias\"> <\/span><\/p>\n<p><span class=\"text1noticias\">     El funcionario subray\u00f3 que en la comunicaci\u00f3n que se mantiene v\u00eda WhatsApp, ese grupo \u00abintenta nuevamente jugar con el Ecuador para que se cumpla con sus exigencias\u00bb, caso contrario, enviar\u00e1n el v\u00eddeo a medios colombianos como era su forma de operar en el caso de los periodistas secuestrados y asesinados.<\/span><\/p>\n<p><span class=\"text1noticias\"> <\/span><\/p>\n<p><span class=\"text1noticias\">     A\u00f1adi\u00f3 que este grupo narco-delictivo tiene \u00abun solo objetivo: sacar su droga por el Ecuador por el r\u00edo Mataje (que divide a los dos pa\u00edses)\u00bb.<\/span><\/p>\n<p><span class=\"text1noticias\"> <\/span><\/p>\n<p><span class=\"text1noticias\">     \u00ab!Basta ya! Deploramos estas acciones. Ejerceremos toda la presi\u00f3n militar necesaria para recuperar la calma en la zona fronteriza, vamos con todo, la paz del Ecuador no se negocia con asesinos\u00bb<\/span>, sostuvo Navas. <\/p>\n<h6> 2018-04-17 10:28:28 <\/h6>\n<p><!--\n<link rel=\"stylesheet\" href=\"css\/bootstrap.min.css\">\n\n\n<ul class=\"pagination\">\n\t    \n\t\n\n<li >\n\t<a href='?page_no=10560'>Previous<\/a>\n\t<\/li>\n\n\n       \n    \n\n<li><a href='?page_no=1'>1<\/a><\/li>\n\n\n\n<li><a href='?page_no=2'>2<\/a><\/li>\n\n\n\n<li><a>...<\/a><\/li>\n\n\n\n<li><a href='?page_no=10559'>10559<\/a><\/li>\n\n\n\n<li><a href='?page_no=10560'>10560<\/a><\/li>\n\n\n\n<li class='active'><a>10561<\/a><\/li>\n\n\n\n<li><a href='?page_no=10562'>10562<\/a><\/li>\n\n\n\n<li><a href='?page_no=10563'>10563<\/a><\/li>\n\n\n\n<li><a>...<\/a><\/li>\n\n\n\n<li><a href='?page_no=51012'>51012<\/a><\/li>\n\n\n\n<li><a href='?page_no=51013'>51013<\/a><\/li>\n\n    \n\t\n\n<li >\n\t<a href='?page_no=10562'>Next<\/a>\n\t<\/li>\n\n\n    \n\n<li><a href='?page_no=51013'>Last &rsaquo;&rsaquo;<\/a><\/li>\n\n<\/ul>\n\n\n--><br \/>\n<\/body><\/p>\n","protected":false},"excerpt":{"rendered":"<p>QUITO, 17 abr (Xinhua) &#8212; Una pareja presuntamente ecuatoriana fue secuestrada en la frontera con Colombia por el frente \u00abOliver Sinisterra\u00bb, disidente de la extinta guerrilla colombiana FARC, inform\u00f3 hoy martes el ministro del Interior de Ecuador, C\u00e9sar Navas. Se trata de un nuevo secuestro a manos de este grupo liderado por alias \u00abGuacho\u00bb, responsable [&hellip;]<\/p>\n","protected":false},"author":3,"featured_media":0,"comment_status":"open","ping_status":"open","sticky":false,"template":"","format":"standard","meta":{"footnotes":""},"categories":[23],"tags":[],"class_list":["post-230895","post","type-post","status-publish","format-standard","hentry","category-internacional"],"_links":{"self":[{"href":"https:\/\/diariodominicano.com\/index.php?rest_route=\/wp\/v2\/posts\/230895","targetHints":{"allow":["GET"]}}],"collection":[{"href":"https:\/\/diariodominicano.com\/index.php?rest_route=\/wp\/v2\/posts"}],"about":[{"href":"https:\/\/diariodominicano.com\/index.php?rest_route=\/wp\/v2\/types\/post"}],"author":[{"embeddable":true,"href":"https:\/\/diariodominicano.com\/index.php?rest_route=\/wp\/v2\/users\/3"}],"replies":[{"embeddable":true,"href":"https:\/\/diariodominicano.com\/index.php?rest_route=%2Fwp%2Fv2%2Fcomments&post=230895"}],"version-history":[{"count":0,"href":"https:\/\/diariodominicano.com\/index.php?rest_route=\/wp\/v2\/posts\/230895\/revisions"}],"wp:attachment":[{"href":"https:\/\/diariodominicano.com\/index.php?rest_route=%2Fwp%2Fv2%2Fmedia&parent=230895"}],"wp:term":[{"taxonomy":"category","embeddable":true,"href":"https:\/\/diariodominicano.com\/index.php?rest_route=%2Fwp%2Fv2%2Fcategories&post=230895"},{"taxonomy":"post_tag","embeddable":true,"href":"https:\/\/diariodominicano.com\/index.php?rest_route=%2Fwp%2Fv2%2Ftags&post=230895"}],"curies":[{"name":"wp","href":"https:\/\/api.w.org\/{rel}","templated":true}]}}