{"id":230894,"date":"2018-04-17T11:14:46","date_gmt":"2018-04-17T11:14:46","guid":{"rendered":"http:\/\/diariodominicano.ddns.net\/?p=230894"},"modified":"2018-04-17T11:14:46","modified_gmt":"2018-04-17T11:14:46","slug":"putin-y-merkel-ayudaran-a-reanudacion-de-esfuerzos-politicos-sobre-siria-kremlin","status":"publish","type":"post","link":"https:\/\/diariodominicano.com\/?p=230894","title":{"rendered":"Putin y Merkel ayudar\u00e1n a reanudaci\u00f3n de esfuerzos pol\u00edticos sobre Siria: Kremlin"},"content":{"rendered":"<p><body><\/p>\n<p><img decoding=\"async\" src=\"img3\/putinymerkel17.jpg\" \/>  <\/p>\n<p><span class=\"text1noticias\">     MOSCU, 17 abr (Xinhua) &#8212; El presidente de Rusia, Vladimir Putin, y la canciller de Alemania, Angela Merkel, dijeron en una conversaci\u00f3n telef\u00f3nica que est\u00e1n listos para contribuir en los esfuerzos pol\u00edticos y diplom\u00e1ticos sobre Siria, incluidas las conversaciones de paz en Ginebra y Astan\u00e1, dijo hoy el Kremlin.<\/span><\/p>\n<p><span class=\"text1noticias\"> <\/span><\/p>\n<p><span class=\"text1noticias\">     Putin declar\u00f3 que la acci\u00f3n reciente de un grupo de pa\u00edses occidentales contra Siria fue \u00abun acto de agresi\u00f3n\u00bb que viol\u00f3 en gran medida las normas de la ley internacional y caus\u00f3 un da\u00f1o sustancial a la perspectiva de una soluci\u00f3n pol\u00edtica a la crisis siria, indic\u00f3 el Kremlin.<\/span><\/p>\n<p><span class=\"text1noticias\"> <\/span><\/p>\n<p><span class=\"text1noticias\">     \u00abAmbas partes (Putin y Merkel) expresaron su disposici\u00f3n a facilitar la reanudaci\u00f3n de los esfuerzos pol\u00edticos y diplom\u00e1ticos sobre la cuesti\u00f3n siria, incluso en las plataformas de Ginebra y Astan\u00e1, y continuar los contactos bilaterales sobre este asunto\u00bb, agreg\u00f3.<\/span><\/p>\n<p><span class=\"text1noticias\"> <\/span><\/p>\n<p><span class=\"text1noticias\">     Los dos l\u00edderes tambi\u00e9n subrayaron la importancia de llevar a cabo \u00abuna investigaci\u00f3n completa y objetiva\u00bb de la misi\u00f3n de la Organizaci\u00f3n para la Prohibici\u00f3n de las Armas Qu\u00edmicas (OPAQ) en Siria, se\u00f1al\u00f3 el Kremlin.<\/span><\/p>\n<p><span class=\"text1noticias\"> <\/span><\/p>\n<p><span class=\"text1noticias\">     El lunes, la delegaci\u00f3n brit\u00e1nica en la OPAQ acus\u00f3 a Rusia y Siria de impedir el ingreso de la misi\u00f3n a Douma. Mosc\u00fa neg\u00f3 la acusaci\u00f3n y dijo que la ONU fue la que no permiti\u00f3 la visita de los expertos de la OPAQ como resultado de los ataques de misil<\/span>es. <\/p>\n<h6> 2018-04-17 11:14:46 <\/h6>\n<p><!--\n<link rel=\"stylesheet\" href=\"css\/bootstrap.min.css\">\n\n\n<ul class=\"pagination\">\n\t    \n\t\n\n<li >\n\t<a href='?page_no=10559'>Previous<\/a>\n\t<\/li>\n\n\n       \n    \n\n<li><a href='?page_no=1'>1<\/a><\/li>\n\n\n\n<li><a href='?page_no=2'>2<\/a><\/li>\n\n\n\n<li><a>...<\/a><\/li>\n\n\n\n<li><a href='?page_no=10558'>10558<\/a><\/li>\n\n\n\n<li><a href='?page_no=10559'>10559<\/a><\/li>\n\n\n\n<li class='active'><a>10560<\/a><\/li>\n\n\n\n<li><a href='?page_no=10561'>10561<\/a><\/li>\n\n\n\n<li><a href='?page_no=10562'>10562<\/a><\/li>\n\n\n\n<li><a>...<\/a><\/li>\n\n\n\n<li><a href='?page_no=51012'>51012<\/a><\/li>\n\n\n\n<li><a href='?page_no=51013'>51013<\/a><\/li>\n\n    \n\t\n\n<li >\n\t<a href='?page_no=10561'>Next<\/a>\n\t<\/li>\n\n\n    \n\n<li><a href='?page_no=51013'>Last &rsaquo;&rsaquo;<\/a><\/li>\n\n<\/ul>\n\n\n--><br \/>\n<\/body><\/p>\n","protected":false},"excerpt":{"rendered":"<p>MOSCU, 17 abr (Xinhua) &#8212; El presidente de Rusia, Vladimir Putin, y la canciller de Alemania, Angela Merkel, dijeron en una conversaci\u00f3n telef\u00f3nica que est\u00e1n listos para contribuir en los esfuerzos pol\u00edticos y diplom\u00e1ticos sobre Siria, incluidas las conversaciones de paz en Ginebra y Astan\u00e1, dijo hoy el Kremlin. Putin declar\u00f3 que la acci\u00f3n reciente [&hellip;]<\/p>\n","protected":false},"author":3,"featured_media":0,"comment_status":"open","ping_status":"open","sticky":false,"template":"","format":"standard","meta":{"footnotes":""},"categories":[23],"tags":[],"class_list":["post-230894","post","type-post","status-publish","format-standard","hentry","category-internacional"],"_links":{"self":[{"href":"https:\/\/diariodominicano.com\/index.php?rest_route=\/wp\/v2\/posts\/230894","targetHints":{"allow":["GET"]}}],"collection":[{"href":"https:\/\/diariodominicano.com\/index.php?rest_route=\/wp\/v2\/posts"}],"about":[{"href":"https:\/\/diariodominicano.com\/index.php?rest_route=\/wp\/v2\/types\/post"}],"author":[{"embeddable":true,"href":"https:\/\/diariodominicano.com\/index.php?rest_route=\/wp\/v2\/users\/3"}],"replies":[{"embeddable":true,"href":"https:\/\/diariodominicano.com\/index.php?rest_route=%2Fwp%2Fv2%2Fcomments&post=230894"}],"version-history":[{"count":0,"href":"https:\/\/diariodominicano.com\/index.php?rest_route=\/wp\/v2\/posts\/230894\/revisions"}],"wp:attachment":[{"href":"https:\/\/diariodominicano.com\/index.php?rest_route=%2Fwp%2Fv2%2Fmedia&parent=230894"}],"wp:term":[{"taxonomy":"category","embeddable":true,"href":"https:\/\/diariodominicano.com\/index.php?rest_route=%2Fwp%2Fv2%2Fcategories&post=230894"},{"taxonomy":"post_tag","embeddable":true,"href":"https:\/\/diariodominicano.com\/index.php?rest_route=%2Fwp%2Fv2%2Ftags&post=230894"}],"curies":[{"name":"wp","href":"https:\/\/api.w.org\/{rel}","templated":true}]}}