{"id":230890,"date":"2018-04-18T01:32:25","date_gmt":"2018-04-18T01:32:25","guid":{"rendered":"http:\/\/diariodominicano.ddns.net\/?p=230890"},"modified":"2018-04-18T01:32:25","modified_gmt":"2018-04-18T01:32:25","slug":"bolivia-buscara-afianzar-ciudadania-suramericana-al-presidir-unasur","status":"publish","type":"post","link":"https:\/\/diariodominicano.com\/?p=230890","title":{"rendered":"Bolivia buscar\u00e1 afianzar ciudadan\u00eda suramericana al presidir Unasur"},"content":{"rendered":"<p><body><\/p>\n<p>ESPECIAL: Bolivia buscar\u00e1 afianzar ciudadan\u00eda suramericana al presidir Unasur<\/p>\n<\/p>\n<\/p>\n<p>   Por Ren\u00e9 Quenallata Paredes<\/p>\n<\/p>\n<p>   LA PAZ, 17 abr (Xinhua) &#8212; Bolivia hace efectiva a partir de hoy martes la presidencia pro t\u00e9mpore de la Uni\u00f3n de Naciones Suramericanas (Unasur), la cual le fue traspasada el 12 de abril por Argentina.<\/p>\n<\/p>\n<p>   \u00abDesde este martes, Bolivia asumi\u00f3 la presidencia de este organismo de integraci\u00f3n regional y tendr\u00e1 como su principal objetivo el de afianzar la ciudadan\u00eda regional, como lo expres\u00f3 el canciller Fernando Huanacuni\u00bb, afirm\u00f3 el coordinador del proyecto de la nueva sede de la Unasur, Marco Antonio Saavedra.<\/p>\n<\/p>\n<p>   \u00abComo Bolivia plantearemos la ciudadan\u00eda suramericana con libre ingreso de los ciudadanos de esta patria grande\u00bb, asever\u00f3 Saavedra en entrevista con Xinhua. <\/p>\n<\/p>\n<p>   La Unasur es una comunidad pol\u00edtica y econ\u00f3mica integrada por 12 miembros, cuyo Tratado Constitutivo se firm\u00f3 en la ciudad brasile\u00f1a de Brasilia el 23 de mayo de 2008.<\/p>\n<\/p>\n<p>   La Unasur est\u00e1 conformada por Argentina, Bolivia, Brasil, Chile, Colombia, Ecuador, Guyana, Paraguay, Per\u00fa, Surinam, Uruguay y Venezuela. <\/p>\n<\/p>\n<p>   Saavedra manifest\u00f3 que tambi\u00e9n existen retos y desaf\u00edos, como el nombramiento del nuevo secretario general de la Unasur.<\/p>\n<\/p>\n<p>   Otros retos son el establecimiento del Parlamento Suramericano, as\u00ed como la integraci\u00f3n f\u00edsica y energ\u00e9tica, adem\u00e1s del avance de la ciudadan\u00eda suramericana.<\/p>\n<\/p>\n<p>   Antonio Saavedra explic\u00f3 tambi\u00e9n a Xinhua los detalles del nuevo edificio de la Unasur en el municipio de San Benito, en el departamento boliviano de Cochabamba (centro), que albergar\u00e1 al parlamento de la instancia regional.<\/p>\n<\/p>\n<p>   Indic\u00f3 que el nuevo edifico en San Benito se entregar\u00e1 la pr\u00f3xima semana con una cumbre internacional, al tiempo que las actividades del parlamento se consolidar\u00e1n a partir de mayo pr\u00f3ximo, seg\u00fan la previsi\u00f3n del gobierno.  <\/p>\n<\/p>\n<p>   La construcci\u00f3n del edificio se inici\u00f3 en marzo de 2014 en una superficie de 460 hect\u00e1reas, cuya inversi\u00f3n supera los 72 millones de d\u00f3lares financiados por el Tesoro General de la Naci\u00f3n.<\/p>\n<\/p>\n<p>   La sede corresponde a un proyecto urbano que incluye 8,4 kil\u00f3metros de v\u00edas de comunicaci\u00f3n habilitadas, as\u00ed como servicios p\u00fablicos subterr\u00e1neos que ya fueron concluidos. <\/p>\n<\/p>\n<p>   Por su parte, la presidenta del Parlamento Andino, diputada Edith Mendoza, record\u00f3 en contacto telef\u00f3nico con Xinhua que Bolivia ser\u00e1 sede el pr\u00f3ximo 25 de abril de la XII Cumbre de Presidentas de Parlamentos. <\/p>\n<\/p>\n<p>   \u00abVamos a utilizar la sede de la Unasur con la XII Cumbre Internacional de Presidentas de Parlamentos, donde participar\u00e1n 43 pa\u00edses del mundo\u00bb, coment\u00f3 Mendoza.<\/p>\n<\/p>\n<p>   Durante la Cumbre de Presidentas de Parlamentos, legisladoras de m\u00e1s de 43 pa\u00edses discutir\u00e1n tem\u00e1ticas de g\u00e9nero como feminicidio, participaci\u00f3n, inclusi\u00f3n y toma de decisiones en el \u00e1mbito pol\u00edtico.<\/p>\n<\/p>\n<p>   Mendoza dijo que para el evento que estrenar\u00e1 la obra se ha confirmado hasta el momento la asistencia de representantes de 25 pa\u00edses. <\/p>\n<\/p>\n<p>   La legisladora se\u00f1al\u00f3 que Bolivia tiene el segundo lugar en participaci\u00f3n e inclusi\u00f3n de la mujer en el \u00e1mbito pol\u00edtico, por lo que \u00absomos inspiraci\u00f3n\u00bb para que mujeres de todo el mundo tomen parte de la pol\u00edtica en sus pa\u00edses. Fin<\/p>\n<h6> 2018-04-18 01:32:25 <\/h6>\n<p><!--\n<link rel=\"stylesheet\" href=\"css\/bootstrap.min.css\">\n\n\n<ul class=\"pagination\">\n\t    \n\t\n\n<li >\n\t<a href='?page_no=10556'>Previous<\/a>\n\t<\/li>\n\n\n       \n    \n\n<li><a href='?page_no=1'>1<\/a><\/li>\n\n\n\n<li><a href='?page_no=2'>2<\/a><\/li>\n\n\n\n<li><a>...<\/a><\/li>\n\n\n\n<li><a href='?page_no=10555'>10555<\/a><\/li>\n\n\n\n<li><a href='?page_no=10556'>10556<\/a><\/li>\n\n\n\n<li class='active'><a>10557<\/a><\/li>\n\n\n\n<li><a href='?page_no=10558'>10558<\/a><\/li>\n\n\n\n<li><a href='?page_no=10559'>10559<\/a><\/li>\n\n\n\n<li><a>...<\/a><\/li>\n\n\n\n<li><a href='?page_no=51012'>51012<\/a><\/li>\n\n\n\n<li><a href='?page_no=51013'>51013<\/a><\/li>\n\n    \n\t\n\n<li >\n\t<a href='?page_no=10558'>Next<\/a>\n\t<\/li>\n\n\n    \n\n<li><a href='?page_no=51013'>Last &rsaquo;&rsaquo;<\/a><\/li>\n\n<\/ul>\n\n\n--><br \/>\n<\/body><\/p>\n","protected":false},"excerpt":{"rendered":"<p>ESPECIAL: Bolivia buscar\u00e1 afianzar ciudadan\u00eda suramericana al presidir Unasur Por Ren\u00e9 Quenallata Paredes LA PAZ, 17 abr (Xinhua) &#8212; Bolivia hace efectiva a partir de hoy martes la presidencia pro t\u00e9mpore de la Uni\u00f3n de Naciones Suramericanas (Unasur), la cual le fue traspasada el 12 de abril por Argentina. \u00abDesde este martes, Bolivia asumi\u00f3 la [&hellip;]<\/p>\n","protected":false},"author":3,"featured_media":0,"comment_status":"open","ping_status":"open","sticky":false,"template":"","format":"standard","meta":{"footnotes":""},"categories":[23],"tags":[],"class_list":["post-230890","post","type-post","status-publish","format-standard","hentry","category-internacional"],"_links":{"self":[{"href":"https:\/\/diariodominicano.com\/index.php?rest_route=\/wp\/v2\/posts\/230890","targetHints":{"allow":["GET"]}}],"collection":[{"href":"https:\/\/diariodominicano.com\/index.php?rest_route=\/wp\/v2\/posts"}],"about":[{"href":"https:\/\/diariodominicano.com\/index.php?rest_route=\/wp\/v2\/types\/post"}],"author":[{"embeddable":true,"href":"https:\/\/diariodominicano.com\/index.php?rest_route=\/wp\/v2\/users\/3"}],"replies":[{"embeddable":true,"href":"https:\/\/diariodominicano.com\/index.php?rest_route=%2Fwp%2Fv2%2Fcomments&post=230890"}],"version-history":[{"count":0,"href":"https:\/\/diariodominicano.com\/index.php?rest_route=\/wp\/v2\/posts\/230890\/revisions"}],"wp:attachment":[{"href":"https:\/\/diariodominicano.com\/index.php?rest_route=%2Fwp%2Fv2%2Fmedia&parent=230890"}],"wp:term":[{"taxonomy":"category","embeddable":true,"href":"https:\/\/diariodominicano.com\/index.php?rest_route=%2Fwp%2Fv2%2Fcategories&post=230890"},{"taxonomy":"post_tag","embeddable":true,"href":"https:\/\/diariodominicano.com\/index.php?rest_route=%2Fwp%2Fv2%2Ftags&post=230890"}],"curies":[{"name":"wp","href":"https:\/\/api.w.org\/{rel}","templated":true}]}}