{"id":230887,"date":"2018-04-18T08:26:01","date_gmt":"2018-04-18T08:26:01","guid":{"rendered":"http:\/\/diariodominicano.ddns.net\/?p=230887"},"modified":"2018-04-18T08:26:01","modified_gmt":"2018-04-18T08:26:01","slug":"trump-confirma-que-el-director-de-la-cia-se-reunio-con-kim-en-corea-del-norte","status":"publish","type":"post","link":"https:\/\/diariodominicano.com\/?p=230887","title":{"rendered":"Trump confirma que el director de la CIA se reuni\u00f3 con Kim en Corea del Norte"},"content":{"rendered":"<p><body><\/p>\n<p><img decoding=\"async\" src=\"img3\/13ab7b0d9f4bbafbb33c81a76d35b9c82278cce7.jpg\" \/>  <\/p>\n<p>AFP \/ Mandel Ngan<\/p>\n<p>El presidente de EEUU, Donald Trump, escucha al primer ministro de Jap\u00f3n, Shinzo Abe, el 17 de abril de 2018 en Palm Beach, Florida<\/p>\n<p>Donald Trump confirm\u00f3 este mi\u00e9rcoles que el director de la CIA, Mike Pompeo, se reuni\u00f3 con Kim Jong Un en Corea del Norte, previo a la cumbre prevista entre el presidente estadounidense y el l\u00edder norcoreano.<\/p>\n<\/p>\n<p>\u00abMike Pompeo se reuni\u00f3 con Kim Jong Un en Corea del Norte la semana pasada. La reuni\u00f3n fue muy fluida y se gener\u00f3 una buena relaci\u00f3n. Ahora se est\u00e1 trabajando en los detalles de la cumbre\u00bb, dijo Trump en Twitter.<\/p>\n<\/p>\n<p>\u00ab\u00a1La desnuclearizaci\u00f3n ser\u00e1 una gran cosa para el mundo, y tambi\u00e9n para Corea del Norte!\u00bb, agreg\u00f3.<\/p>\n<\/p>\n<p>El diario The Washington Post hab\u00eda informado el martes de un viaje de Pompeo a Corea del Norte en la primera semana de abril.<\/p>\n<\/p>\n<p>El encuentro de Pompeo con Kim es parte de los preparativos de la hist\u00f3rica cumbre que tendr\u00e1 lugar en las pr\u00f3ximas semanas entre Trump y el l\u00edder norcoreano, indic\u00f3 el peri\u00f3dico, citando a dos fuentes con conocimiento directo del viaje.<\/p>\n<\/p>\n<p>La visita de Pompeo a Corea del Norte se produjo poco despu\u00e9s de que Trump designara al jefe de la CIA para encabezar el Departamento de Estado en sustituci\u00f3n de Rex Tillerson, agreg\u00f3 el diario.<\/p>\n<\/p>\n<p>Al hablar el martes en Florida, donde recibi\u00f3 al primer ministro japon\u00e9s, Shinzo Abe, Trump dijo que hab\u00eda dado su \u00abbendici\u00f3n\u00bb a las conversaciones que buscan poner formalmente fin a la Guerra de Corea.<\/p>\n<\/p>\n<p>Y agreg\u00f3 que \u00abhay una posibilidad real de resolver un problema mundial\u00bb.<\/p>\n<h6> 2018-04-18 08:26:01 <\/h6>\n<p><!--\n<link rel=\"stylesheet\" href=\"css\/bootstrap.min.css\">\n\n\n<ul class=\"pagination\">\n\t    \n\t\n\n<li >\n\t<a href='?page_no=10553'>Previous<\/a>\n\t<\/li>\n\n\n       \n    \n\n<li><a href='?page_no=1'>1<\/a><\/li>\n\n\n\n<li><a href='?page_no=2'>2<\/a><\/li>\n\n\n\n<li><a>...<\/a><\/li>\n\n\n\n<li><a href='?page_no=10552'>10552<\/a><\/li>\n\n\n\n<li><a href='?page_no=10553'>10553<\/a><\/li>\n\n\n\n<li class='active'><a>10554<\/a><\/li>\n\n\n\n<li><a href='?page_no=10555'>10555<\/a><\/li>\n\n\n\n<li><a href='?page_no=10556'>10556<\/a><\/li>\n\n\n\n<li><a>...<\/a><\/li>\n\n\n\n<li><a href='?page_no=51012'>51012<\/a><\/li>\n\n\n\n<li><a href='?page_no=51013'>51013<\/a><\/li>\n\n    \n\t\n\n<li >\n\t<a href='?page_no=10555'>Next<\/a>\n\t<\/li>\n\n\n    \n\n<li><a href='?page_no=51013'>Last &rsaquo;&rsaquo;<\/a><\/li>\n\n<\/ul>\n\n\n--><br \/>\n<\/body><\/p>\n","protected":false},"excerpt":{"rendered":"<p>AFP \/ Mandel Ngan El presidente de EEUU, Donald Trump, escucha al primer ministro de Jap\u00f3n, Shinzo Abe, el 17 de abril de 2018 en Palm Beach, Florida Donald Trump confirm\u00f3 este mi\u00e9rcoles que el director de la CIA, Mike Pompeo, se reuni\u00f3 con Kim Jong Un en Corea del Norte, previo a la cumbre [&hellip;]<\/p>\n","protected":false},"author":3,"featured_media":0,"comment_status":"open","ping_status":"open","sticky":false,"template":"","format":"standard","meta":{"footnotes":""},"categories":[23],"tags":[],"class_list":["post-230887","post","type-post","status-publish","format-standard","hentry","category-internacional"],"_links":{"self":[{"href":"https:\/\/diariodominicano.com\/index.php?rest_route=\/wp\/v2\/posts\/230887","targetHints":{"allow":["GET"]}}],"collection":[{"href":"https:\/\/diariodominicano.com\/index.php?rest_route=\/wp\/v2\/posts"}],"about":[{"href":"https:\/\/diariodominicano.com\/index.php?rest_route=\/wp\/v2\/types\/post"}],"author":[{"embeddable":true,"href":"https:\/\/diariodominicano.com\/index.php?rest_route=\/wp\/v2\/users\/3"}],"replies":[{"embeddable":true,"href":"https:\/\/diariodominicano.com\/index.php?rest_route=%2Fwp%2Fv2%2Fcomments&post=230887"}],"version-history":[{"count":0,"href":"https:\/\/diariodominicano.com\/index.php?rest_route=\/wp\/v2\/posts\/230887\/revisions"}],"wp:attachment":[{"href":"https:\/\/diariodominicano.com\/index.php?rest_route=%2Fwp%2Fv2%2Fmedia&parent=230887"}],"wp:term":[{"taxonomy":"category","embeddable":true,"href":"https:\/\/diariodominicano.com\/index.php?rest_route=%2Fwp%2Fv2%2Fcategories&post=230887"},{"taxonomy":"post_tag","embeddable":true,"href":"https:\/\/diariodominicano.com\/index.php?rest_route=%2Fwp%2Fv2%2Ftags&post=230887"}],"curies":[{"name":"wp","href":"https:\/\/api.w.org\/{rel}","templated":true}]}}