{"id":230886,"date":"2018-04-18T08:29:54","date_gmt":"2018-04-18T08:29:54","guid":{"rendered":"http:\/\/diariodominicano.ddns.net\/?p=230886"},"modified":"2018-04-18T08:29:54","modified_gmt":"2018-04-18T08:29:54","slug":"gran-evacuacion-el-viernes-en-berlin-para-desactivar-una-bomba-de-la-segunda-guerra-mundial","status":"publish","type":"post","link":"https:\/\/diariodominicano.com\/?p=230886","title":{"rendered":"Gran evacuaci\u00f3n el viernes en Berl\u00edn para desactivar una bomba de la Segunda Guerra Mundial"},"content":{"rendered":"<p><body><\/p>\n<p><img decoding=\"async\" src=\"img3\/ab3c7bffdf25c5c95f7cbe70dd0733d9d7aceb24.jpg\" \/>  <\/p>\n<p>AFP\/Archivos \/ Odd Andersen<\/p>\n<p>La polic\u00eda alemana se despliega el 2 de octubre de 2017 cerca del lugar de Berl\u00edn donde se hall\u00f3 una bomba de la Segunda Guerra Mundial<\/p>\n<p>El viernes se llevar\u00e1 a cabo una gran evacuaci\u00f3n del centro de Berl\u00edn para desactivar una bomba de la Segunda Guerra Mundial descubierta en una obra cerca de la estaci\u00f3n central de ferrocarril, anunci\u00f3 este martes la polic\u00eda de la capital alemana.<\/p>\n<\/p>\n<p>La estaci\u00f3n central, los ministerios de Econom\u00eda y de Transportes, las embajadas, el hospital del ej\u00e9rcito alem\u00e1n y la sede del Servicio Federal de Inteligencia (BND) ser\u00e1n evacuados, indic\u00f3 un portavoz de la polic\u00eda,.<\/p>\n<\/p>\n<p>En el per\u00edmetro de seguridad tambi\u00e9n entran edificios de viviendas, museos y oficinas, pero es \u00abprematuro\u00bb decir cu\u00e1ntas personas se ver\u00e1n afectadas por la evacuaci\u00f3n, prevista a las 09H00 locales (07H00 GMT).<\/p>\n<\/p>\n<p>El transporte ferroviario desde y hacia Berl\u00edn se ver\u00e1 muy perturbado ya que la principal estaci\u00f3n de la capital alemana entra de pleno en el per\u00edmetro de seguridad. La compa\u00f1\u00eda nacional de ferrocarriles, Deutsche Bahn, a\u00fan no hizo anuncios al respecto.<\/p>\n<\/p>\n<p>El pasado octubre 10.000 personas de un barrio del sudoeste de Berl\u00edn fueron evacuadas mientras que los servicios de desminado desactivaban una bomba de 250 kilos.<\/p>\n<\/p>\n<p>Y en septiembre de 2017, el descubrimiento en Fr\u00e1ncfort de una enorme bomba brit\u00e1nica dotada de una carga explosiva de 1,4 toneladas desencaden\u00f3 la mayor operaci\u00f3n de desminado de este tipo desde 1945. Unos 65.000 habitantes fueron evacuados previamente.<\/p>\n<h6> 2018-04-18 08:29:54 <\/h6>\n<p><!--\n<link rel=\"stylesheet\" href=\"css\/bootstrap.min.css\">\n\n\n<ul class=\"pagination\">\n\t    \n\t\n\n<li >\n\t<a href='?page_no=10552'>Previous<\/a>\n\t<\/li>\n\n\n       \n    \n\n<li><a href='?page_no=1'>1<\/a><\/li>\n\n\n\n<li><a href='?page_no=2'>2<\/a><\/li>\n\n\n\n<li><a>...<\/a><\/li>\n\n\n\n<li><a href='?page_no=10551'>10551<\/a><\/li>\n\n\n\n<li><a href='?page_no=10552'>10552<\/a><\/li>\n\n\n\n<li class='active'><a>10553<\/a><\/li>\n\n\n\n<li><a href='?page_no=10554'>10554<\/a><\/li>\n\n\n\n<li><a href='?page_no=10555'>10555<\/a><\/li>\n\n\n\n<li><a>...<\/a><\/li>\n\n\n\n<li><a href='?page_no=51012'>51012<\/a><\/li>\n\n\n\n<li><a href='?page_no=51013'>51013<\/a><\/li>\n\n    \n\t\n\n<li >\n\t<a href='?page_no=10554'>Next<\/a>\n\t<\/li>\n\n\n    \n\n<li><a href='?page_no=51013'>Last &rsaquo;&rsaquo;<\/a><\/li>\n\n<\/ul>\n\n\n--><br \/>\n<\/body><\/p>\n","protected":false},"excerpt":{"rendered":"<p>AFP\/Archivos \/ Odd Andersen La polic\u00eda alemana se despliega el 2 de octubre de 2017 cerca del lugar de Berl\u00edn donde se hall\u00f3 una bomba de la Segunda Guerra Mundial El viernes se llevar\u00e1 a cabo una gran evacuaci\u00f3n del centro de Berl\u00edn para desactivar una bomba de la Segunda Guerra Mundial descubierta en una [&hellip;]<\/p>\n","protected":false},"author":3,"featured_media":0,"comment_status":"open","ping_status":"open","sticky":false,"template":"","format":"standard","meta":{"footnotes":""},"categories":[23],"tags":[],"class_list":["post-230886","post","type-post","status-publish","format-standard","hentry","category-internacional"],"_links":{"self":[{"href":"https:\/\/diariodominicano.com\/index.php?rest_route=\/wp\/v2\/posts\/230886","targetHints":{"allow":["GET"]}}],"collection":[{"href":"https:\/\/diariodominicano.com\/index.php?rest_route=\/wp\/v2\/posts"}],"about":[{"href":"https:\/\/diariodominicano.com\/index.php?rest_route=\/wp\/v2\/types\/post"}],"author":[{"embeddable":true,"href":"https:\/\/diariodominicano.com\/index.php?rest_route=\/wp\/v2\/users\/3"}],"replies":[{"embeddable":true,"href":"https:\/\/diariodominicano.com\/index.php?rest_route=%2Fwp%2Fv2%2Fcomments&post=230886"}],"version-history":[{"count":0,"href":"https:\/\/diariodominicano.com\/index.php?rest_route=\/wp\/v2\/posts\/230886\/revisions"}],"wp:attachment":[{"href":"https:\/\/diariodominicano.com\/index.php?rest_route=%2Fwp%2Fv2%2Fmedia&parent=230886"}],"wp:term":[{"taxonomy":"category","embeddable":true,"href":"https:\/\/diariodominicano.com\/index.php?rest_route=%2Fwp%2Fv2%2Fcategories&post=230886"},{"taxonomy":"post_tag","embeddable":true,"href":"https:\/\/diariodominicano.com\/index.php?rest_route=%2Fwp%2Fv2%2Ftags&post=230886"}],"curies":[{"name":"wp","href":"https:\/\/api.w.org\/{rel}","templated":true}]}}