{"id":230885,"date":"2018-04-18T08:33:43","date_gmt":"2018-04-18T08:33:43","guid":{"rendered":"http:\/\/diariodominicano.ddns.net\/?p=230885"},"modified":"2018-04-18T08:33:43","modified_gmt":"2018-04-18T08:33:43","slug":"prestigiosa-universidad-francesa-sciences-po-bloqueada-por-estudiantes","status":"publish","type":"post","link":"https:\/\/diariodominicano.com\/?p=230885","title":{"rendered":"Prestigiosa universidad francesa Sciences Po bloqueada por estudiantes"},"content":{"rendered":"<p><body><\/p>\n<p><img decoding=\"async\" src=\"img3\/c9dae5bdaa83123836f4878aef08bb65cb59cc33.jpg\" \/>  <\/p>\n<\/p>\n<p>AFP \/ Bertrand GUAY<\/p>\n<p>Entrada principal de la universidad de Sciences Po de Par\u00eds, donde estudi\u00f3 el presidente Emmanuel Macron, ocupada por los estudiantes el 18 de abril de 2018<\/p>\n<p>La entrada principal de la prestigiosa universidad Science Po en Par\u00eds fue cerrada el mi\u00e9rcoles despu\u00e9s de que estudiantes que se oponen a la reforma educativa del presidente Emmanuel Macron ocuparan una parte del establecimiento, constat\u00f3 un periodista de la AFP.<\/p>\n<\/p>\n<p>La direcci\u00f3n del Instituto de Ciencias Pol\u00edticas de Par\u00eds, donde estudia buena parte de la \u00e9lite francesa, explic\u00f3 la decisi\u00f3n por motivos de seguridad.<\/p>\n<\/p>\n<p>\u00abEl edificio principal de Sciences Po Par\u00eds est\u00e1 ocupado de manera pac\u00edfica, en base a una decisi\u00f3n tomada durante una asamblea general de estudiantes\u00bb, indicaron estudiantes en un comunicado enviado a la AFP la noche del martes.<\/p>\n<\/p>\n<p>\u00abOcupar Science Po es fuertemente simb\u00f3lico ya que es aqu\u00ed donde estudi\u00f3 Emmanuel Macron y varios miembros de su mayor\u00eda parlamentaria\u00bb, agregaron en la nota los estudiantes de esta gran universidad francesa.<\/p>\n<\/p>\n<p>Los estudiantes desplegaron pancartas en la fachada del edificio, ubicado en el c\u00e9ntrico distrito 7\u00ba de la capital francesa, con lemas como \u00ablos estudiantes de Science Po contra la dictadura macronista\u00bb o \u00abMacron tu universidad est\u00e1 bloqueada\u00bb.<\/p>\n<\/p>\n<p>Un centenar de estudiantes se concentraron por la ma\u00f1ana frente al establecimiento, algunos para ir a clases, otros en solidaridad con sus compa\u00f1eros.<\/p>\n<\/p>\n<p>Entre ellos, Thomas, estudiante en M\u00e1ster en Relaciones Internacionales, quien dijo a la AFP apoyar este movimiento que hace parte de una \u00abcontestaci\u00f3n m\u00e1s global contra la pol\u00edtica del gobierno\u00bb.<\/p>\n<\/p>\n<p>\u00ab\u00a1Es una verg\u00fcenza! denunci\u00f3 en cambio Paul, estudiante en primer a\u00f1o. \u00abEs una minor\u00eda la que est\u00e1 bloqueando. Mucha gente quiere ir a clase. Hay una minor\u00eda silenciosa que no quiere esto\u00bb, dijo.<\/p>\n<\/p>\n<p>Estudiantes franceses ocupan desde marzo un pu\u00f1ado de universidades para protestar contra una reforma educativa de Emmanuel Macron, que quiere otorgar a las universidades p\u00fablicas el poder de establecer criterios de admisi\u00f3n.<\/p>\n<\/p>\n<p>Para los estudiantes, esta reforma es un primer paso hacia un sistema de selecci\u00f3n hasta ahora tab\u00fa en el pa\u00eds de la \u00abeducaci\u00f3n gratuita para todos\u00bb.<\/p>\n<\/p>\n<p>El jueves pasado, la polic\u00eda intervino para evacuar la reputada universidad de la Sorbona, ocupada por unos 200 estudiantes.<\/p>\n<\/p>\n<p>Otras universidades han sido evacuadas en los \u00faltimos d\u00edas, incluyendo Nanterre, cerca de Par\u00eds, que fue la cuna del gran movimiento de protesta estudiantil de mayo 68.<\/p>\n<\/p>\n<p>El bloqueo de Sciences Po coincide con la s\u00e9ptima jornada de huelgas de trabajadores ferroviarios contra una pol\u00e9mica reforma del sector lanzada por Macron.<\/p>\n<\/p>\n<p>El tr\u00e1fico ferroviario estar\u00e1 nuevamente perturbado el mi\u00e9rcoles, pero menos que en los d\u00edas previos.<\/p>\n<h6> 2018-04-18 08:33:43 <\/h6>\n<p><!--\n<link rel=\"stylesheet\" href=\"css\/bootstrap.min.css\">\n\n\n<ul class=\"pagination\">\n\t    \n\t\n\n<li >\n\t<a href='?page_no=10551'>Previous<\/a>\n\t<\/li>\n\n\n       \n    \n\n<li><a href='?page_no=1'>1<\/a><\/li>\n\n\n\n<li><a href='?page_no=2'>2<\/a><\/li>\n\n\n\n<li><a>...<\/a><\/li>\n\n\n\n<li><a href='?page_no=10550'>10550<\/a><\/li>\n\n\n\n<li><a href='?page_no=10551'>10551<\/a><\/li>\n\n\n\n<li class='active'><a>10552<\/a><\/li>\n\n\n\n<li><a href='?page_no=10553'>10553<\/a><\/li>\n\n\n\n<li><a href='?page_no=10554'>10554<\/a><\/li>\n\n\n\n<li><a>...<\/a><\/li>\n\n\n\n<li><a href='?page_no=51012'>51012<\/a><\/li>\n\n\n\n<li><a href='?page_no=51013'>51013<\/a><\/li>\n\n    \n\t\n\n<li >\n\t<a href='?page_no=10553'>Next<\/a>\n\t<\/li>\n\n\n    \n\n<li><a href='?page_no=51013'>Last &rsaquo;&rsaquo;<\/a><\/li>\n\n<\/ul>\n\n\n--><br \/>\n<\/body><\/p>\n","protected":false},"excerpt":{"rendered":"<p>AFP \/ Bertrand GUAY Entrada principal de la universidad de Sciences Po de Par\u00eds, donde estudi\u00f3 el presidente Emmanuel Macron, ocupada por los estudiantes el 18 de abril de 2018 La entrada principal de la prestigiosa universidad Science Po en Par\u00eds fue cerrada el mi\u00e9rcoles despu\u00e9s de que estudiantes que se oponen a la reforma [&hellip;]<\/p>\n","protected":false},"author":3,"featured_media":0,"comment_status":"open","ping_status":"open","sticky":false,"template":"","format":"standard","meta":{"footnotes":""},"categories":[23],"tags":[],"class_list":["post-230885","post","type-post","status-publish","format-standard","hentry","category-internacional"],"_links":{"self":[{"href":"https:\/\/diariodominicano.com\/index.php?rest_route=\/wp\/v2\/posts\/230885","targetHints":{"allow":["GET"]}}],"collection":[{"href":"https:\/\/diariodominicano.com\/index.php?rest_route=\/wp\/v2\/posts"}],"about":[{"href":"https:\/\/diariodominicano.com\/index.php?rest_route=\/wp\/v2\/types\/post"}],"author":[{"embeddable":true,"href":"https:\/\/diariodominicano.com\/index.php?rest_route=\/wp\/v2\/users\/3"}],"replies":[{"embeddable":true,"href":"https:\/\/diariodominicano.com\/index.php?rest_route=%2Fwp%2Fv2%2Fcomments&post=230885"}],"version-history":[{"count":0,"href":"https:\/\/diariodominicano.com\/index.php?rest_route=\/wp\/v2\/posts\/230885\/revisions"}],"wp:attachment":[{"href":"https:\/\/diariodominicano.com\/index.php?rest_route=%2Fwp%2Fv2%2Fmedia&parent=230885"}],"wp:term":[{"taxonomy":"category","embeddable":true,"href":"https:\/\/diariodominicano.com\/index.php?rest_route=%2Fwp%2Fv2%2Fcategories&post=230885"},{"taxonomy":"post_tag","embeddable":true,"href":"https:\/\/diariodominicano.com\/index.php?rest_route=%2Fwp%2Fv2%2Ftags&post=230885"}],"curies":[{"name":"wp","href":"https:\/\/api.w.org\/{rel}","templated":true}]}}