{"id":230884,"date":"2018-04-18T08:58:11","date_gmt":"2018-04-18T08:58:11","guid":{"rendered":"http:\/\/diariodominicano.ddns.net\/?p=230884"},"modified":"2018-04-18T08:58:11","modified_gmt":"2018-04-18T08:58:11","slug":"comienza-en-cuba-sesion-constitutiva-de-parlamento-que-elegira-a-sucesor-de-raul-castro","status":"publish","type":"post","link":"https:\/\/diariodominicano.com\/?p=230884","title":{"rendered":"&#13;&#13;&#13;Comienza en Cuba sesi\u00f3n constitutiva de parlamento que elegir\u00e1 a sucesor de Ra\u00fal Castro"},"content":{"rendered":"<p><body><\/p>\n<p><span class=\"text1noticias\">    LA HABANA, 18 abr (Xinhua) &#8212; La Asamblea Nacional del Poder Popular (parlamento unicameral) de Cuba comenz\u00f3 hoy mi\u00e9rcoles la sesi\u00f3n constitutiva de la IX Legislatura, que deber\u00e1 elegir al sucesor de Ra\u00fal Castro como jefe de Estado.<\/span><\/p>\n<\/p>\n<p><span class=\"text1noticias\">     El Palacio de las Convenciones acoge la sesi\u00f3n plenaria, a la que asiste Castro, en la que tomar\u00e1n posesi\u00f3n los 605 diputados electos de manera directa por la poblaci\u00f3n el pasado 11 de marzo.<\/span><\/p>\n<\/p>\n<p><span class=\"text1noticias\">     La reuni\u00f3n fue convocada en principio para el 24 de febrero pasado, pero debido a la situaci\u00f3n \u00abexcepcional\u00bb provocada por el hurac\u00e1n Irma, que en septiembre \u00faltimo caus\u00f3 destrozos severos en casi todo el pa\u00eds, el Consejo de Estado decidi\u00f3 cambiar la fecha del encuentro.<\/span><\/p>\n<\/p>\n<p><span class=\"text1noticias\">     Los diputados al parlamento fueron electos en consulta popular que cont\u00f3 con la asistencia de 7,4 millones de electores, el 82,9 por ciento de los empadronados, quienes tambi\u00e9n refrendaron en la misma jornada a los 1.265 delegados de las 15 asambleas provinciales.<\/span><\/p>\n<\/p>\n<p><span class=\"text1noticias\">     La relaci\u00f3n de los 605 legisladores muestra un promedio de edad de 49 a\u00f1os, y el 53 por ciento son mujeres, es decir, el segundo parlamento del mundo con mayor representaci\u00f3n femenina superado solo por Ruanda.<\/span><\/p>\n<\/p>\n<p><span class=\"text1noticias\">     Asimismo, casi un 41 por ciento son negros o mestizos y m\u00e1s del 86 por ciento tiene estudios superiores.<\/span><\/p>\n<\/p>\n<p><span class=\"text1noticias\">     Tras la juramentaci\u00f3n del nuevo parlamento, este proceder\u00e1 a elegir entre sus miembros, mediante votaci\u00f3n directa y secreta, a su presidente, vicepresidente y secretario.<\/span><\/p>\n<\/p>\n<p><span class=\"text1noticias\">     La sesi\u00f3n parlamentaria tendr\u00e1 un momento hist\u00f3rico cuando elija de entre sus integrantes, por votaci\u00f3n directa y secreta, a los 31 miembros del Consejo de Estado, incluido su presidente.<\/span><\/p>\n<\/p>\n<p><span class=\"text1noticias\">     La votaci\u00f3n se efectuar\u00e1 durante esta jornada, pero los resultados se dar\u00e1n a conocer ma\u00f1ana jueves en otra sesi\u00f3n plenaria del parlamento.<\/span><\/p>\n<\/p>\n<p><span class=\"text1noticias\">     Castro, de 86 a\u00f1os y una d\u00e9cada al frente de la direcci\u00f3n del pa\u00eds, reiter\u00f3 en diciembre \u00faltimo, al clausurar una sesi\u00f3n del parlamento, que dejar\u00eda la presidencia cuando la nueva legislatura iniciara su mandato.<\/span><\/p>\n<\/p>\n<p><span class=\"text1noticias\">     \u00abCuando la Asamblea Nacional se constituya, habr\u00e9 concluido mi segundo y \u00faltimo mandato al frente del Estado y del gobierno, y Cuba tendr\u00e1 un nuevo presidente\u00bb, expres\u00f3 entonces.<\/span><\/p>\n<\/p>\n<p><span class=\"text1noticias\">     De esa manera, se pondr\u00eda fin a casi seis d\u00e9cadas del apellido Castro en la direcci\u00f3n del pa\u00eds, ya que Ra\u00fal relev\u00f3 en 2008, de manera oficial, al hist\u00f3rico l\u00edder del proceso revolucionario cubano, su hermano Fidel, quien por problemas de salud se vio obligado a no aceptar la reelecci\u00f3n luego de 49 a\u00f1os al frente de la naci\u00f3n.<\/span><\/p>\n<\/p>\n<p><span class=\"text1noticias\">     No obstante, se mantendr\u00e1 como diputado al parlamento y como primer secretario del Comit\u00e9 Central del Partido Comunista, que es la \u00abfuerza dirigente superior de la sociedad\u00bb, seg\u00fan la Constituci\u00f3n.<\/span><\/p>\n<\/p>\n<p><span class=\"text1noticias\">     Como posible sucesor de Castro destaca el primer vicepresidente Miguel D\u00edaz-Canel, de 57 a\u00f1os, de quien el actual mandatario ha resaltado su \u00abcapacidad\u00bb y \u00abs\u00f3lida firmeza ideol\u00f3gica\u00bb.<\/span><\/p>\n<\/p>\n<p><span class=\"text1noticias\">     Tanto para la presidencia del parlamento como para integrar el Consejo de Estado, los candidatos deber\u00e1n obtener m\u00e1s del 50 por ciento de los votos v\u00e1lidos emitidos, seg\u00fan la Ley Electoral de 1992. <\/span><\/p>\n<\/p>\n<\/p>\n<\/p>\n<\/p>\n<\/p>\n<\/p>\n<p><span class=\"text1noticias\"> LA HABANA, 18 abr (Xinhua) &#8212; Los 605 diputados cubanos elegidos en los comicios del pasado 21 de marzo se reunir\u00e1n hoy en La Habana, en la sesi\u00f3n constitutiva de la nueva Asamblea Nacional del Poder Popular (parlamento unicameral), que elegir\u00e1 al presidente de la isla en sustituci\u00f3n de Ra\u00fal Castro.<\/span><\/p>\n<p><span class=\"text1noticias\"> <\/span><\/p>\n<p><span class=\"text1noticias\">     El Palacio de las Convenciones ser\u00e1 el escenario de esta jornada solemne en la que quedar\u00e1 instalado el \u00f3rgano supremo del poder del Estado en su IX Legislatura, \u00fanico con potestad constituyente y legislativa, para los pr\u00f3ximos cinco a\u00f1os.<\/span><\/p>\n<p><span class=\"text1noticias\"> <\/span><\/p>\n<p><span class=\"text1noticias\">     Una vez constituida la nueva Asamblea Nacional, \u00e9sta proceder\u00e1 a elegir entre sus miembros, mediante votaci\u00f3n directa y secreta, a su presidente, vicepresidente y secretario, de acuerdo con un comunicado publicado este mi\u00e9rcoles en el diario oficial \u00abGranma\u00bb.<\/span><\/p>\n<p><span class=\"text1noticias\"> <\/span><\/p>\n<p><span class=\"text1noticias\">     Los diputados al parlamento fueron electos en consulta popular que cont\u00f3 con la asistencia de 7,4 millones de electores, el 82,9 por ciento de los empadronados.<\/span><\/p>\n<p><span class=\"text1noticias\"> <\/span><\/p>\n<p><span class=\"text1noticias\">     En esa jornada tambi\u00e9n fueron electos los 1.265 delegados de las 15 asambleas provinciales.<\/span><\/p>\n<p><span class=\"text1noticias\"> <\/span><\/p>\n<p><span class=\"text1noticias\">     Tendr\u00e1 lugar hoy tambi\u00e9n la votaci\u00f3n del presidente, primer vicepresidente, los vicepresidentes, secretario y dem\u00e1s miembros del Consejo de Estado, pero se conocer\u00e1n los miembros electos para el Consejo de Estado en la jornada de ma\u00f1ana jueves, seg\u00fan Granma.<\/span><\/p>\n<p><span class=\"text1noticias\"> <\/span><\/p>\n<p><span class=\"text1noticias\">     Castro, de 86 a\u00f1os y una d\u00e9cada al frente de la direcci\u00f3n del pa\u00eds, reiter\u00f3 en diciembre \u00faltimo, al clausurar una sesi\u00f3n del parlamento, que dejar\u00eda la presidencia cuando la nueva legislatura iniciara su mandato.<\/span><\/p>\n<p><span class=\"text1noticias\"> <\/span><\/p>\n<p><span class=\"text1noticias\">     \u00abCuando la Asamblea Nacional se constituya, habr\u00e9 concluido mi segundo y \u00faltimo mandato al frente del Estado y del gobierno, y Cuba tendr\u00e1 un nuevo presidente\u00bb, expres\u00f3 entonces.<\/span><\/p>\n<p><span class=\"text1noticias\"> <\/span><\/p>\n<p><span class=\"text1noticias\">     No obstante, se mantendr\u00e1 como diputado al parlamento y como primer secretario del Comit\u00e9 Central del Partido Comunista de Cuba, que es la \u00abfuerza dirigente superior de la sociedad\u00bb seg\u00fan la Consti<\/span>tuci\u00f3n. <\/p>\n<h6> 2018-04-18 08:58:11 <\/h6>\n<p><!--\n<link rel=\"stylesheet\" href=\"css\/bootstrap.min.css\">\n\n\n<ul class=\"pagination\">\n\t    \n\t\n\n<li >\n\t<a href='?page_no=10550'>Previous<\/a>\n\t<\/li>\n\n\n       \n    \n\n<li><a href='?page_no=1'>1<\/a><\/li>\n\n\n\n<li><a href='?page_no=2'>2<\/a><\/li>\n\n\n\n<li><a>...<\/a><\/li>\n\n\n\n<li><a href='?page_no=10549'>10549<\/a><\/li>\n\n\n\n<li><a href='?page_no=10550'>10550<\/a><\/li>\n\n\n\n<li class='active'><a>10551<\/a><\/li>\n\n\n\n<li><a href='?page_no=10552'>10552<\/a><\/li>\n\n\n\n<li><a href='?page_no=10553'>10553<\/a><\/li>\n\n\n\n<li><a>...<\/a><\/li>\n\n\n\n<li><a href='?page_no=51012'>51012<\/a><\/li>\n\n\n\n<li><a href='?page_no=51013'>51013<\/a><\/li>\n\n    \n\t\n\n<li >\n\t<a href='?page_no=10552'>Next<\/a>\n\t<\/li>\n\n\n    \n\n<li><a href='?page_no=51013'>Last &rsaquo;&rsaquo;<\/a><\/li>\n\n<\/ul>\n\n\n--><br \/>\n<\/body><\/p>\n","protected":false},"excerpt":{"rendered":"<p>LA HABANA, 18 abr (Xinhua) &#8212; La Asamblea Nacional del Poder Popular (parlamento unicameral) de Cuba comenz\u00f3 hoy mi\u00e9rcoles la sesi\u00f3n constitutiva de la IX Legislatura, que deber\u00e1 elegir al sucesor de Ra\u00fal Castro como jefe de Estado. El Palacio de las Convenciones acoge la sesi\u00f3n plenaria, a la que asiste Castro, en la que [&hellip;]<\/p>\n","protected":false},"author":3,"featured_media":0,"comment_status":"open","ping_status":"open","sticky":false,"template":"","format":"standard","meta":{"footnotes":""},"categories":[23],"tags":[],"class_list":["post-230884","post","type-post","status-publish","format-standard","hentry","category-internacional"],"_links":{"self":[{"href":"https:\/\/diariodominicano.com\/index.php?rest_route=\/wp\/v2\/posts\/230884","targetHints":{"allow":["GET"]}}],"collection":[{"href":"https:\/\/diariodominicano.com\/index.php?rest_route=\/wp\/v2\/posts"}],"about":[{"href":"https:\/\/diariodominicano.com\/index.php?rest_route=\/wp\/v2\/types\/post"}],"author":[{"embeddable":true,"href":"https:\/\/diariodominicano.com\/index.php?rest_route=\/wp\/v2\/users\/3"}],"replies":[{"embeddable":true,"href":"https:\/\/diariodominicano.com\/index.php?rest_route=%2Fwp%2Fv2%2Fcomments&post=230884"}],"version-history":[{"count":0,"href":"https:\/\/diariodominicano.com\/index.php?rest_route=\/wp\/v2\/posts\/230884\/revisions"}],"wp:attachment":[{"href":"https:\/\/diariodominicano.com\/index.php?rest_route=%2Fwp%2Fv2%2Fmedia&parent=230884"}],"wp:term":[{"taxonomy":"category","embeddable":true,"href":"https:\/\/diariodominicano.com\/index.php?rest_route=%2Fwp%2Fv2%2Fcategories&post=230884"},{"taxonomy":"post_tag","embeddable":true,"href":"https:\/\/diariodominicano.com\/index.php?rest_route=%2Fwp%2Fv2%2Ftags&post=230884"}],"curies":[{"name":"wp","href":"https:\/\/api.w.org\/{rel}","templated":true}]}}