{"id":230881,"date":"2018-04-18T12:11:17","date_gmt":"2018-04-18T12:11:17","guid":{"rendered":"http:\/\/diariodominicano.ddns.net\/?p=230881"},"modified":"2018-04-18T12:11:17","modified_gmt":"2018-04-18T12:11:17","slug":"adolfo-perez-esquivel-participa-evento-sobre-constitucion-en-brasil","status":"publish","type":"post","link":"https:\/\/diariodominicano.com\/?p=230881","title":{"rendered":"Adolfo P\u00e9rez Esquivel participa evento sobre Constituci\u00f3n en Brasil"},"content":{"rendered":"<p><body><\/p>\n<p><img decoding=\"async\" src=\"img3\/aperezesquivel.jpg\" \/>  <\/p>\n<p><span class=\"text1noticias\">Brasilia, 18 abr (PL) El Premio Nobel de la Paz Adolfo P\u00e9rez Esquivel participar\u00e1 hoy en un evento sobre la Constituci\u00f3n brasile\u00f1a en la ciudad de Curitiba, donde cumple condena como preso pol\u00edtico el ex presidente Lula.<\/span><\/p>\n<p><span class=\"text1noticias\"> <\/span><\/p>\n<p><span class=\"text1noticias\">P\u00e9rez Esquivel y el ex canciller brasile\u00f1o Celso Amorim ser\u00e1n los principales invitados al encuentro &#8216;Los Derechos Fundamentales, la Democracia y la Constituci\u00f3n de la Primavera&#8217;, que sesionar\u00e1 esta noche en el teatro de la Rector\u00eda de la Universidad Federal de Paran\u00e1.<\/span><\/p>\n<p><span class=\"text1noticias\"> <\/span><\/p>\n<p><span class=\"text1noticias\">La cita fue convocada por el F\u00f3rum Abogados por la Democracia y por el Circo de la Democracia, una acci\u00f3n organizada en el a\u00f1o 2016 cuando centenas de entidades instalaron una lona en la Plaza Santos Andrade, de Curitiba, para debatir temas variados relativos a las garant\u00edas democr\u00e1ticas.<\/span><\/p>\n<p><span class=\"text1noticias\"> <\/span><\/p>\n<p><span class=\"text1noticias\">P\u00e9rez Esquivel, quien lleg\u00f3 esta semana a Brasil, visit\u00f3 ayer en R\u00edo de Janeiro el Museo de la Mar\u00e9, en el complejo de favelas que lleva el mismo nombre, acompa\u00f1ado por representantes de movimientos populares y de entidades que forman parte de la Comisi\u00f3n Popular de la Verdad.<\/span><\/p>\n<p><span class=\"text1noticias\"> <\/span><\/p>\n<p><span class=\"text1noticias\">En declaraciones a la prensa all\u00ed, el defensor de los derechos humanos argentino se refiri\u00f3 a su propuesta de postular al ex presidente Luiz In\u00e1cio Lula da Silva como candidato al Premio Nobel de la Paz.<\/span><\/p>\n<p><span class=\"text1noticias\"> <\/span><\/p>\n<p><span class=\"text1noticias\">Lula lo merece porque trabaj\u00f3 para los m\u00e1s necesitados y sac\u00f3 de la pobreza extrema a m\u00e1s de 30 millones de brasile\u00f1os y brasile\u00f1as, dijo y subray\u00f3 que &#8216;ning\u00fan Presidente en el mundo logr\u00f3 eso. Es un caso \u00fanico&#8217;, rese\u00f1\u00f3 el peri\u00f3dico Brasil de Fato.<\/span><\/p>\n<p><span class=\"text1noticias\"> <\/span><\/p>\n<p><span class=\"text1noticias\">P\u00e9rez Esquivel inici\u00f3 una campa\u00f1a de recolecci\u00f3n de firmas para apoyar la iniciativa, a la cual adhirieron ya m\u00e1s de 230 mil personas. Antes de oficializar la candidatura de Lula, en septiembre pr\u00f3ximo, el Nobel argentino viajar\u00e1 a Alemania, Francia, Italia y Espa\u00f1a para recabar m\u00e1s respaldo, seg\u00fan anunci\u00f3 ayer.<\/span><\/p>\n<p><span class=\"text1noticias\"> <\/span><\/p>\n<p><span class=\"text1noticias\">El Premio Nobel de la Paz solicit\u00f3 el lunes \u00faltimo a la justicia de Paran\u00e1 autorizaci\u00f3n para visitar ma\u00f1ana jueves al exdignatario brasile\u00f1o, quien est\u00e1 encarcelado en la sede de la Superintendencia de la Polic\u00eda federal en Curitiba.<\/span><\/p>\n<p><span class=\"text1noticias\"> <\/span><\/p>\n<p><span class=\"text1noticias\">Al fundamentar la solicitud, P\u00e9rez Esquivel se\u00f1al\u00f3 que su condici\u00f3n de laureado con el Nobel y presidente del Organismo de Tutela Internacional de los Derechos Humanos le facultan para constatar las condiciones del enclaustramiento de Lula, para que pueda dar testimonio de si sus derechos fundamentales est\u00e1n siendo observados.<\/span><\/p>\n<p><span class=\"text1noticias\"> <\/span><\/p>\n<p><span class=\"text1noticias\">De no ser posible visitarlo el d\u00eda 19, ofreci\u00f3 como alternativa la probabilidad de cumplimentarla el vi<\/span>ernes 20.<\/p>\n<h6> 2018-04-18 12:11:17 <\/h6>\n<p><!--\n<link rel=\"stylesheet\" href=\"css\/bootstrap.min.css\">\n\n\n<ul class=\"pagination\">\n\t    \n\t\n\n<li >\n\t<a href='?page_no=10548'>Previous<\/a>\n\t<\/li>\n\n\n       \n    \n\n<li><a href='?page_no=1'>1<\/a><\/li>\n\n\n\n<li><a href='?page_no=2'>2<\/a><\/li>\n\n\n\n<li><a>...<\/a><\/li>\n\n\n\n<li><a href='?page_no=10547'>10547<\/a><\/li>\n\n\n\n<li><a href='?page_no=10548'>10548<\/a><\/li>\n\n\n\n<li class='active'><a>10549<\/a><\/li>\n\n\n\n<li><a href='?page_no=10550'>10550<\/a><\/li>\n\n\n\n<li><a href='?page_no=10551'>10551<\/a><\/li>\n\n\n\n<li><a>...<\/a><\/li>\n\n\n\n<li><a href='?page_no=51012'>51012<\/a><\/li>\n\n\n\n<li><a href='?page_no=51013'>51013<\/a><\/li>\n\n    \n\t\n\n<li >\n\t<a href='?page_no=10550'>Next<\/a>\n\t<\/li>\n\n\n    \n\n<li><a href='?page_no=51013'>Last &rsaquo;&rsaquo;<\/a><\/li>\n\n<\/ul>\n\n\n--><br \/>\n<\/body><\/p>\n","protected":false},"excerpt":{"rendered":"<p>Brasilia, 18 abr (PL) El Premio Nobel de la Paz Adolfo P\u00e9rez Esquivel participar\u00e1 hoy en un evento sobre la Constituci\u00f3n brasile\u00f1a en la ciudad de Curitiba, donde cumple condena como preso pol\u00edtico el ex presidente Lula. P\u00e9rez Esquivel y el ex canciller brasile\u00f1o Celso Amorim ser\u00e1n los principales invitados al encuentro &#8216;Los Derechos Fundamentales, [&hellip;]<\/p>\n","protected":false},"author":3,"featured_media":0,"comment_status":"open","ping_status":"open","sticky":false,"template":"","format":"standard","meta":{"footnotes":""},"categories":[23],"tags":[],"class_list":["post-230881","post","type-post","status-publish","format-standard","hentry","category-internacional"],"_links":{"self":[{"href":"https:\/\/diariodominicano.com\/index.php?rest_route=\/wp\/v2\/posts\/230881","targetHints":{"allow":["GET"]}}],"collection":[{"href":"https:\/\/diariodominicano.com\/index.php?rest_route=\/wp\/v2\/posts"}],"about":[{"href":"https:\/\/diariodominicano.com\/index.php?rest_route=\/wp\/v2\/types\/post"}],"author":[{"embeddable":true,"href":"https:\/\/diariodominicano.com\/index.php?rest_route=\/wp\/v2\/users\/3"}],"replies":[{"embeddable":true,"href":"https:\/\/diariodominicano.com\/index.php?rest_route=%2Fwp%2Fv2%2Fcomments&post=230881"}],"version-history":[{"count":0,"href":"https:\/\/diariodominicano.com\/index.php?rest_route=\/wp\/v2\/posts\/230881\/revisions"}],"wp:attachment":[{"href":"https:\/\/diariodominicano.com\/index.php?rest_route=%2Fwp%2Fv2%2Fmedia&parent=230881"}],"wp:term":[{"taxonomy":"category","embeddable":true,"href":"https:\/\/diariodominicano.com\/index.php?rest_route=%2Fwp%2Fv2%2Fcategories&post=230881"},{"taxonomy":"post_tag","embeddable":true,"href":"https:\/\/diariodominicano.com\/index.php?rest_route=%2Fwp%2Fv2%2Ftags&post=230881"}],"curies":[{"name":"wp","href":"https:\/\/api.w.org\/{rel}","templated":true}]}}