{"id":230880,"date":"2018-04-18T12:33:11","date_gmt":"2018-04-18T12:33:11","guid":{"rendered":"http:\/\/diariodominicano.ddns.net\/?p=230880"},"modified":"2018-04-18T12:33:11","modified_gmt":"2018-04-18T12:33:11","slug":"ratifican-a-esteban-lazo-al-frente-del-parlamento-cubano","status":"publish","type":"post","link":"https:\/\/diariodominicano.com\/?p=230880","title":{"rendered":"Ratifican a Esteban Lazo al frente del Parlamento cubano"},"content":{"rendered":"<p><body><\/p>\n<p><img decoding=\"async\" src=\"img3\/cuba18Raul.jpg\" \/>  <\/p>\n<p><span class=\"text1noticias\">     LA HABANA, 18 abr (Xinhua) &#8212; El presidente de la Asamblea Nacional del Poder Popular (parlamento unicameral) de Cuba, Esteban Lazo, fue ratificado hoy en el cargo al iniciar la IX Legislatura, que sesiona en La Habana y elegir\u00e1 al sucesor del actual presidente Ra\u00fal Castro, tras cumplir 10 a\u00f1os en el cargo.<\/span><\/p>\n<p><span class=\"text1noticias\"> <\/span><\/p>\n<p><span class=\"text1noticias\">     Lazo, de 74 a\u00f1os y miembro del Bur\u00f3 Pol\u00edtico del Partido Comunista de Cuba, recibi\u00f3 el respaldo un\u00e1nime de los 604 diputados presentes en el Palacio de Convenciones.<\/span><\/p>\n<p><span class=\"text1noticias\"> <\/span><\/p>\n<p><span class=\"text1noticias\">     El reelecto titular del parlamento ha desempe\u00f1ado el cargo \u00abde manera eficiente\u00bb durante los \u00faltimos cinco a\u00f1os, dijo Gisela Duarte, presidenta de la Comisi\u00f3n de Candidaturas Nacional, al presentar la propuesta.<\/span><\/p>\n<p><span class=\"text1noticias\"> <\/span><\/p>\n<p><span class=\"text1noticias\">     Lazo integr\u00f3 la Asociaci\u00f3n de J\u00f3venes Rebeldes, fue alfabetizador y miembro de las Milicias Nacionales Revolucionarias.<\/span><\/p>\n<p><span class=\"text1noticias\"> <\/span><\/p>\n<p><span class=\"text1noticias\">     Desde su incorporaci\u00f3n al Partido en 1963 desempe\u00f1\u00f3 diversas responsabilidades, entre ellas primer secretario en las provincias de Matanzas, Santiago de Cuba y La Habana.<\/span><\/p>\n<p><span class=\"text1noticias\"> <\/span><\/p>\n<p><span class=\"text1noticias\">     Se desempe\u00f1\u00f3 como miembro del secretariado del Comit\u00e9 Central del PCC desde 2006 hasta 2013; es diputado al parlamento desde 1981 y fue vicepresidente del Consejo de Estado entre 1992 y 2013.<\/span><\/p>\n<p><span class=\"text1noticias\"> <\/span><\/p>\n<p><span class=\"text1noticias\">     Los 604 diputados que juramentaron su cargo este mi\u00e9rcoles en sesi\u00f3n solemne celebrada en el Palacio de Convenciones tambi\u00e9n ratificaron a la jurista Ana Mar\u00eda Mary Machado como vicepresidenta de la Asamblea Nacional y a Miriam Brito Sarroca como secretaria.<\/span><\/p>\n<p><span class=\"text1noticias\"> <\/span><\/p>\n<p><span class=\"text1noticias\">     Previo a la votaci\u00f3n, Duarte inform\u00f3 que los candidatos a la direcci\u00f3n del \u00f3rgano legislativo se seleccionaron tras consultas con cada uno de los 605 diputados (uno ausente en la Asamblea) electos por votaci\u00f3n popular el pasado 11 de marzo.<\/span><\/p>\n<p><span class=\"text1noticias\"> <\/span><\/p>\n<p><span class=\"text1noticias\">     Destac\u00f3 que al seleccionar los precandidatos se tuvo en cuenta \u00absus m\u00e9ritos, su capacidad, su trayectoria y tambi\u00e9n su vocaci\u00f3n de servicio hacia el pueblo\u00bb.<\/span><\/p>\n<p><span class=\"text1noticias\"> <\/span><\/p>\n<p><span class=\"text1noticias\">     De la conformaci\u00f3n de la IX Legislatura, el 47,4 por ciento es delegado de base, y el 56 por ciento lo hace por primera vez.<\/span><\/p>\n<p><span class=\"text1noticias\"> <\/span><\/p>\n<p><span class=\"text1noticias\">     El promedio de edad es 49 a\u00f1os y casi el 90 por ciento de los diputados naci\u00f3 despu\u00e9s del triunfo, en 1959, de la revoluci\u00f3n comandada por Fidel Castro.<\/span><\/p>\n<p><span class=\"text1noticias\"> <\/span><\/p>\n<p><span class=\"text1noticias\">     Duarte explic\u00f3 que para la confecci\u00f3n de la candidatura a diputados se busc\u00f3 una adecuada composici\u00f3n de sexo, edades y color de la piel, as\u00ed como un balance de representaci\u00f3n de los organismos econ\u00f3micos y organizaciones sociales y de los 168 municipios del pa\u00eds.<\/span><\/p>\n<p><span class=\"text1noticias\"> <\/span><\/p>\n<p><span class=\"text1noticias\">     Tras la elecci\u00f3n de la direcci\u00f3n de la Asamblea, los diputados votar\u00e1n este mi\u00e9rcoles de forma directa y secreta por los 31 integrantes del Consejo de Estado, incluido el sustituto del presidente Ra\u00fal Castro, y los resultados se conocer\u00e1n ma\u00f1ana jueves en otra sesi\u00f3n plenaria del <\/span>parlamento. <\/p>\n<h6> 2018-04-18 12:33:11 <\/h6>\n<p><!--\n<link rel=\"stylesheet\" href=\"css\/bootstrap.min.css\">\n\n\n<ul class=\"pagination\">\n\t    \n\t\n\n<li >\n\t<a href='?page_no=10547'>Previous<\/a>\n\t<\/li>\n\n\n       \n    \n\n<li><a href='?page_no=1'>1<\/a><\/li>\n\n\n\n<li><a href='?page_no=2'>2<\/a><\/li>\n\n\n\n<li><a>...<\/a><\/li>\n\n\n\n<li><a href='?page_no=10546'>10546<\/a><\/li>\n\n\n\n<li><a href='?page_no=10547'>10547<\/a><\/li>\n\n\n\n<li class='active'><a>10548<\/a><\/li>\n\n\n\n<li><a href='?page_no=10549'>10549<\/a><\/li>\n\n\n\n<li><a href='?page_no=10550'>10550<\/a><\/li>\n\n\n\n<li><a>...<\/a><\/li>\n\n\n\n<li><a href='?page_no=51012'>51012<\/a><\/li>\n\n\n\n<li><a href='?page_no=51013'>51013<\/a><\/li>\n\n    \n\t\n\n<li >\n\t<a href='?page_no=10549'>Next<\/a>\n\t<\/li>\n\n\n    \n\n<li><a href='?page_no=51013'>Last &rsaquo;&rsaquo;<\/a><\/li>\n\n<\/ul>\n\n\n--><br \/>\n<\/body><\/p>\n","protected":false},"excerpt":{"rendered":"<p>LA HABANA, 18 abr (Xinhua) &#8212; El presidente de la Asamblea Nacional del Poder Popular (parlamento unicameral) de Cuba, Esteban Lazo, fue ratificado hoy en el cargo al iniciar la IX Legislatura, que sesiona en La Habana y elegir\u00e1 al sucesor del actual presidente Ra\u00fal Castro, tras cumplir 10 a\u00f1os en el cargo. Lazo, de [&hellip;]<\/p>\n","protected":false},"author":3,"featured_media":0,"comment_status":"open","ping_status":"open","sticky":false,"template":"","format":"standard","meta":{"footnotes":""},"categories":[23],"tags":[],"class_list":["post-230880","post","type-post","status-publish","format-standard","hentry","category-internacional"],"_links":{"self":[{"href":"https:\/\/diariodominicano.com\/index.php?rest_route=\/wp\/v2\/posts\/230880","targetHints":{"allow":["GET"]}}],"collection":[{"href":"https:\/\/diariodominicano.com\/index.php?rest_route=\/wp\/v2\/posts"}],"about":[{"href":"https:\/\/diariodominicano.com\/index.php?rest_route=\/wp\/v2\/types\/post"}],"author":[{"embeddable":true,"href":"https:\/\/diariodominicano.com\/index.php?rest_route=\/wp\/v2\/users\/3"}],"replies":[{"embeddable":true,"href":"https:\/\/diariodominicano.com\/index.php?rest_route=%2Fwp%2Fv2%2Fcomments&post=230880"}],"version-history":[{"count":0,"href":"https:\/\/diariodominicano.com\/index.php?rest_route=\/wp\/v2\/posts\/230880\/revisions"}],"wp:attachment":[{"href":"https:\/\/diariodominicano.com\/index.php?rest_route=%2Fwp%2Fv2%2Fmedia&parent=230880"}],"wp:term":[{"taxonomy":"category","embeddable":true,"href":"https:\/\/diariodominicano.com\/index.php?rest_route=%2Fwp%2Fv2%2Fcategories&post=230880"},{"taxonomy":"post_tag","embeddable":true,"href":"https:\/\/diariodominicano.com\/index.php?rest_route=%2Fwp%2Fv2%2Ftags&post=230880"}],"curies":[{"name":"wp","href":"https:\/\/api.w.org\/{rel}","templated":true}]}}