{"id":230877,"date":"2018-04-19T01:21:43","date_gmt":"2018-04-19T01:21:43","guid":{"rendered":"http:\/\/diariodominicano.ddns.net\/?p=230877"},"modified":"2018-04-19T01:21:43","modified_gmt":"2018-04-19T01:21:43","slug":"cubanos-con-grandes-expectativas-ante-inminente-eleccion-de-nuevo-presidente","status":"publish","type":"post","link":"https:\/\/diariodominicano.com\/?p=230877","title":{"rendered":"Cubanos con grandes expectativas ante inminente elecci\u00f3n de nuevo presidente"},"content":{"rendered":"<p><body><\/p>\n<p><strong> <\/strong><\/p>\n<p><strong>   Por Noem\u00ed Galb\u00e1n y Raimundo Urrechaga<\/strong><\/p>\n<p><strong>   LA HABANA, 18 abr (Xinhua) &#8212;<\/strong> En Cuba ya est\u00e1 en marcha el tr\u00e1nsito hacia el relevo generacional de su dirigencia pol\u00edtica, al quedar constituida la IX Legislatura de la Asamblea Nacional, cuyos diputados ser\u00e1n los encargados de elegir al pr\u00f3ximo presidente de la isla.<\/p>\n<\/p>\n<p>   Mientras sesiona el parlamento en el Palacio de Convenciones de La Habana, el pueblo sigue atento el curso de los acontecimientos a trav\u00e9s de medios, en especial mediante transmisiones televisivas y radiales que actualizan con regularidad lo que all\u00ed sucede.<\/p>\n<\/p>\n<p>   Dentro y fuera de Cuba todos est\u00e1n pendientes y esperan conocer en algunos casos y confirmar en otros, el nombre del sucesor de Ra\u00fal Castro.<\/p>\n<\/p>\n<p>   El nuevo l\u00edder tiene por delante el desaf\u00edo de preservar el modelo socialista cubano y, al mismo tiempo, perfeccionar la eficiencia, la sostenibilidad y la perdurabilidad de ese proyecto, mientras avanza la actualizaci\u00f3n del sistema socio-econ\u00f3mico con sus respectivas reformas, ajustes y aperturas, coincidieron cubanos.  <\/p>\n<\/p>\n<p>   \u00abEstamos viviendo un momento hist\u00f3rico de gran significaci\u00f3n para los cubanos, porque es la despedida de la presidencia de uno de nuestros m\u00e1ximos dirigentes, pero lleg\u00f3 la hora de darle paso a una generaci\u00f3n que naci\u00f3 y se form\u00f3 con los principios de esos mismo l\u00edderes\u00bb, dijo el trabajador estatal Guillermo Pedroso.<\/p>\n<\/p>\n<p>   En conversaci\u00f3n con Xinhua, Pedroso consider\u00f3 que este paso forma parte de un proceso \u00abs\u00f3lidamente construido\u00bb desde el triunfo de la Revoluci\u00f3n Cubana, cuya continuidad y progreso se va a confirmar con el nuevo gobierno.<\/p>\n<\/p>\n<p>   Por su parte, el pensionado residente en el capitalino barrio del Vedado, Alcides Risco, manifest\u00f3 que esta transici\u00f3n es l\u00f3gica.<\/p>\n<\/p>\n<p>   \u00abLa vida evoluciona y lleg\u00f3 el momento de entregarle las riendas del pa\u00eds a quienes nos suceden. Pienso que cualquiera de esa generaci\u00f3n ser\u00eda provechosa para Cuba\u00bb, coment\u00f3 Risco. <\/p>\n<\/p>\n<p>   Este mi\u00e9rcoles fue nominado el actual primer vicepresidente Miguel D\u00edaz-Canel como presidente del Consejo de Estado de Cuba. La votaci\u00f3n se llevar\u00e1 a cabo durante el d\u00eda y los resultados se dar\u00e1n a conocer ma\u00f1ana jueves en sesi\u00f3n del Parlamento.  <\/p>\n<\/p>\n<p>   \u00abCreo que si resulta electo va a ser un excelente presidente. No importa que no sea de la generaci\u00f3n hist\u00f3rica, porque en la pr\u00e1ctica conserva los mismos principios de quienes lucharon por Cuba, y aunque no haya peleado por la Revoluci\u00f3n, puede igual luchar por mantenerla\u00bb, destac\u00f3 la estudiante universitaria, Mar\u00eda Karla Navarro.<\/p>\n<\/p>\n<p>   La estudiante subray\u00f3 a Xinhua que admira el modo en que D\u00edaz-Canel interact\u00faa con los j\u00f3venes y c\u00f3mo valora todo el esfuerzo que realiza para que la sociedad avance.<\/p>\n<\/p>\n<p>   Esta cercan\u00eda le ha garantizado el apoyo y simpat\u00eda de la juventud, que se identifica con el dirigente de 57 a\u00f1os y ve en \u00e9l un aspirante capaz de hacer m\u00e1s r\u00e1pido y expedito el proceso de implementaci\u00f3n de las reformas econ\u00f3micas, pol\u00edticas y sociales requeridas.<\/p>\n<\/p>\n<p>   En tanto, el joven Edwin Cruz, quien en unos a\u00f1os va a graduarse de ingeniero el\u00e9ctrico, igual que D\u00edaz-Canel, coment\u00f3 algunas de las cosas que le gustar\u00eda cambiaran.<\/p>\n<\/p>\n<p>   \u00abEs no s\u00f3lo tener garantizado un puesto de trabajo, como lo tengo, sino que el salario que all\u00ed me van a pagar est\u00e9 m\u00e1s acorde a la realidad del pa\u00eds\u00bb, expuso Cruz.<\/p>\n<\/p>\n<p>   El joven cubano opin\u00f3 que \u00e9sta es una deuda pendiente de hace muchos a\u00f1os que resulta imperiosa saldar.<\/p>\n<\/p>\n<p>   A su parecer, cada a\u00f1o son m\u00e1s las necesidades individuales y familiares, por lo que menos estudiantes de bachillerato est\u00e1n interesados en cursar una carrera universitaria que le demande cinco a\u00f1os m\u00e1s de dependencia econ\u00f3mica, para luego no percibir la retribuci\u00f3n merecida.<\/p>\n<\/p>\n<p>   Cruz advirti\u00f3 que ese asunto atenta incluso contra la permanencia en la isla de profesionales capaces y j\u00f3venes que emigran a otros pa\u00edses por la \u00fanica raz\u00f3n de mejorar econ\u00f3micamente y ayudar a sus familiares m\u00e1s cercanos.<\/p>\n<\/p>\n<p>   A su vez, la trabajadora estatal capitalina, Lourdes G\u00f3mez, celebr\u00f3 que el futuro mandatario ser\u00e1 probablemente contempor\u00e1neo con su generaci\u00f3n. <\/p>\n<\/p>\n<p>   Llega con la experiencia acumulada por los l\u00edderes hist\u00f3ricos Fidel y Ra\u00fal Castro, as\u00ed como con la impronta de quien tiene la responsabilidad de perfeccionar el sistema socio-econ\u00f3mico cubano, dijo.<\/p>\n<\/p>\n<p>   \u00abPienso que se deber\u00edan realizar cuanto antes todos los cambios econ\u00f3micos que sean beneficiosos para el pa\u00eds\u00bb, agreg\u00f3 G\u00f3mez a Xinhua.<\/p>\n<\/p>\n<p>   Indic\u00f3 que \u00abentre los primeros (cambios), para m\u00ed est\u00e1 el tema de la dualidad monetaria y los precios a fijar, al eliminar el peso convertible, que deber\u00edan ser congruente con el poder adquisitivo del ciudadano promedio\u00bb. <\/p>\n<\/p>\n<p>   Desde una mirada m\u00e1s filos\u00f3fica, N\u00e9stor Vald\u00e9s, un pensionado habanero, valor\u00f3 que la elecci\u00f3n de un nuevo presidente es un voto de confianza a las nuevas generaciones que demostrar\u00e1 la existencia en Cuba de un liderazgo \u00abfuerte y competente\u00bb.<\/p>\n<\/p>\n<p>   \u00abCon convicciones y valores con los que la mayor\u00eda de nuestro pueblo se form\u00f3, capaz de aglutinar a las masas y llevar adelante al pa\u00eds con su talento y preparaci\u00f3n, para que nuestro sistema socialista perdure por muchos a\u00f1os\u00bb, dijo.<\/p>\n<\/p>\n<p>   \u00abUno de los grandes retos para m\u00ed, es rescatar la conciencia y los valores en nuestra sociedad y fomentar la unidad para, con nuestro sacrificio y virtudes, desarrollar en conjunto la isla\u00bb, agreg\u00f3 Vald\u00e9s.<\/p>\n<\/p>\n<p>   En el Palacio de Convenciones de La Habana sesiona mientras tanto la Asamblea Nacional en su IX Legislatura, \u00f3rgano encargado de elegir al nuevo mandatario cubano.<\/p>\n<\/p>\n<p>   Dicha instancia legislativa ratific\u00f3 m\u00e1s temprano como presidente del parlamento a Esteban Lazo, uno de los dirigentes m\u00e1s experimentados de la Revoluci\u00f3n Cubana, manteni\u00e9ndose igualmente en sus cargos la actual vicepresidenta y secretaria. Fin<\/p>\n<h6> 2018-04-19 01:21:43 <\/h6>\n<p><!--\n<link rel=\"stylesheet\" href=\"css\/bootstrap.min.css\">\n\n\n<ul class=\"pagination\">\n\t    \n\t\n\n<li >\n\t<a href='?page_no=10544'>Previous<\/a>\n\t<\/li>\n\n\n       \n    \n\n<li><a href='?page_no=1'>1<\/a><\/li>\n\n\n\n<li><a href='?page_no=2'>2<\/a><\/li>\n\n\n\n<li><a>...<\/a><\/li>\n\n\n\n<li><a href='?page_no=10543'>10543<\/a><\/li>\n\n\n\n<li><a href='?page_no=10544'>10544<\/a><\/li>\n\n\n\n<li class='active'><a>10545<\/a><\/li>\n\n\n\n<li><a href='?page_no=10546'>10546<\/a><\/li>\n\n\n\n<li><a href='?page_no=10547'>10547<\/a><\/li>\n\n\n\n<li><a>...<\/a><\/li>\n\n\n\n<li><a href='?page_no=51012'>51012<\/a><\/li>\n\n\n\n<li><a href='?page_no=51013'>51013<\/a><\/li>\n\n    \n\t\n\n<li >\n\t<a href='?page_no=10546'>Next<\/a>\n\t<\/li>\n\n\n    \n\n<li><a href='?page_no=51013'>Last &rsaquo;&rsaquo;<\/a><\/li>\n\n<\/ul>\n\n\n--><br \/>\n<\/body><\/p>\n","protected":false},"excerpt":{"rendered":"<p>Por Noem\u00ed Galb\u00e1n y Raimundo Urrechaga LA HABANA, 18 abr (Xinhua) &#8212; En Cuba ya est\u00e1 en marcha el tr\u00e1nsito hacia el relevo generacional de su dirigencia pol\u00edtica, al quedar constituida la IX Legislatura de la Asamblea Nacional, cuyos diputados ser\u00e1n los encargados de elegir al pr\u00f3ximo presidente de la isla. Mientras sesiona el parlamento [&hellip;]<\/p>\n","protected":false},"author":3,"featured_media":0,"comment_status":"open","ping_status":"open","sticky":false,"template":"","format":"standard","meta":{"footnotes":""},"categories":[23],"tags":[],"class_list":["post-230877","post","type-post","status-publish","format-standard","hentry","category-internacional"],"_links":{"self":[{"href":"https:\/\/diariodominicano.com\/index.php?rest_route=\/wp\/v2\/posts\/230877","targetHints":{"allow":["GET"]}}],"collection":[{"href":"https:\/\/diariodominicano.com\/index.php?rest_route=\/wp\/v2\/posts"}],"about":[{"href":"https:\/\/diariodominicano.com\/index.php?rest_route=\/wp\/v2\/types\/post"}],"author":[{"embeddable":true,"href":"https:\/\/diariodominicano.com\/index.php?rest_route=\/wp\/v2\/users\/3"}],"replies":[{"embeddable":true,"href":"https:\/\/diariodominicano.com\/index.php?rest_route=%2Fwp%2Fv2%2Fcomments&post=230877"}],"version-history":[{"count":0,"href":"https:\/\/diariodominicano.com\/index.php?rest_route=\/wp\/v2\/posts\/230877\/revisions"}],"wp:attachment":[{"href":"https:\/\/diariodominicano.com\/index.php?rest_route=%2Fwp%2Fv2%2Fmedia&parent=230877"}],"wp:term":[{"taxonomy":"category","embeddable":true,"href":"https:\/\/diariodominicano.com\/index.php?rest_route=%2Fwp%2Fv2%2Fcategories&post=230877"},{"taxonomy":"post_tag","embeddable":true,"href":"https:\/\/diariodominicano.com\/index.php?rest_route=%2Fwp%2Fv2%2Ftags&post=230877"}],"curies":[{"name":"wp","href":"https:\/\/api.w.org\/{rel}","templated":true}]}}