{"id":230876,"date":"2018-04-19T01:30:07","date_gmt":"2018-04-19T01:30:07","guid":{"rendered":"http:\/\/diariodominicano.ddns.net\/?p=230876"},"modified":"2018-04-19T01:30:07","modified_gmt":"2018-04-19T01:30:07","slug":"proponen-a-miguel-diaz-canel-como-sucesor-de-raul-castro-en-cuba","status":"publish","type":"post","link":"https:\/\/diariodominicano.com\/?p=230876","title":{"rendered":"Proponen a Miguel D\u00edaz-Canel como sucesor de Ra\u00fal Castro en Cuba"},"content":{"rendered":"<p><body><\/p>\n<p><img decoding=\"async\" src=\"img3\/137120760_1524098613648_title0h.jpg\" \/>  <\/p>\n<p><strong>El presidente de Cuba, Ra\u00fal Castro (c-i), y el primer vicepresidente de Cuba, Miguel D\u00edaz-Canel (c-d), asisten a la sesi\u00f3n constitutiva de la IX Legislatura de la Asamblea Nacional del Poder Popular llevada a cabo en el Palacio de las Convenciones en La Habana, Cuba, el 18 de abril de 2018. La Comisi\u00f3n de Candidaturas Nacional de Cuba propuso el mi\u00e9rcoles al actual vicepresidente primero del gobierno, Miguel D\u00edaz-Canel, para ocupar la presidencia de la rep\u00fablica en sustituci\u00f3n de Ra\u00fal Castro. (Xinhua\/Vladimir Molina\/Prensa Latina)<\/strong><\/p>\n<p><strong>LA HABANA, 18 abr (Xinhua)<\/strong> &#8212; La Comisi\u00f3n de Candidaturas Nacional de Cuba propuso hoy al actual vicepresidente primero del gobierno, Miguel D\u00edaz-Canel, para ocupar la presidencia de la rep\u00fablica en sustituci\u00f3n de Ra\u00fal Castro.<\/p>\n<\/p>\n<p>D\u00edaz-Canel, ingeniero electr\u00f3nico de 57 a\u00f1os de edad, es miembro del Bur\u00f3 Pol\u00edtico del Partido Comunista de Cuba (PCC) y se desempe\u00f1\u00f3 como primer secretario del Comit\u00e9 Provincial de la organizaci\u00f3n pol\u00edtica en las provincias de Villa Clara y Holgu\u00edn.<\/p>\n<\/p>\n<p>Para ocupar la primera vicepresidencia, la Comisi\u00f3n nomin\u00f3 a Salvador Vald\u00e9s Mesa, de 72 a\u00f1os, tambi\u00e9n miembro del Bur\u00f3 Pol\u00edtico del PCC y actual vicepresidente del Consejo.<\/p>\n<\/p>\n<p>Los cinco vicemandatarios propuestos son el hist\u00f3rico comandante de la Revoluci\u00f3n Cubana, Ramiro Vald\u00e9s Men\u00e9ndez, de 85 a\u00f1os; el ministro de Salud P\u00fablica, Roberto Morales Ojeda (50); la contralora general Gladys Bejerano Portela (71); la titular del Instituto Nacional de Recursos Hidr\u00e1ulicos, In\u00e9s Mar\u00eda Chapman (52), y Beatriz Jhonson Urrutia (48).<\/p>\n<\/p>\n<p>En la n\u00f3mina para conformar el Consejo de Estado de 31 miembros figuran 16 mujeres, as\u00ed como 13 nuevos nombres, entre los que destaca la laureada martillista Yipsi Moreno.<\/p>\n<\/p>\n<p>Los 605 diputados a la Asamblea Nacional, que este mi\u00e9rcoles constituy\u00f3 su IX Legislatura, emitir\u00e1n su voto de manera directa y secreta durante el d\u00eda y los resultados se dar\u00e1n a conocer ma\u00f1ana jueves en sesi\u00f3n parlamentaria.<\/p>\n<\/p>\n<p>Durante la sesi\u00f3n matutina, los integrantes del \u00f3rgano legislativo ratificaron a Esteban Lazo como su presidente, as\u00ed como a Ana Mar\u00eda Mary Machado y a Miriam Brito Sarroca como vicepresidenta y secretaria, respectivamente.<\/p>\n<\/p>\n<p>En la nueva Asamblea Nacional, el 47,4 por ciento es delegado de base y el 56 por ciento lo hace por primera vez.<\/p>\n<\/p>\n<p>El promedio de edad es de 49 a\u00f1os y casi el 90 por ciento de los diputados naci\u00f3 despu\u00e9s del triunfo de Revoluci\u00f3n Cubana en 1959, comandada por Fidel Castro.<\/p>\n<\/p>\n<p>La Asamblea Nacional se re\u00fane s\u00f3lo dos veces al a\u00f1o y en sus per\u00edodos de receso la autoridad recae sobre el Consejo de Estado.<\/p>\n<h6> 2018-04-19 01:30:07 <\/h6>\n<p><!--\n<link rel=\"stylesheet\" href=\"css\/bootstrap.min.css\">\n\n\n<ul class=\"pagination\">\n\t    \n\t\n\n<li >\n\t<a href='?page_no=10543'>Previous<\/a>\n\t<\/li>\n\n\n       \n    \n\n<li><a href='?page_no=1'>1<\/a><\/li>\n\n\n\n<li><a href='?page_no=2'>2<\/a><\/li>\n\n\n\n<li><a>...<\/a><\/li>\n\n\n\n<li><a href='?page_no=10542'>10542<\/a><\/li>\n\n\n\n<li><a href='?page_no=10543'>10543<\/a><\/li>\n\n\n\n<li class='active'><a>10544<\/a><\/li>\n\n\n\n<li><a href='?page_no=10545'>10545<\/a><\/li>\n\n\n\n<li><a href='?page_no=10546'>10546<\/a><\/li>\n\n\n\n<li><a>...<\/a><\/li>\n\n\n\n<li><a href='?page_no=51012'>51012<\/a><\/li>\n\n\n\n<li><a href='?page_no=51013'>51013<\/a><\/li>\n\n    \n\t\n\n<li >\n\t<a href='?page_no=10545'>Next<\/a>\n\t<\/li>\n\n\n    \n\n<li><a href='?page_no=51013'>Last &rsaquo;&rsaquo;<\/a><\/li>\n\n<\/ul>\n\n\n--><br \/>\n<\/body><\/p>\n","protected":false},"excerpt":{"rendered":"<p>El presidente de Cuba, Ra\u00fal Castro (c-i), y el primer vicepresidente de Cuba, Miguel D\u00edaz-Canel (c-d), asisten a la sesi\u00f3n constitutiva de la IX Legislatura de la Asamblea Nacional del Poder Popular llevada a cabo en el Palacio de las Convenciones en La Habana, Cuba, el 18 de abril de 2018. La Comisi\u00f3n de Candidaturas [&hellip;]<\/p>\n","protected":false},"author":3,"featured_media":0,"comment_status":"open","ping_status":"open","sticky":false,"template":"","format":"standard","meta":{"footnotes":""},"categories":[23],"tags":[],"class_list":["post-230876","post","type-post","status-publish","format-standard","hentry","category-internacional"],"_links":{"self":[{"href":"https:\/\/diariodominicano.com\/index.php?rest_route=\/wp\/v2\/posts\/230876","targetHints":{"allow":["GET"]}}],"collection":[{"href":"https:\/\/diariodominicano.com\/index.php?rest_route=\/wp\/v2\/posts"}],"about":[{"href":"https:\/\/diariodominicano.com\/index.php?rest_route=\/wp\/v2\/types\/post"}],"author":[{"embeddable":true,"href":"https:\/\/diariodominicano.com\/index.php?rest_route=\/wp\/v2\/users\/3"}],"replies":[{"embeddable":true,"href":"https:\/\/diariodominicano.com\/index.php?rest_route=%2Fwp%2Fv2%2Fcomments&post=230876"}],"version-history":[{"count":0,"href":"https:\/\/diariodominicano.com\/index.php?rest_route=\/wp\/v2\/posts\/230876\/revisions"}],"wp:attachment":[{"href":"https:\/\/diariodominicano.com\/index.php?rest_route=%2Fwp%2Fv2%2Fmedia&parent=230876"}],"wp:term":[{"taxonomy":"category","embeddable":true,"href":"https:\/\/diariodominicano.com\/index.php?rest_route=%2Fwp%2Fv2%2Fcategories&post=230876"},{"taxonomy":"post_tag","embeddable":true,"href":"https:\/\/diariodominicano.com\/index.php?rest_route=%2Fwp%2Fv2%2Ftags&post=230876"}],"curies":[{"name":"wp","href":"https:\/\/api.w.org\/{rel}","templated":true}]}}