{"id":230875,"date":"2018-04-19T08:30:05","date_gmt":"2018-04-19T08:30:05","guid":{"rendered":"http:\/\/diariodominicano.ddns.net\/?p=230875"},"modified":"2018-04-19T08:30:05","modified_gmt":"2018-04-19T08:30:05","slug":"hombre-frances-se-somete-a-dos-trasplantes-de-cara","status":"publish","type":"post","link":"https:\/\/diariodominicano.com\/?p=230875","title":{"rendered":"Hombre franc\u00e9s se somete a dos trasplantes de cara"},"content":{"rendered":"<p><body><\/p>\n<p><img decoding=\"async\" src=\"img3\/cirujanotrasplanteCara.jpg\" \/>  <\/p>\n<p><span class=\"text1noticias\">     PARIS, 19 abr (Xinhua) &#8212; Un hombre franc\u00e9s se convirti\u00f3 en la primera persona en el mundo en tener dos trasplantes de  cara, inform\u00f3 la prensa local.<\/span><\/p>\n<p><span class=\"text1noticias\"> <\/span><\/p>\n<p><span class=\"text1noticias\">     Jerome Hamon se est\u00e1 recuperando en un hospital de Par\u00eds, tres meses despu\u00e9s de recibir un segundo trasplante de cara, la primera vez que esto se realiza en el mundo.<\/span><\/p>\n<p><span class=\"text1noticias\"> <\/span><\/p>\n<p><span class=\"text1noticias\">     El hombre, de 43 a\u00f1os, sufre de neurofibromatosis tipo 1, una mutaci\u00f3n gen\u00e9tica que causa graves tumores que desfiguran su cara, inform\u00f3 The Guardian.<\/span><\/p>\n<p><span class=\"text1noticias\"> <\/span><\/p>\n<p><span class=\"text1noticias\">     Hamon se someti\u00f3 a su primer trasplante en 2010, pero su cuerpo rechaz\u00f3 la nueva cara y tuvo que ser retirada en 2017.<\/span><\/p>\n<p><span class=\"text1noticias\"> <\/span><\/p>\n<p><span class=\"text1noticias\">     Sin rostro, Hamon no ten\u00eda p\u00e1rpados, ni orejas, ni piel y no pod\u00eda hablar ni comer. Permaneci\u00f3 hospitalizado durante dos meses hasta que hubo un nuevo donante disponible y se hizo el segundo trasplante en enero pasado.<\/span><\/p>\n<p><span class=\"text1noticias\"> <\/span><\/p>\n<p><span class=\"text1noticias\">     Para evitar otro rechazo, los m\u00e9dicos reemplazaron toda la sangre en el cuerpo de Hamon en un procedimiento que dur\u00f3 un mes antes de llevar al paciente a cirug\u00eda.<\/span><\/p>\n<p><span class=\"text1noticias\"> <\/span><\/p>\n<p><span class=\"text1noticias\">     La primera cara de Hamon fue donada por un hombre de 60 a\u00f1os.<\/span><\/p>\n<p><span class=\"text1noticias\"> <\/span><\/p>\n<p><span class=\"text1noticias\">     Con su segundo trasplante, Hamon brome\u00f3 diciendo que ahora luc\u00eda un par de d\u00e9cadas m\u00e1s joven.<\/span><\/p>\n<p><span class=\"text1noticias\"> <\/span><\/p>\n<p><span class=\"text1noticias\">     \u00abTengo 43 a\u00f1os y el donante ten\u00eda 22, as\u00ed que me he vuelto 20 a\u00f1os m\u00e1s joven\u00bb, dijo el paciente en una entrevista con la televisi\u00f3n francesa.<\/span><\/p>\n<p><span class=\"text1noticias\"> <\/span><\/p>\n<p><span class=\"text1noticias\">     De acuerdo con la BBC, el primer trasplante de cara en el mundo se llev\u00f3 a cabo en 2005 en el norte de Francia. Desde entonces, se han realizado alrededor de 40 operaciones en e<\/span>l mundo. <\/p>\n<h6> 2018-04-19 08:30:05 <\/h6>\n<p><!--\n<link rel=\"stylesheet\" href=\"css\/bootstrap.min.css\">\n\n\n<ul class=\"pagination\">\n\t    \n\t\n\n<li >\n\t<a href='?page_no=10542'>Previous<\/a>\n\t<\/li>\n\n\n       \n    \n\n<li><a href='?page_no=1'>1<\/a><\/li>\n\n\n\n<li><a href='?page_no=2'>2<\/a><\/li>\n\n\n\n<li><a>...<\/a><\/li>\n\n\n\n<li><a href='?page_no=10541'>10541<\/a><\/li>\n\n\n\n<li><a href='?page_no=10542'>10542<\/a><\/li>\n\n\n\n<li class='active'><a>10543<\/a><\/li>\n\n\n\n<li><a href='?page_no=10544'>10544<\/a><\/li>\n\n\n\n<li><a href='?page_no=10545'>10545<\/a><\/li>\n\n\n\n<li><a>...<\/a><\/li>\n\n\n\n<li><a href='?page_no=51012'>51012<\/a><\/li>\n\n\n\n<li><a href='?page_no=51013'>51013<\/a><\/li>\n\n    \n\t\n\n<li >\n\t<a href='?page_no=10544'>Next<\/a>\n\t<\/li>\n\n\n    \n\n<li><a href='?page_no=51013'>Last &rsaquo;&rsaquo;<\/a><\/li>\n\n<\/ul>\n\n\n--><br \/>\n<\/body><\/p>\n","protected":false},"excerpt":{"rendered":"<p>PARIS, 19 abr (Xinhua) &#8212; Un hombre franc\u00e9s se convirti\u00f3 en la primera persona en el mundo en tener dos trasplantes de cara, inform\u00f3 la prensa local. Jerome Hamon se est\u00e1 recuperando en un hospital de Par\u00eds, tres meses despu\u00e9s de recibir un segundo trasplante de cara, la primera vez que esto se realiza en [&hellip;]<\/p>\n","protected":false},"author":3,"featured_media":0,"comment_status":"open","ping_status":"open","sticky":false,"template":"","format":"standard","meta":{"footnotes":""},"categories":[23],"tags":[],"class_list":["post-230875","post","type-post","status-publish","format-standard","hentry","category-internacional"],"_links":{"self":[{"href":"https:\/\/diariodominicano.com\/index.php?rest_route=\/wp\/v2\/posts\/230875","targetHints":{"allow":["GET"]}}],"collection":[{"href":"https:\/\/diariodominicano.com\/index.php?rest_route=\/wp\/v2\/posts"}],"about":[{"href":"https:\/\/diariodominicano.com\/index.php?rest_route=\/wp\/v2\/types\/post"}],"author":[{"embeddable":true,"href":"https:\/\/diariodominicano.com\/index.php?rest_route=\/wp\/v2\/users\/3"}],"replies":[{"embeddable":true,"href":"https:\/\/diariodominicano.com\/index.php?rest_route=%2Fwp%2Fv2%2Fcomments&post=230875"}],"version-history":[{"count":0,"href":"https:\/\/diariodominicano.com\/index.php?rest_route=\/wp\/v2\/posts\/230875\/revisions"}],"wp:attachment":[{"href":"https:\/\/diariodominicano.com\/index.php?rest_route=%2Fwp%2Fv2%2Fmedia&parent=230875"}],"wp:term":[{"taxonomy":"category","embeddable":true,"href":"https:\/\/diariodominicano.com\/index.php?rest_route=%2Fwp%2Fv2%2Fcategories&post=230875"},{"taxonomy":"post_tag","embeddable":true,"href":"https:\/\/diariodominicano.com\/index.php?rest_route=%2Fwp%2Fv2%2Ftags&post=230875"}],"curies":[{"name":"wp","href":"https:\/\/api.w.org\/{rel}","templated":true}]}}