{"id":230873,"date":"2018-04-19T09:36:30","date_gmt":"2018-04-19T09:36:30","guid":{"rendered":"http:\/\/diariodominicano.ddns.net\/?p=230873"},"modified":"2018-04-19T09:36:30","modified_gmt":"2018-04-19T09:36:30","slug":"irak-lanza-ataques-aereos-contra-posiciones-de-ei-dentro-de-siria","status":"publish","type":"post","link":"https:\/\/diariodominicano.com\/?p=230873","title":{"rendered":"Irak lanza ataques a\u00e9reos contra posiciones de EI dentro de Siria"},"content":{"rendered":"<p><body><\/p>\n<p><img decoding=\"async\" src=\"img3\/Bagda19.jpg\" \/>  <\/p>\n<p><span class=\"text1noticias\">     BAGDAD, 19 abr (Xinhua) &#8212; La Fuerza A\u00e9rea de Irak lanz\u00f3 hoy ataques a\u00e9reos contra posiciones de milicianos del Estado Isl\u00e1mico (EI) dentro de Siria cerca de la frontera, dijo el gobierno iraqu\u00ed.<\/span><\/p>\n<p><span class=\"text1noticias\"> <\/span><\/p>\n<p><span class=\"text1noticias\">     En un comunicado, la oficina del primer ministro iraqu\u00ed Haider al-Abadi dijo que \u00abnuestra fuerza a\u00e9rea llev\u00f3 a cabo ataques a\u00e9reos mortales contra las posiciones de las bandas terroristas del EI en Siria cerca de la frontera iraqu\u00ed\u00bb.<\/span><\/p>\n<p><span class=\"text1noticias\"> <\/span><\/p>\n<p><span class=\"text1noticias\">     Los bombardeos, lanzados por \u00f3rdenes del primer ministro como comandante en jefe de las fuerzas armadas del pa\u00eds, fueron ejecutados para proteger a las fuerzas iraqu\u00edes cerca de la frontera con Siria en el oeste de Irak, agrega el comunicado.<\/span><\/p>\n<p><span class=\"text1noticias\"> <\/span><\/p>\n<p><span class=\"text1noticias\">     \u00abEsos ataques a\u00e9reos ayudar\u00e1n a acelerar la eliminaci\u00f3n de las bandas del EI en la regi\u00f3n (de Medio Oriente) despu\u00e9s de que los hemos eliminado dentro de Irak\u00bb, indica.<\/span><\/p>\n<p><span class=\"text1noticias\"> <\/span><\/p>\n<p><span class=\"text1noticias\">     Anteriormente, la fuerza a\u00e9rea iraqu\u00ed llev\u00f3 a cabo ese tipo de ataques preventivos contra milicianos del EI dentro de Siria con aviones caza F-16.<\/span><\/p>\n<p><span class=\"text1noticias\"> <\/span><\/p>\n<p><span class=\"text1noticias\">     El 9 de diciembre de 2017, al-Abadi declar\u00f3 oficialmente la liberaci\u00f3n completa de Irak de milicianos del EI despu\u00e9s de que las fuerzas iraqu\u00edes recapturaran todas las \u00e1reas alguna vez ocupadas por el grupo extrem<\/span>ista.<\/p>\n<h6> 2018-04-19 09:36:30 <\/h6>\n<p><!--\n<link rel=\"stylesheet\" href=\"css\/bootstrap.min.css\">\n\n\n<ul class=\"pagination\">\n\t    \n\t\n\n<li >\n\t<a href='?page_no=10540'>Previous<\/a>\n\t<\/li>\n\n\n       \n    \n\n<li><a href='?page_no=1'>1<\/a><\/li>\n\n\n\n<li><a href='?page_no=2'>2<\/a><\/li>\n\n\n\n<li><a>...<\/a><\/li>\n\n\n\n<li><a href='?page_no=10539'>10539<\/a><\/li>\n\n\n\n<li><a href='?page_no=10540'>10540<\/a><\/li>\n\n\n\n<li class='active'><a>10541<\/a><\/li>\n\n\n\n<li><a href='?page_no=10542'>10542<\/a><\/li>\n\n\n\n<li><a href='?page_no=10543'>10543<\/a><\/li>\n\n\n\n<li><a>...<\/a><\/li>\n\n\n\n<li><a href='?page_no=51012'>51012<\/a><\/li>\n\n\n\n<li><a href='?page_no=51013'>51013<\/a><\/li>\n\n    \n\t\n\n<li >\n\t<a href='?page_no=10542'>Next<\/a>\n\t<\/li>\n\n\n    \n\n<li><a href='?page_no=51013'>Last &rsaquo;&rsaquo;<\/a><\/li>\n\n<\/ul>\n\n\n--><br \/>\n<\/body><\/p>\n","protected":false},"excerpt":{"rendered":"<p>BAGDAD, 19 abr (Xinhua) &#8212; La Fuerza A\u00e9rea de Irak lanz\u00f3 hoy ataques a\u00e9reos contra posiciones de milicianos del Estado Isl\u00e1mico (EI) dentro de Siria cerca de la frontera, dijo el gobierno iraqu\u00ed. En un comunicado, la oficina del primer ministro iraqu\u00ed Haider al-Abadi dijo que \u00abnuestra fuerza a\u00e9rea llev\u00f3 a cabo ataques a\u00e9reos mortales [&hellip;]<\/p>\n","protected":false},"author":3,"featured_media":0,"comment_status":"open","ping_status":"open","sticky":false,"template":"","format":"standard","meta":{"footnotes":""},"categories":[23],"tags":[],"class_list":["post-230873","post","type-post","status-publish","format-standard","hentry","category-internacional"],"_links":{"self":[{"href":"https:\/\/diariodominicano.com\/index.php?rest_route=\/wp\/v2\/posts\/230873","targetHints":{"allow":["GET"]}}],"collection":[{"href":"https:\/\/diariodominicano.com\/index.php?rest_route=\/wp\/v2\/posts"}],"about":[{"href":"https:\/\/diariodominicano.com\/index.php?rest_route=\/wp\/v2\/types\/post"}],"author":[{"embeddable":true,"href":"https:\/\/diariodominicano.com\/index.php?rest_route=\/wp\/v2\/users\/3"}],"replies":[{"embeddable":true,"href":"https:\/\/diariodominicano.com\/index.php?rest_route=%2Fwp%2Fv2%2Fcomments&post=230873"}],"version-history":[{"count":0,"href":"https:\/\/diariodominicano.com\/index.php?rest_route=\/wp\/v2\/posts\/230873\/revisions"}],"wp:attachment":[{"href":"https:\/\/diariodominicano.com\/index.php?rest_route=%2Fwp%2Fv2%2Fmedia&parent=230873"}],"wp:term":[{"taxonomy":"category","embeddable":true,"href":"https:\/\/diariodominicano.com\/index.php?rest_route=%2Fwp%2Fv2%2Fcategories&post=230873"},{"taxonomy":"post_tag","embeddable":true,"href":"https:\/\/diariodominicano.com\/index.php?rest_route=%2Fwp%2Fv2%2Ftags&post=230873"}],"curies":[{"name":"wp","href":"https:\/\/api.w.org\/{rel}","templated":true}]}}