{"id":230872,"date":"2018-04-19T09:39:24","date_gmt":"2018-04-19T09:39:24","guid":{"rendered":"http:\/\/diariodominicano.ddns.net\/?p=230872"},"modified":"2018-04-19T09:39:24","modified_gmt":"2018-04-19T09:39:24","slug":"miguel-diaz-canel-electo-nuevo-presidente-de-cuba-informo-hoy-la-comision-electoral-nacional","status":"publish","type":"post","link":"https:\/\/diariodominicano.com\/?p=230872","title":{"rendered":"Miguel D\u00edaz-Canel electo nuevo presidente de Cuba  inform\u00f3 hoy la Comisi\u00f3n Electoral Nacional"},"content":{"rendered":"<p><body><\/p>\n<p><img decoding=\"async\" src=\"img3\/RaulyDiasCanel19.jpg\" \/>  <\/p>\n<p><span class=\"text1noticias\"> <\/span><\/p>\n<p><span class=\"text1noticias\">    LA HABANA, 19 abr (Xinhua) &#8212; El nuevo presidente del Consejo de Estado de Cuba, Miguel D\u00edaz-Canel, fue electo con el 99,83 por ciento de los votos emitidos por los 604 diputados presentes en la sesi\u00f3n constitutiva de la IX Legislatura de la Asamblea Nacional, informaron hoy la Comisi\u00f3n Electoral Nacional.<\/span><\/p>\n<p><span class=\"text1noticias\"> <\/span><\/p>\n<p><span class=\"text1noticias\">     La presidenta de esta instituci\u00f3n, Alina Balceiro, anunci\u00f3 que igualmente fue nombrado Salvador Vald\u00e9s Mesa, primer vicepresidente, con el 100 por ciento de las boletas.<\/span><\/p>\n<p><span class=\"text1noticias\"> <\/span><\/p>\n<p><span class=\"text1noticias\">     Mientras que Ramiro Vald\u00e9s, Roberto Morales, Gladys Bejerano, In\u00e9s Mar\u00eda Chapman y Beatriz Jhonson, resultaron seleccionados para ocupar los cinco puestos como vicepresidentes del Consejo de Estado de la isla.<\/span><\/p>\n<p><span class=\"text1noticias\"> <\/span><\/p>\n<p><span class=\"text1noticias\">     Esta instancia de gobierno funge como representante de la Asamblea Nacional, \u00f3rgano legislativo supremo en Cuba, entre sus per\u00edodos de sesiones y ejecuta los acuerdos adoptados en los plenarios del parlamento, adem\u00e1s de cumplir otras funciones que la Constituci\u00f3n le atrib<\/span>uye.<\/p>\n<h6> 2018-04-19 09:39:24 <\/h6>\n<p><!--\n<link rel=\"stylesheet\" href=\"css\/bootstrap.min.css\">\n\n\n<ul class=\"pagination\">\n\t    \n\t\n\n<li >\n\t<a href='?page_no=10539'>Previous<\/a>\n\t<\/li>\n\n\n       \n    \n\n<li><a href='?page_no=1'>1<\/a><\/li>\n\n\n\n<li><a href='?page_no=2'>2<\/a><\/li>\n\n\n\n<li><a>...<\/a><\/li>\n\n\n\n<li><a href='?page_no=10538'>10538<\/a><\/li>\n\n\n\n<li><a href='?page_no=10539'>10539<\/a><\/li>\n\n\n\n<li class='active'><a>10540<\/a><\/li>\n\n\n\n<li><a href='?page_no=10541'>10541<\/a><\/li>\n\n\n\n<li><a href='?page_no=10542'>10542<\/a><\/li>\n\n\n\n<li><a>...<\/a><\/li>\n\n\n\n<li><a href='?page_no=51012'>51012<\/a><\/li>\n\n\n\n<li><a href='?page_no=51013'>51013<\/a><\/li>\n\n    \n\t\n\n<li >\n\t<a href='?page_no=10541'>Next<\/a>\n\t<\/li>\n\n\n    \n\n<li><a href='?page_no=51013'>Last &rsaquo;&rsaquo;<\/a><\/li>\n\n<\/ul>\n\n\n--><br \/>\n<\/body><\/p>\n","protected":false},"excerpt":{"rendered":"<p>LA HABANA, 19 abr (Xinhua) &#8212; El nuevo presidente del Consejo de Estado de Cuba, Miguel D\u00edaz-Canel, fue electo con el 99,83 por ciento de los votos emitidos por los 604 diputados presentes en la sesi\u00f3n constitutiva de la IX Legislatura de la Asamblea Nacional, informaron hoy la Comisi\u00f3n Electoral Nacional. La presidenta de esta [&hellip;]<\/p>\n","protected":false},"author":3,"featured_media":0,"comment_status":"open","ping_status":"open","sticky":false,"template":"","format":"standard","meta":{"footnotes":""},"categories":[23],"tags":[],"class_list":["post-230872","post","type-post","status-publish","format-standard","hentry","category-internacional"],"_links":{"self":[{"href":"https:\/\/diariodominicano.com\/index.php?rest_route=\/wp\/v2\/posts\/230872","targetHints":{"allow":["GET"]}}],"collection":[{"href":"https:\/\/diariodominicano.com\/index.php?rest_route=\/wp\/v2\/posts"}],"about":[{"href":"https:\/\/diariodominicano.com\/index.php?rest_route=\/wp\/v2\/types\/post"}],"author":[{"embeddable":true,"href":"https:\/\/diariodominicano.com\/index.php?rest_route=\/wp\/v2\/users\/3"}],"replies":[{"embeddable":true,"href":"https:\/\/diariodominicano.com\/index.php?rest_route=%2Fwp%2Fv2%2Fcomments&post=230872"}],"version-history":[{"count":0,"href":"https:\/\/diariodominicano.com\/index.php?rest_route=\/wp\/v2\/posts\/230872\/revisions"}],"wp:attachment":[{"href":"https:\/\/diariodominicano.com\/index.php?rest_route=%2Fwp%2Fv2%2Fmedia&parent=230872"}],"wp:term":[{"taxonomy":"category","embeddable":true,"href":"https:\/\/diariodominicano.com\/index.php?rest_route=%2Fwp%2Fv2%2Fcategories&post=230872"},{"taxonomy":"post_tag","embeddable":true,"href":"https:\/\/diariodominicano.com\/index.php?rest_route=%2Fwp%2Fv2%2Ftags&post=230872"}],"curies":[{"name":"wp","href":"https:\/\/api.w.org\/{rel}","templated":true}]}}