{"id":230868,"date":"2018-04-19T13:54:40","date_gmt":"2018-04-19T13:54:40","guid":{"rendered":"http:\/\/diariodominicano.ddns.net\/?p=230868"},"modified":"2018-04-19T13:54:40","modified_gmt":"2018-04-19T13:54:40","slug":"castro-afirma-que-no-es-casualidad-eleccion-de-diaz-canel-como-presidente-de-cuba","status":"publish","type":"post","link":"https:\/\/diariodominicano.com\/?p=230868","title":{"rendered":"Castro afirma que \u00abno es casualidad\u00bb elecci\u00f3n de D\u00edaz-Canel como presidente de Cuba"},"content":{"rendered":"<p><body><\/p>\n<p><img decoding=\"async\" src=\"img3\/diascanelyRaul19.jpg\" \/>  <\/p>\n<p><span class=\"text1noticias\">     LA HABANA, 19 abr (Xinhua) &#8212; El ex presidente de Cuba, Ra\u00fal Castro, destac\u00f3 hoy jueves la trayectoria pol\u00edtica y cualidades de su sucesor, Miguel D\u00edaz-Canel Berm\u00fadez, y dijo que la designaci\u00f3n de este \u00abno es casualidad\u00bb.<\/span><\/p>\n<p><span class=\"text1noticias\"> <\/span><\/p>\n<p><span class=\"text1noticias\">     La elecci\u00f3n \u00abno es casualidad, se previ\u00f3, y no dudamos que por las virtudes, experiencia y dedicaci\u00f3n al trabajo que ha desarrollado, tendr\u00e1 \u00e9xito absoluto en la responsabilidad que el \u00f3rgano m\u00e1ximo del poder del Estado le ha asignado\u00bb, afirm\u00f3 Castro en su discurso ante la Asamblea Nacional en el habanero Palacio de Convenciones.<\/span><\/p>\n<p><span class=\"text1noticias\"> <\/span><\/p>\n<p><span class=\"text1noticias\">     \u00abD\u00edaz-Canel no es un improvisado. Su promoci\u00f3n gradual a cargos superiores se asegur\u00f3 con intencionalidad y previsi\u00f3n. No cometimos el error de acelerarla como en otros casos\u00bb, afirm\u00f3 Castro, de casi 87 a\u00f1os de edad.<\/span><\/p>\n<p><span class=\"text1noticias\"> <\/span><\/p>\n<p><span class=\"text1noticias\">     Ra\u00fal Castro concluy\u00f3 este jueves 19 de abril su mandato oficial de una d\u00e9cada al frente de la presidencia de Cu<\/span>ba.<\/p>\n<h6> 2018-04-19 13:54:40 <\/h6>\n<p><!--\n<link rel=\"stylesheet\" href=\"css\/bootstrap.min.css\">\n\n\n<ul class=\"pagination\">\n\t    \n\t\n\n<li >\n\t<a href='?page_no=10536'>Previous<\/a>\n\t<\/li>\n\n\n       \n    \n\n<li><a href='?page_no=1'>1<\/a><\/li>\n\n\n\n<li><a href='?page_no=2'>2<\/a><\/li>\n\n\n\n<li><a>...<\/a><\/li>\n\n\n\n<li><a href='?page_no=10535'>10535<\/a><\/li>\n\n\n\n<li><a href='?page_no=10536'>10536<\/a><\/li>\n\n\n\n<li class='active'><a>10537<\/a><\/li>\n\n\n\n<li><a href='?page_no=10538'>10538<\/a><\/li>\n\n\n\n<li><a href='?page_no=10539'>10539<\/a><\/li>\n\n\n\n<li><a>...<\/a><\/li>\n\n\n\n<li><a href='?page_no=51012'>51012<\/a><\/li>\n\n\n\n<li><a href='?page_no=51013'>51013<\/a><\/li>\n\n    \n\t\n\n<li >\n\t<a href='?page_no=10538'>Next<\/a>\n\t<\/li>\n\n\n    \n\n<li><a href='?page_no=51013'>Last &rsaquo;&rsaquo;<\/a><\/li>\n\n<\/ul>\n\n\n--><br \/>\n<\/body><\/p>\n","protected":false},"excerpt":{"rendered":"<p>LA HABANA, 19 abr (Xinhua) &#8212; El ex presidente de Cuba, Ra\u00fal Castro, destac\u00f3 hoy jueves la trayectoria pol\u00edtica y cualidades de su sucesor, Miguel D\u00edaz-Canel Berm\u00fadez, y dijo que la designaci\u00f3n de este \u00abno es casualidad\u00bb. La elecci\u00f3n \u00abno es casualidad, se previ\u00f3, y no dudamos que por las virtudes, experiencia y dedicaci\u00f3n al [&hellip;]<\/p>\n","protected":false},"author":3,"featured_media":0,"comment_status":"open","ping_status":"open","sticky":false,"template":"","format":"standard","meta":{"footnotes":""},"categories":[23],"tags":[],"class_list":["post-230868","post","type-post","status-publish","format-standard","hentry","category-internacional"],"_links":{"self":[{"href":"https:\/\/diariodominicano.com\/index.php?rest_route=\/wp\/v2\/posts\/230868","targetHints":{"allow":["GET"]}}],"collection":[{"href":"https:\/\/diariodominicano.com\/index.php?rest_route=\/wp\/v2\/posts"}],"about":[{"href":"https:\/\/diariodominicano.com\/index.php?rest_route=\/wp\/v2\/types\/post"}],"author":[{"embeddable":true,"href":"https:\/\/diariodominicano.com\/index.php?rest_route=\/wp\/v2\/users\/3"}],"replies":[{"embeddable":true,"href":"https:\/\/diariodominicano.com\/index.php?rest_route=%2Fwp%2Fv2%2Fcomments&post=230868"}],"version-history":[{"count":0,"href":"https:\/\/diariodominicano.com\/index.php?rest_route=\/wp\/v2\/posts\/230868\/revisions"}],"wp:attachment":[{"href":"https:\/\/diariodominicano.com\/index.php?rest_route=%2Fwp%2Fv2%2Fmedia&parent=230868"}],"wp:term":[{"taxonomy":"category","embeddable":true,"href":"https:\/\/diariodominicano.com\/index.php?rest_route=%2Fwp%2Fv2%2Fcategories&post=230868"},{"taxonomy":"post_tag","embeddable":true,"href":"https:\/\/diariodominicano.com\/index.php?rest_route=%2Fwp%2Fv2%2Ftags&post=230868"}],"curies":[{"name":"wp","href":"https:\/\/api.w.org\/{rel}","templated":true}]}}