{"id":230867,"date":"2018-04-19T14:41:17","date_gmt":"2018-04-19T14:41:17","guid":{"rendered":"http:\/\/diariodominicano.ddns.net\/?p=230867"},"modified":"2018-04-19T14:41:17","modified_gmt":"2018-04-19T14:41:17","slug":"miguel-diaz-canel-nuevo-lider-para-dar-continuidad-y-lozania-a-la-cuba-del-siglo-xxi","status":"publish","type":"post","link":"https:\/\/diariodominicano.com\/?p=230867","title":{"rendered":"Miguel D\u00edaz-Canel, nuevo l\u00edder para dar continuidad y lozan\u00eda a la Cuba del siglo XXI"},"content":{"rendered":"<p><body><\/p>\n<p><img decoding=\"async\" src=\"img3\/Ptecubanodiascanel.jpg\" \/><br \/><img decoding=\"async\" src=\"img3\/abrazoRaszulyCanel.jpg\" \/>  <\/p>\n<p><span class=\"text1noticias\">     Por Noem\u00ed Galb\u00e1n<\/span><\/p>\n<p><span class=\"text1noticias\"> <\/span><\/p>\n<p><span class=\"text1noticias\">     LA HABANA, 19 abr (Xinhua) &#8212; A s\u00f3lo unas horas de cumplir 58 a\u00f1os de edad ma\u00f1ana viernes 20 de abril, Miguel D\u00edaz-Canel se convirti\u00f3 hoy en el presidente de Cuba, tras resultar electo con el 99.83 por ciento de los votos emitidos por los 604 diputados presentes que conforman la Asamblea Nacional.<\/span><\/p>\n<p><span class=\"text1noticias\"> <\/span><\/p>\n<p><span class=\"text1noticias\">     En \u00e9l recae ahora el compromiso de impulsar las transformaciones pol\u00edticas y econ\u00f3micas que precisa el pa\u00eds, como parte del proceso de actualizaci\u00f3n del modelo cubano iniciado por su antecesor Ra\u00fal Castro en 2011.<\/span><\/p>\n<p><span class=\"text1noticias\"> <\/span><\/p>\n<p><span class=\"text1noticias\">     Se convierte adem\u00e1s en garante continuador del socialismo, luego de casi 60 a\u00f1os de Revoluci\u00f3n Cubana, una responsabilidad que le atribuy\u00f3 el Parlamento en reconocimiento a sus m\u00e9ritos y destacada trayectoria pol\u00edtica de casi tres d\u00e9cadas.<\/span><\/p>\n<p><span class=\"text1noticias\"> <\/span><\/p>\n<p><span class=\"text1noticias\">     En estos a\u00f1os ha demostrado \u00abcapacidad\u00bb y una \u00abs\u00f3lida firmeza ideol\u00f3gica\u00bb, como lo calificara con anterioridad el ex presidente Castro.<\/span><\/p>\n<p><span class=\"text1noticias\"> <\/span><\/p>\n<p><span class=\"text1noticias\">     De porte sereno y confiado, presencia elegante, mirada aguda y car\u00e1cter reservado, D\u00edaz-Canel es una figura pol\u00edtica que surgi\u00f3 en la base y transit\u00f3 por todos los esca\u00f1os correspondientes hasta llegar al cargo que ocupa.<\/span><\/p>\n<p><span class=\"text1noticias\"> <\/span><\/p>\n<p><span class=\"text1noticias\">     Ingeniero el\u00e9ctrico graduado en 1982 de la Universidad Central de Las Villas Marta Abreu, el presidente cubano fue dirigente de la Uni\u00f3n de J\u00f3venes Comunistas (UJC) en su natal provincia Villa Clara, a 290 Kil\u00f3metros al oriente de La Habana, y tambi\u00e9n a nivel nacional.<\/span><\/p>\n<p><span class=\"text1noticias\"> <\/span><\/p>\n<p><span class=\"text1noticias\">     Posteriormente, fue electo miembro del Comit\u00e9 Central del Partido Comunista de Cuba (PCC) y luego de su Bur\u00f3 Pol\u00edtico.<\/span><\/p>\n<p><span class=\"text1noticias\"> <\/span><\/p>\n<p><span class=\"text1noticias\">     Desempe\u00f1\u00f3 tambi\u00e9n con \u00e9xito el cargo de primer secretario del Comit\u00e9 Provincial del PCC en Villa Clara y Holgu\u00edn, 735 kil\u00f3metros al noreste de La Habana.<\/span><\/p>\n<p><span class=\"text1noticias\"> <\/span><\/p>\n<p><span class=\"text1noticias\">     En esos dif\u00edciles a\u00f1os del denominado Periodo Especial, d\u00e9cada cr\u00edtica para la isla tras el derrumbe del campo socialista sovi\u00e9tico, D\u00edaz-Canel cal\u00f3 en la poblaci\u00f3n de esos territorios y se convirti\u00f3 en referente del modelo de dirigente a seguir.<\/span><\/p>\n<p><span class=\"text1noticias\"> <\/span><\/p>\n<p><span class=\"text1noticias\">     Por esa \u00e9poca resultaba com\u00fan encontrarse con \u00e9l montando bicicleta para asistir a las reuniones o a pie, siempre presto a escuchar los problemas de los ciudadanos y a buscarles soluci\u00f3n.<\/span><\/p>\n<p><span class=\"text1noticias\"> <\/span><\/p>\n<p><span class=\"text1noticias\">     Los habitantes de Villa Clara y Holgu\u00edn a\u00fan hoy en d\u00eda lo recuerdan como un hombre sencillo, competente y cercano al pueblo, con un alto sentido del trabajo colectivo y de exigencia con los subordinados, que predica con el ejemplo en el af\u00e1n de superarse cotidianamente.<\/span><\/p>\n<p><span class=\"text1noticias\"> <\/span><\/p>\n<p><span class=\"text1noticias\">     A propuesta de Ra\u00fal Castro, en 2009 asumi\u00f3 como ministro de Educaci\u00f3n Superior, y tres a\u00f1os m\u00e1s tarde como vicepresidente del Consejo de Ministros al frente de las \u00e1reas de educaci\u00f3n, ciencia, cultura y deporte.<\/span><\/p>\n<p><span class=\"text1noticias\"> <\/span><\/p>\n<p><span class=\"text1noticias\">     En febrero de 2013, ascendi\u00f3 al cargo de primer vicepresidente de los Consejos de Estado y de Ministros, convirti\u00e9ndose en el primer dirigente cubano nacido despu\u00e9s del triunfo de la Revoluci\u00f3n (1959) en alcanzar dicho puesto.<\/span><\/p>\n<p><span class=\"text1noticias\"> <\/span><\/p>\n<p><span class=\"text1noticias\">     Desde la vicepresidencia mantuvo un discreto perfil, aunque en el \u00faltimo a\u00f1o cobr\u00f3 protagonismo con m\u00e1s intervenciones p\u00fablicas en las que defendi\u00f3 la continuidad del modelo socialista cubano e insisti\u00f3 en promover a\u00fan m\u00e1s el di\u00e1logo con las nuevas generaciones.<\/span><\/p>\n<p><span class=\"text1noticias\"> <\/span><\/p>\n<p><span class=\"text1noticias\">     Se mostr\u00f3 tambi\u00e9n cr\u00edtico hacia cuestiones sensibles como la corrupci\u00f3n, la burocracia, la manipulaci\u00f3n medi\u00e1tica y el rol de los dirigentes del Estado, como figuras claves para interactuar con el pueblo, velar por la eficiencia en las instituciones y ser responsables de la debida implementaci\u00f3n de las reformas econ\u00f3micas.<\/span><\/p>\n<p><span class=\"text1noticias\"> <\/span><\/p>\n<p><span class=\"text1noticias\">     Padre de dos hijos de un primer matrimonio y esposo de la acad\u00e9mica en cultura cubana, Liz Cuesta, quien lo acompa\u00f1a a muchas de las actividades en las que participa, la presencia de D\u00edaz-Canel se hizo habitual a nivel internacional al asumir compromisos delegados por el ex presidente Ra\u00fal Castro.<\/span><\/p>\n<p><span class=\"text1noticias\"> <\/span><\/p>\n<p><span class=\"text1noticias\">     Su exposici\u00f3n medi\u00e1tica creci\u00f3 en los \u00faltimos meses cuando recorri\u00f3 los territorios que sufrieron el embate del hurac\u00e1n Irma en septiembre de 2017, para supervisar las labores de recuperaci\u00f3n.<\/span><\/p>\n<p><span class=\"text1noticias\"> <\/span><\/p>\n<p><span class=\"text1noticias\">     La ocasi\u00f3n le permiti\u00f3 acercarse y comunicarse con los habitantes de gran parte de la isla e hizo extensiva la admiraci\u00f3n que despert\u00f3 en Villa Clara y Holgu\u00edn en los a\u00f1os cuando dirigi\u00f3 dichas provincias.<\/span><\/p>\n<p><span class=\"text1noticias\"> <\/span><\/p>\n<p><span class=\"text1noticias\">     Encabez\u00f3 de igual forma los actos oficiales en dos efem\u00e9rides destacadas.<\/span><\/p>\n<p><span class=\"text1noticias\"> <\/span><\/p>\n<p><span class=\"text1noticias\">     Estas dos fechas fueron el 50 aniversario de la muerte de Ernesto \u00abChe\u00bb Guevara en octubre pasado, fecha en que pronunci\u00f3 el discurso central, as\u00ed como el homenaje a Fidel Castro en la Universidad de La Habana, en el primer a\u00f1o tras su fallecimiento (noviembre de 2016).<\/span><\/p>\n<p><span class=\"text1noticias\"> <\/span><\/p>\n<p><span class=\"text1noticias\">     Fueron noticia, adem\u00e1s, su participaci\u00f3n en reuniones con autoridades educativas y deportivas de la isla, as\u00ed como los intercambios que sostuvo con estudiantes de la Universidad de las Ciencias Inform\u00e1ticas y de la Facultad de Comunicaci\u00f3n de la Universidad de La Habana.<\/span><\/p>\n<p><span class=\"text1noticias\"> <\/span><\/p>\n<p><span class=\"text1noticias\">     Rememorando sus a\u00f1os de docente, en esos encuentros Miguel D\u00edaz-Canel luci\u00f3 afable, asequible, sencillo, receptivo y muy atento a los planteamientos de los j\u00f3venes y directivos con quienes comparti\u00f3.<\/span><\/p>\n<p><span class=\"text1noticias\"> <\/span><\/p>\n<p><span class=\"text1noticias\">     Esta imagen, que lo ha acompa\u00f1ado durante sus tres d\u00e9cadas de carrera pol\u00edtica, hizo que emergiera por m\u00e9rito propio como el sucesor id\u00f3neo de Ra\u00fal Castro para continuar \u00abla marcha triunfante de la Revoluci\u00f3n\u00bb.<\/span><\/p>\n<p><span class=\"text1noticias\"> <\/span><\/p>\n<p><span class=\"text1noticias\">     Como \u00e9l mismo asegur\u00f3 en marzo \u00faltimo tras ejercer su derecho al voto en las elecciones a diputados de la Asamblea Nacional, \u00abperdurar\u00e1 la tranquilidad, la libertad, la independencia y la soberan\u00eda del pueblo. A esas cosas nu<\/span>nca vamos a renunciar\u00bb. <\/p>\n<h6> 2018-04-19 14:41:17 <\/h6>\n<p><!--\n<link rel=\"stylesheet\" href=\"css\/bootstrap.min.css\">\n\n\n<ul class=\"pagination\">\n\t    \n\t\n\n<li >\n\t<a href='?page_no=10535'>Previous<\/a>\n\t<\/li>\n\n\n       \n    \n\n<li><a href='?page_no=1'>1<\/a><\/li>\n\n\n\n<li><a href='?page_no=2'>2<\/a><\/li>\n\n\n\n<li><a>...<\/a><\/li>\n\n\n\n<li><a href='?page_no=10534'>10534<\/a><\/li>\n\n\n\n<li><a href='?page_no=10535'>10535<\/a><\/li>\n\n\n\n<li class='active'><a>10536<\/a><\/li>\n\n\n\n<li><a href='?page_no=10537'>10537<\/a><\/li>\n\n\n\n<li><a href='?page_no=10538'>10538<\/a><\/li>\n\n\n\n<li><a>...<\/a><\/li>\n\n\n\n<li><a href='?page_no=51012'>51012<\/a><\/li>\n\n\n\n<li><a href='?page_no=51013'>51013<\/a><\/li>\n\n    \n\t\n\n<li >\n\t<a href='?page_no=10537'>Next<\/a>\n\t<\/li>\n\n\n    \n\n<li><a href='?page_no=51013'>Last &rsaquo;&rsaquo;<\/a><\/li>\n\n<\/ul>\n\n\n--><br \/>\n<\/body><\/p>\n","protected":false},"excerpt":{"rendered":"<p>Por Noem\u00ed Galb\u00e1n LA HABANA, 19 abr (Xinhua) &#8212; A s\u00f3lo unas horas de cumplir 58 a\u00f1os de edad ma\u00f1ana viernes 20 de abril, Miguel D\u00edaz-Canel se convirti\u00f3 hoy en el presidente de Cuba, tras resultar electo con el 99.83 por ciento de los votos emitidos por los 604 diputados presentes que conforman la Asamblea [&hellip;]<\/p>\n","protected":false},"author":3,"featured_media":0,"comment_status":"open","ping_status":"open","sticky":false,"template":"","format":"standard","meta":{"footnotes":""},"categories":[23],"tags":[],"class_list":["post-230867","post","type-post","status-publish","format-standard","hentry","category-internacional"],"_links":{"self":[{"href":"https:\/\/diariodominicano.com\/index.php?rest_route=\/wp\/v2\/posts\/230867","targetHints":{"allow":["GET"]}}],"collection":[{"href":"https:\/\/diariodominicano.com\/index.php?rest_route=\/wp\/v2\/posts"}],"about":[{"href":"https:\/\/diariodominicano.com\/index.php?rest_route=\/wp\/v2\/types\/post"}],"author":[{"embeddable":true,"href":"https:\/\/diariodominicano.com\/index.php?rest_route=\/wp\/v2\/users\/3"}],"replies":[{"embeddable":true,"href":"https:\/\/diariodominicano.com\/index.php?rest_route=%2Fwp%2Fv2%2Fcomments&post=230867"}],"version-history":[{"count":0,"href":"https:\/\/diariodominicano.com\/index.php?rest_route=\/wp\/v2\/posts\/230867\/revisions"}],"wp:attachment":[{"href":"https:\/\/diariodominicano.com\/index.php?rest_route=%2Fwp%2Fv2%2Fmedia&parent=230867"}],"wp:term":[{"taxonomy":"category","embeddable":true,"href":"https:\/\/diariodominicano.com\/index.php?rest_route=%2Fwp%2Fv2%2Fcategories&post=230867"},{"taxonomy":"post_tag","embeddable":true,"href":"https:\/\/diariodominicano.com\/index.php?rest_route=%2Fwp%2Fv2%2Ftags&post=230867"}],"curies":[{"name":"wp","href":"https:\/\/api.w.org\/{rel}","templated":true}]}}