{"id":230859,"date":"2018-04-19T23:40:32","date_gmt":"2018-04-19T23:40:32","guid":{"rendered":"http:\/\/diariodominicano.ddns.net\/?p=230859"},"modified":"2018-04-19T23:40:32","modified_gmt":"2018-04-19T23:40:32","slug":"raul-castro-el-historico-dirigente-que-revoluciono-cuba","status":"publish","type":"post","link":"https:\/\/diariodominicano.com\/?p=230859","title":{"rendered":"Ra\u00fal Castro, el hist\u00f3rico dirigente que revolucion\u00f3 Cuba"},"content":{"rendered":"<p><body><\/p>\n<p><img decoding=\"async\" src=\"img3\/raul-sentado1.jpg\" \/>  <\/p>\n<\/p>\n<p><strong>   Por Noem\u00ed Galb\u00e1n<\/strong><\/p>\n<p><strong>   La Habana, 19 abr (Xinhua) &#8212; Ra\u00fal Castro culmina hoy su segundo mandato como presidente de Cuba y se despide del cargo con la \u00absatisfacci\u00f3n\u00bb de haber empren<\/strong>dido reformas econ\u00f3micas para hacer m\u00e1s eficiente el modelo cubano, mientras deja garantizado el relevo generacional que continuar\u00e1 la senda socialista iniciada en 1959.<\/p>\n<\/p>\n<p>   La fecha guarda un gran simbolismo para los cubanos, pues se enmarca en el 57 aniversario de la victoria en Bah\u00eda de Cochinos, Playa Gir\u00f3n (225 kil\u00f3metros al sureste de La Habana) cuando en poco menos de 72 horas qued\u00f3 derrotada una invasi\u00f3n militar financiada por Estados Unidos, cuyo prop\u00f3sito era aniquilar la naciente Revoluci\u00f3n cubana.<\/p>\n<\/p>\n<p>   \u00abHemos recorrido un largo camino, largo, largo. Y dif\u00edcil. Pero lo hemos recorrido honrosamente, conjuntamente con todo nuestro pueblo, para que nuestros ni\u00f1os, los de ahora y los del futuro, sean felices\u00bb, reflexion\u00f3 recientemente Castro.<\/p>\n<\/p>\n<p>   Palabras que definen el accionar austero, sencillo, pragm\u00e1tico y resuelto de uno de los principales l\u00edderes de la naci\u00f3n, que con 86 a\u00f1os de edad a\u00fan mantiene la lucidez y el \u00edmpetu por hacer de Cuba un pa\u00eds m\u00e1s \u00abpr\u00f3spero\u00bb y \u00absostenible\u00bb.<\/p>\n<\/p>\n<p>   Esa ha sido su m\u00e1xima desde que el 31 de julio de 2006 ocup\u00f3 de manera temporal la Presidencia de Cuba, seg\u00fan las disposiciones contempladas por la Constituci\u00f3n, debido a una compleja situaci\u00f3n de salud que present\u00f3 su hermano Fidel Castro.<\/p>\n<\/p>\n<p>   Posteriormente, el 24 de febrero de 2008 fue electo presidente de los Consejos de Estado y de Ministros y emprendi\u00f3 una nueva etapa de ajustes en la pol\u00edtica interna y externa del pa\u00eds.<\/p>\n<\/p>\n<p>   Las mismas estuvieron encaminadas a impulsar y diversificar las fuentes de ingresos de la econom\u00eda local y elevar la calidad de vida de la poblaci\u00f3n, sin renunciar a las \u00abconquistas sociales\u00bb alcanzadas en los \u00faltimos 50 a\u00f1os.<\/p>\n<\/p>\n<p>   En abril de 2011 fue seleccionado primer secretario del Partido Comunista de Cuba (PCC) en el VI Congreso de esa organizaci\u00f3n.<\/p>\n<\/p>\n<p>   All\u00ed, adem\u00e1s, fueron aprobados los Lineamientos de la Pol\u00edtica Econ\u00f3mica y Social del Estado y el Gobierno, documento rector que estableci\u00f3 las bases de las reformas a implementar para la actualizaci\u00f3n del modelo socialista cubano.<\/p>\n<\/p>\n<p>   Estas \u00abtransformaciones estructurales\u00bb incluyeron la reducci\u00f3n gradual de empleos p\u00fablicos, el aumento del trabajo privado (por cuenta propia), la flexibilizaci\u00f3n de la pol\u00edtica migratoria, adem\u00e1s de la autorizaci\u00f3n para la compra y venta de viviendas y veh\u00edculos a personas naturales.<\/p>\n<\/p>\n<p>   Tambi\u00e9n destacaron la entrega de tierras en usufructo a los ciudadanos que as\u00ed lo solicitaron con vistas a estimular la t\u00edmida producci\u00f3n agr\u00edcola del pa\u00eds, pues seg\u00fan datos oficiales Cuba importa alrededor del 80 por ciento de los alimentos que consume.<\/p>\n<\/p>\n<p>   Al mismo tiempo quedaron decretadas las normas jur\u00eddicas correspondientes para constituir cooperativas en sectores no agropecuarios, as\u00ed como nuevas leyes del sistema tributario y de la inversi\u00f3n extranjera.<\/p>\n<\/p>\n<p>   En abril de 2016 se realiz\u00f3 el VII Congreso del PCC, ocasi\u00f3n donde Castro fue reelecto primer secretario de la organizaci\u00f3n pol\u00edtica, responsabilidad que desempe\u00f1ar\u00e1 hasta 2021.<\/p>\n<\/p>\n<p>   El c\u00f3nclave fue escenario para analizar los avances respecto a la implementaci\u00f3n de los Lineamientos y se trazaron nuevos objetivos en pos del desarrollo paulatino del proceso de actualizaci\u00f3n, a partir del reordenamiento interno de la pol\u00edtica monetaria, de precios y las finanzas del pa\u00eds.<\/p>\n<\/p>\n<p>   En este sentido, Ra\u00fal Castro puntualiz\u00f3 que las reformas bajo ning\u00fan concepto contemplar\u00e1n la aplicaci\u00f3n en Cuba de \u00abf\u00f3rmulas neoliberales\u00bb y \u00abterapias de choque\u00bb en detrimento de los m\u00e1s humildes.<\/p>\n<\/p>\n<p>   Motivo por el cual el proceso resulta m\u00e1s complejo y los adelantos han ocurrido de una manera m\u00e1s pausada a la prevista, as\u00ed lo reconoci\u00f3 el propio dirigente en el V Pleno del Comit\u00e9 Central del PCC celebrado en marzo \u00faltimo.<\/p>\n<\/p>\n<p>   A modo de despedida, Castro record\u00f3 que \u00abante los nuevos retos debe prevalecer el esp\u00edritu de resistencia y combatividad que ha caracterizado a nuestro pueblo, sin un atisbo de pesimismo y con total confianza en el futuro\u00bb.<\/p>\n<\/p>\n<p>   Combatiente rebelde de la Sierra Maestra, titular desde el triunfo de la Revoluci\u00f3n del Ministerio de las Fuerzas Armadas Revolucionarias (FAR), segundo secretario del PCC desde su fundaci\u00f3n en 1965, Ra\u00fal Castro es un \u00abdigno seguidor\u00bb de los ideales humanistas de su hermano Fidel. <\/p>\n<\/p>\n<p>   De ah\u00ed que su postura defensora de la libre autodeterminaci\u00f3n de los pueblos, el respeto al Derecho Internacional y la lucha por la integraci\u00f3n latinoamericana y la cooperaci\u00f3n Sur-Sur, sea consecuente no s\u00f3lo con su accionar en materia de pol\u00edtica exterior, sino una continuidad de la l\u00ednea fijada por el desaparecido l\u00edder cubano.<\/p>\n<\/p>\n<p>   En su \u00faltimo viaje internacional el 5 de marzo a Venezuela, Ra\u00fal particip\u00f3 en la XV Cumbre de la Alianza Bolivariana para los Pueblos de Nuestra Am\u00e9rica (ALBA), en ocasi\u00f3n del quinto aniversario de la muerte del dirigente venezolano Hugo Ch\u00e1vez.<\/p>\n<\/p>\n<p>   All\u00ed pronunci\u00f3 un discurso en defensa de Venezuela y en pos de la unidad regional, a su juicio, \u00fanico baluarte que permitir\u00e1 a Am\u00e9rica Latina y el Caribe salir airosos frente a las renovadas \u00abamenazas\u00bb de Estados Unidos y la abierta resoluci\u00f3n de su actual mandatario Donald Trump de aplicar la Doctrina Monroe.<\/p>\n<\/p>\n<p>   No obstante, el hecho que m\u00e1s sorprendi\u00f3 a la comunidad internacional bajo la presidencia de Ra\u00fal Castro fue el anuncio realizado el 17 de diciembre de 2014.<\/p>\n<\/p>\n<p>   Ese d\u00eda mediante una alocuci\u00f3n p\u00fablica, Castro inform\u00f3 al mundo que, fruto de conversaciones bilaterales realizadas en secreto durante m\u00e1s de un a\u00f1o, se hab\u00eda logrado un acuerdo entre Cuba y Estados Unidos para restablecer las relaciones diplom\u00e1ticas e iniciar el proceso de normalizaci\u00f3n de los v\u00ednculos entre ambos pa\u00edses.<\/p>\n<\/p>\n<p>   La noticia tuvo su punto culminante con la visita a La Habana en marzo de 2016 del entonces presidente norteamericano, Barack Obama, la primera de un mandatario de esa naci\u00f3n a la isla en casi un siglo.<\/p>\n<\/p>\n<p>   A partir de entonces ambos gobiernos adoptaron medidas para agilizar ese acercamiento, como la flexibilizaci\u00f3n de algunos aspectos por parte de Washington de las sanciones contra Cuba contempladas por el bloqueo econ\u00f3mico, comercial y financiero impuesto desde 1961.<\/p>\n<\/p>\n<p>   No obstante, la llegada en enero de 2017 de Trump a la Casa Blanca marc\u00f3 un retroceso de las promisorias relaciones, consecuencia de supuestos \u00abataques ac\u00fasticos\u00bb que afectaron la salud de diplom\u00e1ticos norteamericanos en La Habana.<\/p>\n<\/p>\n<p>   A\u00fan hoy las evidencias que respaldan esta acusaci\u00f3n no han sido presentadas e incluso instituciones estadounidenses como el Bur\u00f3 Federal de Investigaciones (FBI) cuestionan la validez de dicho cargo.<\/p>\n<\/p>\n<p>   Se pone en tela de juicio, sin pruebas concluyentes, el rol de Cuba como garante de la seguridad de los diplom\u00e1ticos seg\u00fan establece la Convenci\u00f3n de Viena.<\/p>\n<\/p>\n<p>   De acuerdo con Castro, se trata de la \u00abfabricaci\u00f3n artificial de pretextos que justifiquen el regreso a pol\u00edticas fracasadas y universalmente rechazadas\u00bb, por parte de Trump.<\/p>\n<\/p>\n<p>   A pesar de ello, \u00abCuba tiene la voluntad de continuar negociando los asuntos bilaterales pendientes con Estados Unidos, sobre la base de la igualdad y el respeto a la soberan\u00eda y la independencia de nuestro pa\u00eds\u00bb, reiter\u00f3 Castro en diciembre del pasado a\u00f1o.<\/p>\n<\/p>\n<p>   Durante su intervenci\u00f3n en la clausura de la sesi\u00f3n plenaria de la Asamblea Nacional, Ra\u00fal apunt\u00f3 tambi\u00e9n que \u00abla Revoluci\u00f3n Cubana ha resistido los embates de 11 administraciones de Estados Unidos de distinto signo y aqu\u00ed estamos y estaremos, libres, soberanos e independientes\u00bb. Fin<\/p>\n<h6> 2018-04-19 23:40:32 <\/h6>\n<p><!--\n<link rel=\"stylesheet\" href=\"css\/bootstrap.min.css\">\n\n\n<ul class=\"pagination\">\n\t    \n\t\n\n<li >\n\t<a href='?page_no=10528'>Previous<\/a>\n\t<\/li>\n\n\n       \n    \n\n<li><a href='?page_no=1'>1<\/a><\/li>\n\n\n\n<li><a href='?page_no=2'>2<\/a><\/li>\n\n\n\n<li><a>...<\/a><\/li>\n\n\n\n<li><a href='?page_no=10527'>10527<\/a><\/li>\n\n\n\n<li><a href='?page_no=10528'>10528<\/a><\/li>\n\n\n\n<li class='active'><a>10529<\/a><\/li>\n\n\n\n<li><a href='?page_no=10530'>10530<\/a><\/li>\n\n\n\n<li><a href='?page_no=10531'>10531<\/a><\/li>\n\n\n\n<li><a>...<\/a><\/li>\n\n\n\n<li><a href='?page_no=51012'>51012<\/a><\/li>\n\n\n\n<li><a href='?page_no=51013'>51013<\/a><\/li>\n\n    \n\t\n\n<li >\n\t<a href='?page_no=10530'>Next<\/a>\n\t<\/li>\n\n\n    \n\n<li><a href='?page_no=51013'>Last &rsaquo;&rsaquo;<\/a><\/li>\n\n<\/ul>\n\n\n--><br \/>\n<\/body><\/p>\n","protected":false},"excerpt":{"rendered":"<p>Por Noem\u00ed Galb\u00e1n La Habana, 19 abr (Xinhua) &#8212; Ra\u00fal Castro culmina hoy su segundo mandato como presidente de Cuba y se despide del cargo con la \u00absatisfacci\u00f3n\u00bb de haber emprendido reformas econ\u00f3micas para hacer m\u00e1s eficiente el modelo cubano, mientras deja garantizado el relevo generacional que continuar\u00e1 la senda socialista iniciada en 1959. La [&hellip;]<\/p>\n","protected":false},"author":3,"featured_media":0,"comment_status":"open","ping_status":"open","sticky":false,"template":"","format":"standard","meta":{"footnotes":""},"categories":[23],"tags":[],"class_list":["post-230859","post","type-post","status-publish","format-standard","hentry","category-internacional"],"_links":{"self":[{"href":"https:\/\/diariodominicano.com\/index.php?rest_route=\/wp\/v2\/posts\/230859","targetHints":{"allow":["GET"]}}],"collection":[{"href":"https:\/\/diariodominicano.com\/index.php?rest_route=\/wp\/v2\/posts"}],"about":[{"href":"https:\/\/diariodominicano.com\/index.php?rest_route=\/wp\/v2\/types\/post"}],"author":[{"embeddable":true,"href":"https:\/\/diariodominicano.com\/index.php?rest_route=\/wp\/v2\/users\/3"}],"replies":[{"embeddable":true,"href":"https:\/\/diariodominicano.com\/index.php?rest_route=%2Fwp%2Fv2%2Fcomments&post=230859"}],"version-history":[{"count":0,"href":"https:\/\/diariodominicano.com\/index.php?rest_route=\/wp\/v2\/posts\/230859\/revisions"}],"wp:attachment":[{"href":"https:\/\/diariodominicano.com\/index.php?rest_route=%2Fwp%2Fv2%2Fmedia&parent=230859"}],"wp:term":[{"taxonomy":"category","embeddable":true,"href":"https:\/\/diariodominicano.com\/index.php?rest_route=%2Fwp%2Fv2%2Fcategories&post=230859"},{"taxonomy":"post_tag","embeddable":true,"href":"https:\/\/diariodominicano.com\/index.php?rest_route=%2Fwp%2Fv2%2Ftags&post=230859"}],"curies":[{"name":"wp","href":"https:\/\/api.w.org\/{rel}","templated":true}]}}