{"id":230858,"date":"2018-04-19T23:46:17","date_gmt":"2018-04-19T23:46:17","guid":{"rendered":"http:\/\/diariodominicano.ddns.net\/?p=230858"},"modified":"2018-04-19T23:46:17","modified_gmt":"2018-04-19T23:46:17","slug":"concluye-sesion-parlamentaria-que-eligio-a-miguel-diaz-canel-como-sucesor-de-raul-castro","status":"publish","type":"post","link":"https:\/\/diariodominicano.com\/?p=230858","title":{"rendered":"Concluye sesi\u00f3n parlamentaria que eligi\u00f3 a Miguel D\u00edaz-Canel como sucesor de Ra\u00fal Castro"},"content":{"rendered":"<p><body><\/p>\n<p><strong> <\/strong><\/p>\n<p><strong>   LA HABANA, 19 abr (Xinhua) &#8211;<\/strong>&#8211; La sesi\u00f3n constitutiva de la IX Legislatura de la Asamblea Nacional del Poder Popular (Parlamento unicameral) de Cuba finaliz\u00f3 hoy con la elecci\u00f3n de Miguel D\u00edaz-Canel como presidente del pa\u00eds, en sustituci\u00f3n de Ra\u00fal Castro.<\/p>\n<\/p>\n<p>   Ante los m\u00e1s de 600 diputados reunidos en el Palacio de Convenciones de La Habana, D\u00edaz-Canel y Castro pronunciaron sendos discursos con un marcado sentido de renovaci\u00f3n, unidad, compromiso y continuidad del modelo socialista de Cuba.<\/p>\n<\/p>\n<p>   En la clausura del evento, Ra\u00fal Castro, de 86 a\u00f1os de edad y diez a\u00f1os en el cargo, resalt\u00f3 la trayectoria pol\u00edtica y cualidades de su sucesor, cuyo nombramiento como presidente \u00abno es casualidad, se previ\u00f3\u00bb.<\/p>\n<\/p>\n<p>   Al explicar la \u00abcapacidad de trabajo, solidez ideol\u00f3gica y compromiso hacia la Revoluci\u00f3n\u00bb por parte de D\u00edaz-Canel, de 57 a\u00f1os, Castro agreg\u00f3 que su promoci\u00f3n a cargos superiores \u00abse asegur\u00f3 con intencionalidad y previsi\u00f3n; no cometimos el error de acelerarla como en otros casos\u00bb.<\/p>\n<\/p>\n<p>   \u00abNo dudamos que por las virtudes, experiencia y dedicaci\u00f3n al trabajo que ha desarrollado, tendr\u00e1 \u00e9xito absoluto en la responsabilidad que el \u00f3rgano m\u00e1ximo del poder del Estado le ha asignado\u00bb, dijo.<\/p>\n<\/p>\n<p>   Castro precis\u00f3 que continuar\u00e1 como primer secretario del Partido Comunista de Cuba (PCC) hasta 2021, cuando terminar\u00e1 su segundo y \u00faltimo mandato consecutivo en ese cargo, y a partir de entonces ser\u00e1 \u00abun soldado m\u00e1s junto al pueblo defendiendo la Revoluci\u00f3n\u00bb.<\/p>\n<\/p>\n<p>   Al rese\u00f1ar el retroceso en las relaciones entre Cuba y Estados Unidos, el ex mandatario se\u00f1al\u00f3 que cualquier estrategia dirigida a destruir la Revoluci\u00f3n por la v\u00eda de \u00abla confrontaci\u00f3n o la seducci\u00f3n\u00bb, enfrentar\u00e1 el rechazo del pueblo cubano y \u00abfracasar\u00e1\u00bb.<\/p>\n<\/p>\n<p>   \u00abDemostraremos al mundo el respaldo mayoritario de los cubanos a su Revoluci\u00f3n, al Partido Comunista y al socialismo\u00bb, sentenci\u00f3.<\/p>\n<\/p>\n<p>   Previo a las palabras conclusivas, el nuevo presidente D\u00edaz-Canel puntualiz\u00f3 la postura de continuidad del gobierno que encabezar\u00e1.<\/p>\n<\/p>\n<p>   \u00abAsumo la responsabilidad con la convicci\u00f3n de que todos los revolucionarios, desde cualquier trinchera, seremos fieles a Fidel (Castro) y a Ra\u00fal, l\u00edder actual del proceso revolucionario\u00bb, dijo D\u00edaz-Canel en su primera intervenci\u00f3n como mandatario.<\/p>\n<\/p>\n<p>   Al subrayar que \u00abRa\u00fal se mantiene al frente de la vanguardia pol\u00edtica\u00bb, afirm\u00f3 que tambi\u00e9n encabezar\u00e1 las decisiones \u00abde mayor trascendencia\u00bb para el presente y futuro de la naci\u00f3n.<\/p>\n<\/p>\n<p>   Tras acotar que no ven\u00eda a prometer nada, \u00abcomo jam\u00e1s lo hizo la Revoluci\u00f3n\u00bb, se\u00f1al\u00f3 su compromiso de cumplir el programa de los \u00ablineamientos del Socialismo y la Revoluci\u00f3n\u00bb.<\/p>\n<\/p>\n<p>   Ratific\u00f3, adem\u00e1s, que la pol\u00edtica exterior cubana se mantendr\u00e1 inalterable y que el pa\u00eds caribe\u00f1o no aceptar\u00e1 condicionamientos. <\/p>\n<\/p>\n<p>   \u00abAqu\u00ed no hay espacio para una transici\u00f3n que desconozca o destruya la obra de la Revoluci\u00f3n. Seguiremos adelante sin miedo y sin retrocesos; sin renunciar a nuestra soberan\u00eda, independencia, programas de desarrollo\u00bb, agreg\u00f3.<\/p>\n<\/p>\n<p>   El segundo y \u00faltimo d\u00eda de la sesi\u00f3n constitutiva de la Asamblea comenz\u00f3 con el anuncio del nuevo Consejo de Estado, conforme a la votaci\u00f3n secreta realizada el mi\u00e9rcoles por los 604 diputados (hubo una ausencia) elegidos en la consulta popular del pasado 11 de marzo.<\/p>\n<\/p>\n<p>   D\u00edaz-Canel, que por orden constitucional es tambi\u00e9n ahora el presidente del Consejo de Ministros, fue electo con 603 votos, en tanto, como primer vicepresidente fue aprobado Salvador Vald\u00e9s Mesa, de 72 a\u00f1os, igualmente miembro del Bur\u00f3 Pol\u00edtico del PCC y hasta ahora vicepresidente del Consejo de Estado.<\/p>\n<\/p>\n<p>   La elecci\u00f3n del Consejo de Estado en esta fecha coincide con la celebraci\u00f3n del aniversario 57 de la victoria de Cuba en Playa Gir\u00f3n (Bah\u00eda de Cochinos) sobre una brigada mercenaria, armada y entrenada por Estados Unidos.<\/p>\n<\/p>\n<p>   Durante la jornada inicial del encuentro, tras la juramentaci\u00f3n de los integrantes del Parlamento por un periodo de cinco a\u00f1os, \u00e9stos ratificaron a Esteban Lazo, de 74 a\u00f1os, como su presidente, as\u00ed como a Ana Mar\u00eda Mary Machado y Miriam Brito Sarroca como vicepresidenta y secretaria, respectivamente.<\/p>\n<\/p>\n<p>   La Asamblea Nacional se re\u00fane s\u00f3lo dos veces al a\u00f1o y en sus periodos de receso la autoridad recae sobre el Consejo de Estado.<\/p>\n<\/p>\n<p>   Para la sesi\u00f3n de julio pr\u00f3ximo, adem\u00e1s de aprobarse un nuevo Consejo de Ministros, se llevar\u00e1 la propuesta de que Vald\u00e9s Mesa sea tambi\u00e9n el primer vicepresidente de esa instancia y el proyecto de reforma de la Constituci\u00f3n. Fin<\/p>\n<h6> 2018-04-19 23:46:17 <\/h6>\n<p><!--\n<link rel=\"stylesheet\" href=\"css\/bootstrap.min.css\">\n\n\n<ul class=\"pagination\">\n\t    \n\t\n\n<li >\n\t<a href='?page_no=10527'>Previous<\/a>\n\t<\/li>\n\n\n       \n    \n\n<li><a href='?page_no=1'>1<\/a><\/li>\n\n\n\n<li><a href='?page_no=2'>2<\/a><\/li>\n\n\n\n<li><a>...<\/a><\/li>\n\n\n\n<li><a href='?page_no=10526'>10526<\/a><\/li>\n\n\n\n<li><a href='?page_no=10527'>10527<\/a><\/li>\n\n\n\n<li class='active'><a>10528<\/a><\/li>\n\n\n\n<li><a href='?page_no=10529'>10529<\/a><\/li>\n\n\n\n<li><a href='?page_no=10530'>10530<\/a><\/li>\n\n\n\n<li><a>...<\/a><\/li>\n\n\n\n<li><a href='?page_no=51012'>51012<\/a><\/li>\n\n\n\n<li><a href='?page_no=51013'>51013<\/a><\/li>\n\n    \n\t\n\n<li >\n\t<a href='?page_no=10529'>Next<\/a>\n\t<\/li>\n\n\n    \n\n<li><a href='?page_no=51013'>Last &rsaquo;&rsaquo;<\/a><\/li>\n\n<\/ul>\n\n\n--><br \/>\n<\/body><\/p>\n","protected":false},"excerpt":{"rendered":"<p>LA HABANA, 19 abr (Xinhua) &#8211;&#8211; La sesi\u00f3n constitutiva de la IX Legislatura de la Asamblea Nacional del Poder Popular (Parlamento unicameral) de Cuba finaliz\u00f3 hoy con la elecci\u00f3n de Miguel D\u00edaz-Canel como presidente del pa\u00eds, en sustituci\u00f3n de Ra\u00fal Castro. Ante los m\u00e1s de 600 diputados reunidos en el Palacio de Convenciones de La [&hellip;]<\/p>\n","protected":false},"author":3,"featured_media":0,"comment_status":"open","ping_status":"open","sticky":false,"template":"","format":"standard","meta":{"footnotes":""},"categories":[23],"tags":[],"class_list":["post-230858","post","type-post","status-publish","format-standard","hentry","category-internacional"],"_links":{"self":[{"href":"https:\/\/diariodominicano.com\/index.php?rest_route=\/wp\/v2\/posts\/230858","targetHints":{"allow":["GET"]}}],"collection":[{"href":"https:\/\/diariodominicano.com\/index.php?rest_route=\/wp\/v2\/posts"}],"about":[{"href":"https:\/\/diariodominicano.com\/index.php?rest_route=\/wp\/v2\/types\/post"}],"author":[{"embeddable":true,"href":"https:\/\/diariodominicano.com\/index.php?rest_route=\/wp\/v2\/users\/3"}],"replies":[{"embeddable":true,"href":"https:\/\/diariodominicano.com\/index.php?rest_route=%2Fwp%2Fv2%2Fcomments&post=230858"}],"version-history":[{"count":0,"href":"https:\/\/diariodominicano.com\/index.php?rest_route=\/wp\/v2\/posts\/230858\/revisions"}],"wp:attachment":[{"href":"https:\/\/diariodominicano.com\/index.php?rest_route=%2Fwp%2Fv2%2Fmedia&parent=230858"}],"wp:term":[{"taxonomy":"category","embeddable":true,"href":"https:\/\/diariodominicano.com\/index.php?rest_route=%2Fwp%2Fv2%2Fcategories&post=230858"},{"taxonomy":"post_tag","embeddable":true,"href":"https:\/\/diariodominicano.com\/index.php?rest_route=%2Fwp%2Fv2%2Ftags&post=230858"}],"curies":[{"name":"wp","href":"https:\/\/api.w.org\/{rel}","templated":true}]}}