{"id":230855,"date":"2018-04-20T00:28:12","date_gmt":"2018-04-20T00:28:12","guid":{"rendered":"http:\/\/diariodominicano.ddns.net\/?p=230855"},"modified":"2018-04-20T00:28:12","modified_gmt":"2018-04-20T00:28:12","slug":"unidad-de-los-cubanos-la-principal-arma-afirman-raul-castro-y-diaz-canel","status":"publish","type":"post","link":"https:\/\/diariodominicano.com\/?p=230855","title":{"rendered":"Unidad de los cubanos la principal arma, afirman Ra\u00fal Castro y D\u00edaz-Canel"},"content":{"rendered":"<p><body><\/p>\n<p><img decoding=\"async\" src=\"img3\/raul-dc1.jpg\" \/><br \/><img decoding=\"async\" src=\"img3\/diaz-canel-discurso3.jpg\" \/><br \/><img decoding=\"async\" src=\"img3\/raul-dc3.jpg\" \/>  <\/p>\n<p><strong> La Habana, 19 abr (PL)<\/strong> La unidad del pueblo constituye la principal arma de defensa de la Revoluci\u00f3n cubana, coincidieron hoy aqu\u00ed los diputados Ra\u00fal Castro y Miguel D\u00edaz-Canel presidente de los consejos de Estado y de Ministros saliente y entrante, respectivamente.<\/p>\n<\/p>\n<p>Ambos intervinieron en una sesi\u00f3n hist\u00f3rica que puso fin a la instalaci\u00f3n de la IX Legislatura de la Asamblea Nacional del Poder Popular, que integrada por 605 diputados eligi\u00f3 una nueva direcci\u00f3n del Consejo de Estado, entidad que representa entre uno y otro per\u00edodo de sesiones a la Asamblea, la cual seg\u00fan la Constituci\u00f3n es en la isla el \u00f3rgano supremo del poder del Estado y representa la voluntad soberana de todo el pueblo.<\/p>\n<\/p>\n<p>En su primer discurso como presidente del pa\u00eds, D\u00edaz-Canel destac\u00f3 tambi\u00e9n el papel del Partido Comunista de Cuba (PCC) como garante de la necesaria unidad de los habitantes de la mayor de las Antillas.<\/p>\n<\/p>\n<p>El mandatario, de 57 a\u00f1os, hasta hoy primer vicepresidente, asegur\u00f3 la continuidad del proceso revolucionario que comenz\u00f3 el 1 de enero de 1959, a partir de fortalezas como el respaldo de la poblaci\u00f3n, el legado de la generaci\u00f3n hist\u00f3rica, en particular de su l\u00edder Fidel Castro (1926-2016) y de Ra\u00fal Castro, y la lealtad de un ej\u00e9rcito que &#8216;jam\u00e1s dejar\u00e1 de ser el pueblo uniformado&#8217;.<\/p>\n<\/p>\n<p>Asimismo, afirm\u00f3 que Cuba no har\u00e1 concesiones contra su soberan\u00eda e independencia, ni negociar\u00e1 principios o aceptar\u00e1 condicionamientos.<\/p>\n<\/p>\n<p>&#8216;Jam\u00e1s cederemos ante presiones o amenazas. Los cambios que sean necesarios los seguir\u00e1 decidiendo soberanamente el pueblo&#8217;, subray\u00f3 al reiterar su confianza en todos los cubanos, cuyo apoyo, dijo, es fundamental para afrontar los desaf\u00edos que se presenten.<\/p>\n<\/p>\n<p>Por su parte, Ra\u00fal Castro llam\u00f3 a preservar la Revoluci\u00f3n, porque &#8216;es la obra m\u00e1s hermosa que hemos hecho&#8217;.<\/p>\n<\/p>\n<p>El primer secretario del Comit\u00e9 Central del Partido Comunista y hasta este jueves presidente del pa\u00eds caribe\u00f1o resalt\u00f3 la trayectoria de su sucesor y expres\u00f3 su confianza en D\u00edaz-Canel.<\/p>\n<\/p>\n<p>Su elecci\u00f3n no es casualidad. No dudamos que por sus virtudes, experiencia y dedicaci\u00f3n al trabajo tendr\u00e1 \u00e9xito absoluto en la tarea que le ha encomendado nuestro \u00f3rgano supremo del poder del Estado, precis\u00f3.<\/p>\n<\/p>\n<p>Ra\u00fal Castro pronunci\u00f3 las palabras de clausura de las sesiones constitutivas de la IX Legislatura de la Asamblea Nacional, en las que pas\u00f3 revista a los logros y los desaf\u00edos de la Revoluci\u00f3n y del proceso de actualizaci\u00f3n de su modelo socio-econ\u00f3mico.<\/p>\n<\/p>\n<p>Tambi\u00e9n adelant\u00f3 la presentaci\u00f3n en la pr\u00f3xima sesi\u00f3n del parlamento, en julio, de una comisi\u00f3n encargada de abordar los cambios necesarios para establecer una nueva Constituci\u00f3n en sinton\u00eda con la realidad del pa\u00eds, la cual se discutir\u00eda con el pueblo y someter\u00eda a referendo popular.<\/p>\n<\/p>\n<p>De igual manera se refiri\u00f3 a la situaci\u00f3n internacional, marcada por la agresividad de la administraci\u00f3n estadounidense encabezada por Donald Trump, que se ha empe\u00f1ado en recrudecer el bloqueo econ\u00f3mico, comercial y financiero contra Cuba y en escalar en las posturas hostiles.<\/p>\n<\/p>\n<p>&#8216;Cualquier estrategia dirigida a destruir a Cuba por la v\u00eda de la confrontaci\u00f3n o la seducci\u00f3n enfrentar\u00e1 el m\u00e1s decidido rechazo del pueblo y fracasar\u00e1&#8217;, asever\u00f3.<\/p>\n<\/p>\n<p>El l\u00edder revolucionario, quien hasta 2021 se mantendr\u00e1 como primer secretario del Comit\u00e9 Central del PCC, denunci\u00f3 la arremetida contra Venezuela y otros gobiernos y pueblos progresistas de la regi\u00f3n, rechaz\u00f3 el reciente ataque estadounidense a Siria y demand\u00f3 la libertad del expresidente brasile\u00f1o Luiz In\u00e1cio Lula da Silva.<\/p>\n<\/p>\n<p>En la sesi\u00f3n parlamentaria, Ra\u00fal Castro y D\u00edaz-Canel se fundieron en un abrazo, s\u00edmbolo de la continuidad de la Revoluci\u00f3n.<\/p>\n<\/p>\n<p>Prensa Latina dialog\u00f3 entre otros con diputados como el ministro de Cultura, Abel Prieto, el dirigente estudiantil Ra\u00fal Alejandro Palmero, el luchador tricampe\u00f3n ol\u00edmpico Mija\u00edn L\u00f3pez, el l\u00edder religioso Enrique Alem\u00e1n y la secretaria general de la Federaci\u00f3n de Mujeres Cubanas, Teresa Amarelle, quienes coincidieron en afirmar que en la isla no hay ni habr\u00e1 rupturas que la alejen de la Revoluci\u00f3n.<\/p>\n<\/p>\n<p>Al respecto, opinaron que la nueva Legislatura del parlamento y la nueva direcci\u00f3n del Consejo de Estado dar\u00e1n continuidad al proceso de transformaciones iniciado en 1959, a partir del compromiso de varias generaciones de cubanos con el legado de quienes durante d\u00e9cadas mantuvieron esa obra de justicia social, entre ellos Fidel Castro (1926-2016) y Ra\u00fal Castro.<\/p>\n<\/p>\n<p>El anuncio de la llegada a la presidencia de la mayor de las Antillas de D\u00edaz-Canel y la intervenci\u00f3n de Ra\u00fal Castro en la Asamblea Nacional motivaron titulares de prensa en diversas partes del planeta.<\/p>\n<\/p>\n<p>Importantes l\u00edderes, como los presidentes de Rusia, Vladimir Putin; China, Xi Jinping; y Venezuela, Nicol\u00e1s Maduro, felicitaron al nuevo presidente del Consejo de Estado, mientras que organizaciones pol\u00edticas y de solidaridad enviaron mensajes de aliento a la continuidad de la Revoluci\u00f3n en la isla.<\/p>\n<\/p>\n<p>mgt\/wmr<\/p>\n<h6> 2018-04-20 00:28:12 <\/h6>\n<p><!--\n<link rel=\"stylesheet\" href=\"css\/bootstrap.min.css\">\n\n\n<ul class=\"pagination\">\n\t    \n\t\n\n<li >\n\t<a href='?page_no=10524'>Previous<\/a>\n\t<\/li>\n\n\n       \n    \n\n<li><a href='?page_no=1'>1<\/a><\/li>\n\n\n\n<li><a href='?page_no=2'>2<\/a><\/li>\n\n\n\n<li><a>...<\/a><\/li>\n\n\n\n<li><a href='?page_no=10523'>10523<\/a><\/li>\n\n\n\n<li><a href='?page_no=10524'>10524<\/a><\/li>\n\n\n\n<li class='active'><a>10525<\/a><\/li>\n\n\n\n<li><a href='?page_no=10526'>10526<\/a><\/li>\n\n\n\n<li><a href='?page_no=10527'>10527<\/a><\/li>\n\n\n\n<li><a>...<\/a><\/li>\n\n\n\n<li><a href='?page_no=51012'>51012<\/a><\/li>\n\n\n\n<li><a href='?page_no=51013'>51013<\/a><\/li>\n\n    \n\t\n\n<li >\n\t<a href='?page_no=10526'>Next<\/a>\n\t<\/li>\n\n\n    \n\n<li><a href='?page_no=51013'>Last &rsaquo;&rsaquo;<\/a><\/li>\n\n<\/ul>\n\n\n--><br \/>\n<\/body><\/p>\n","protected":false},"excerpt":{"rendered":"<p>La Habana, 19 abr (PL) La unidad del pueblo constituye la principal arma de defensa de la Revoluci\u00f3n cubana, coincidieron hoy aqu\u00ed los diputados Ra\u00fal Castro y Miguel D\u00edaz-Canel presidente de los consejos de Estado y de Ministros saliente y entrante, respectivamente. Ambos intervinieron en una sesi\u00f3n hist\u00f3rica que puso fin a la instalaci\u00f3n de [&hellip;]<\/p>\n","protected":false},"author":3,"featured_media":0,"comment_status":"open","ping_status":"open","sticky":false,"template":"","format":"standard","meta":{"footnotes":""},"categories":[23],"tags":[],"class_list":["post-230855","post","type-post","status-publish","format-standard","hentry","category-internacional"],"_links":{"self":[{"href":"https:\/\/diariodominicano.com\/index.php?rest_route=\/wp\/v2\/posts\/230855","targetHints":{"allow":["GET"]}}],"collection":[{"href":"https:\/\/diariodominicano.com\/index.php?rest_route=\/wp\/v2\/posts"}],"about":[{"href":"https:\/\/diariodominicano.com\/index.php?rest_route=\/wp\/v2\/types\/post"}],"author":[{"embeddable":true,"href":"https:\/\/diariodominicano.com\/index.php?rest_route=\/wp\/v2\/users\/3"}],"replies":[{"embeddable":true,"href":"https:\/\/diariodominicano.com\/index.php?rest_route=%2Fwp%2Fv2%2Fcomments&post=230855"}],"version-history":[{"count":0,"href":"https:\/\/diariodominicano.com\/index.php?rest_route=\/wp\/v2\/posts\/230855\/revisions"}],"wp:attachment":[{"href":"https:\/\/diariodominicano.com\/index.php?rest_route=%2Fwp%2Fv2%2Fmedia&parent=230855"}],"wp:term":[{"taxonomy":"category","embeddable":true,"href":"https:\/\/diariodominicano.com\/index.php?rest_route=%2Fwp%2Fv2%2Fcategories&post=230855"},{"taxonomy":"post_tag","embeddable":true,"href":"https:\/\/diariodominicano.com\/index.php?rest_route=%2Fwp%2Fv2%2Ftags&post=230855"}],"curies":[{"name":"wp","href":"https:\/\/api.w.org\/{rel}","templated":true}]}}