{"id":230854,"date":"2018-04-20T08:58:59","date_gmt":"2018-04-20T08:58:59","guid":{"rendered":"http:\/\/diariodominicano.ddns.net\/?p=230854"},"modified":"2018-04-20T08:58:59","modified_gmt":"2018-04-20T08:58:59","slug":"policia-de-haiti-niega-agentes-asesinaran-a-opositor-en-protesta-exigiendo-dimision-del-presidente-jovenel-moise","status":"publish","type":"post","link":"https:\/\/diariodominicano.com\/?p=230854","title":{"rendered":"Polic\u00eda de Hait\u00ed niega agentes asesinaran a opositor en protesta exigiendo dimisi\u00f3n del presidente, Jovenel Moise&#13;"},"content":{"rendered":"<p><body><\/p>\n<p><img decoding=\"async\" src=\"img3\/Haitiprotesta.jpg\" \/>  <\/p>\n<p><span class=\"text1noticias\">Puerto Pr\u00edncipe, 20 abr (PL) La polic\u00eda haitiana desminti\u00f3 las acusaciones del l\u00edder del partido Pitit Desalin, Jean-Charles Moise, quien culp\u00f3 a la instituci\u00f3n de causar la muerte de un opositor durante las manifestaciones contra el gobierno acontecidas la v\u00edspera, trascendi\u00f3 hoy.<\/span><\/p>\n<p><span class=\"text1noticias\"> <\/span><\/p>\n<p><span class=\"text1noticias\">Presentamos una negaci\u00f3n p\u00fablica de esta informaci\u00f3n, dijo el portavoz de la polic\u00eda, Garry Desrosiers, e inform\u00f3 que el presunto autor de la muerte se encuentra bajo arresto en la comisar\u00eda de Delmas, una de las barriadas de la capital.<\/span><\/p>\n<p><span class=\"text1noticias\"> <\/span><\/p>\n<p><span class=\"text1noticias\">Este jueves cientos de manifestantes tomaron las principales calles de Puerto Pr\u00edncipe, en protesta contra la corrupci\u00f3n y exigieron la dimisi\u00f3n del actual presidente, Jovenel Moise.<\/span><\/p>\n<p><span class=\"text1noticias\"> <\/span><\/p>\n<p><span class=\"text1noticias\">Durante la movilizaci\u00f3n, Pierre Hubert, activista del Bloque de la Oposici\u00f3n Democr\u00e1tica, fue asesinado a tiros y el l\u00edder de la plataforma Pitit Desalin acus\u00f3 a las fuerzas del orden de Hait\u00ed y afirm\u00f3 que arremetieron contra la marcha a pesar de su car\u00e1cter pac\u00edfico.<\/span><\/p>\n<p><span class=\"text1noticias\"> <\/span><\/p>\n<p><span class=\"text1noticias\">Desrosiers neg\u00f3 las denuncias y se\u00f1al\u00f3 que el detenido, identificado como Hyppolite Jean Franckly, asumi\u00f3 la culpabilidad, y declar\u00f3 que fue atacado previamente por dos j\u00f3venes que rasgaron su cuello e intentaron escapar.<\/span><\/p>\n<p><span class=\"text1noticias\"> <\/span><\/p>\n<p><span class=\"text1noticias\">Franckly fue arrestado en posesi\u00f3n de un rev\u00f3lver de calibre 35 y permanecer\u00e1 en prisi\u00f3n hasta tanto se esclarezca la investigaci\u00f3n.<\/span><\/p>\n<p><span class=\"text1noticias\"> <\/span><\/p>\n<p><span class=\"text1noticias\">Pierre Hubert, de 31 a\u00f1os, es la primera v\u00edctima de las manifestaciones anunciadas por la plataforma Pitit Desalin, que tiene programadas otras dos protestas para este viernes y s\u00e1bado en las ciudades de Cabo Haitiano y J\u00e9<\/span>remie.<\/p>\n<h6> 2018-04-20 08:58:59 <\/h6>\n<p><!--\n<link rel=\"stylesheet\" href=\"css\/bootstrap.min.css\">\n\n\n<ul class=\"pagination\">\n\t    \n\t\n\n<li >\n\t<a href='?page_no=10523'>Previous<\/a>\n\t<\/li>\n\n\n       \n    \n\n<li><a href='?page_no=1'>1<\/a><\/li>\n\n\n\n<li><a href='?page_no=2'>2<\/a><\/li>\n\n\n\n<li><a>...<\/a><\/li>\n\n\n\n<li><a href='?page_no=10522'>10522<\/a><\/li>\n\n\n\n<li><a href='?page_no=10523'>10523<\/a><\/li>\n\n\n\n<li class='active'><a>10524<\/a><\/li>\n\n\n\n<li><a href='?page_no=10525'>10525<\/a><\/li>\n\n\n\n<li><a href='?page_no=10526'>10526<\/a><\/li>\n\n\n\n<li><a>...<\/a><\/li>\n\n\n\n<li><a href='?page_no=51012'>51012<\/a><\/li>\n\n\n\n<li><a href='?page_no=51013'>51013<\/a><\/li>\n\n    \n\t\n\n<li >\n\t<a href='?page_no=10525'>Next<\/a>\n\t<\/li>\n\n\n    \n\n<li><a href='?page_no=51013'>Last &rsaquo;&rsaquo;<\/a><\/li>\n\n<\/ul>\n\n\n--><br \/>\n<\/body><\/p>\n","protected":false},"excerpt":{"rendered":"<p>Puerto Pr\u00edncipe, 20 abr (PL) La polic\u00eda haitiana desminti\u00f3 las acusaciones del l\u00edder del partido Pitit Desalin, Jean-Charles Moise, quien culp\u00f3 a la instituci\u00f3n de causar la muerte de un opositor durante las manifestaciones contra el gobierno acontecidas la v\u00edspera, trascendi\u00f3 hoy. Presentamos una negaci\u00f3n p\u00fablica de esta informaci\u00f3n, dijo el portavoz de la polic\u00eda, [&hellip;]<\/p>\n","protected":false},"author":3,"featured_media":0,"comment_status":"open","ping_status":"open","sticky":false,"template":"","format":"standard","meta":{"footnotes":""},"categories":[23],"tags":[],"class_list":["post-230854","post","type-post","status-publish","format-standard","hentry","category-internacional"],"_links":{"self":[{"href":"https:\/\/diariodominicano.com\/index.php?rest_route=\/wp\/v2\/posts\/230854","targetHints":{"allow":["GET"]}}],"collection":[{"href":"https:\/\/diariodominicano.com\/index.php?rest_route=\/wp\/v2\/posts"}],"about":[{"href":"https:\/\/diariodominicano.com\/index.php?rest_route=\/wp\/v2\/types\/post"}],"author":[{"embeddable":true,"href":"https:\/\/diariodominicano.com\/index.php?rest_route=\/wp\/v2\/users\/3"}],"replies":[{"embeddable":true,"href":"https:\/\/diariodominicano.com\/index.php?rest_route=%2Fwp%2Fv2%2Fcomments&post=230854"}],"version-history":[{"count":0,"href":"https:\/\/diariodominicano.com\/index.php?rest_route=\/wp\/v2\/posts\/230854\/revisions"}],"wp:attachment":[{"href":"https:\/\/diariodominicano.com\/index.php?rest_route=%2Fwp%2Fv2%2Fmedia&parent=230854"}],"wp:term":[{"taxonomy":"category","embeddable":true,"href":"https:\/\/diariodominicano.com\/index.php?rest_route=%2Fwp%2Fv2%2Fcategories&post=230854"},{"taxonomy":"post_tag","embeddable":true,"href":"https:\/\/diariodominicano.com\/index.php?rest_route=%2Fwp%2Fv2%2Ftags&post=230854"}],"curies":[{"name":"wp","href":"https:\/\/api.w.org\/{rel}","templated":true}]}}