{"id":230851,"date":"2018-04-20T12:48:58","date_gmt":"2018-04-20T12:48:58","guid":{"rendered":"http:\/\/diariodominicano.ddns.net\/?p=230851"},"modified":"2018-04-20T12:48:58","modified_gmt":"2018-04-20T12:48:58","slug":"la-banda-secesionista-eta-pide-perdon-y-admite-el-dano-causado-en-un-comunicado-publicado-este-viernes","status":"publish","type":"post","link":"https:\/\/diariodominicano.com\/?p=230851","title":{"rendered":"La banda secesionista ETA pide perd\u00f3n y admite el da\u00f1o causado en un comunicado publicado este viernes"},"content":{"rendered":"<p><body><\/p>\n<p><img decoding=\"async\" src=\"img3\/ETadefinitivo.jpg\" \/>  <\/p>\n<p><span class=\"text1noticias\">     MADRID, 20 abr (Xinhua) &#8212; La banda secesionista Euskadi Ta Askatasuna (ETA) pidi\u00f3 hoy perd\u00f3n \u00aba los ciudadanos y ciudadanas sin responsabilidad en el conflicto\u00bb armado que protagoniz\u00f3 durante a\u00f1os para exigir la independencia del Pa\u00eds Vasco (regi\u00f3n del norte de Espa\u00f1a) de Madrid.<\/span><\/p>\n<p><span class=\"text1noticias\"> <\/span><\/p>\n<p><span class=\"text1noticias\">     En un comunicado publicado este viernes, la organizaci\u00f3n, que mat\u00f3 a m\u00e1s de 850 personas desde 1959 hasta su alto el fuego definitivo en 2011, reconoce el da\u00f1o causado durante toda su trayectoria, semanas antes de que se anuncie su disoluci\u00f3n, prevista para el primer fin de semana de mayo.<\/span><\/p>\n<p><span class=\"text1noticias\"> <\/span><\/p>\n<p><span class=\"text1noticias\">     \u00abSomos conscientes de que en este largo periodo de lucha armada, hemos provocado mucho dolor, incluidos muchos da\u00f1os que no tienen soluci\u00f3n. Queremos mostrar respeto a los muertos, los heridos y las v\u00edctimas que han causado las acciones de ETA, en la medida que han resultado damnificados por el conflicto. Lo sentimos de veras\u00bb, afirm\u00f3 la banda en el documento enviado a los diarios vascos Gara y Berria.<\/span><\/p>\n<p><span class=\"text1noticias\"> <\/span><\/p>\n<p><span class=\"text1noticias\">     Tambi\u00e9n admiti\u00f3 que los a\u00f1os de atentados que azotaron toda Espa\u00f1a y el sur de Francia y llenaron de dolor a cientos de familias, especialmente las que viv\u00edan en el Pa\u00eds Vasco, no debieron producirse.<\/span><\/p>\n<p><span class=\"text1noticias\"> <\/span><\/p>\n<p><span class=\"text1noticias\">     \u00abNada de todo aquello debi\u00f3 producirse jam\u00e1s, o no debi\u00f3 prolongarse tanto en el tiempo, pues ya hace mucho que este conflicto pol\u00edtico e hist\u00f3rico deb\u00eda contar con una soluci\u00f3n democr\u00e1tica justa\u00bb, seg\u00fan el comunicado.<\/span><\/p>\n<p><span class=\"text1noticias\"> <\/span><\/p>\n<p><span class=\"text1noticias\">     Adem\u00e1s, recalc\u00f3 el sufrimiento de los partidarios de conseguir mediante la lucha armada la independencia de Euskal Herria (nombre en Euskera, el idioma del Pa\u00eds Vasco, a los territorios del norte de Espa\u00f1a y el sur de Francia que reclamaba).<\/span><\/p>\n<p><span class=\"text1noticias\"> <\/span><\/p>\n<p><span class=\"text1noticias\">     \u00abPara otros muchos tambi\u00e9n han sido totalmente injustas, pese a utilizar el disfraz de la ley, las acciones de las fuerzas del Estado y de las fuerzas autonomistas que han actuado conjuntamente, y tampoco esos ciudadanos y ciudadanas merecen ser humillados\u00bb, incidi\u00f3 la banda armada.<\/span><\/p>\n<p><span class=\"text1noticias\"> <\/span><\/p>\n<p><span class=\"text1noticias\">     Tambi\u00e9n emplaz\u00f3 a todos los v\u00e9rtices de la sociedad espa\u00f1ola a construir un futuro juntos mediante el respeto a lo que pas\u00f3.<\/span><\/p>\n<p><span class=\"text1noticias\"> <\/span><\/p>\n<p><span class=\"text1noticias\">     \u00abNadie puede cambiar el pasado, pero una de las cosas m\u00e1s perjudiciales que se podr\u00eda hacer ahora ser\u00eda intentar desfigurarlo o ocultar determinados episodios. Reconozcamos todos la responsabilidad contra\u00edda y el da\u00f1o causado. Pese a no tener ni el mismo punto de vista ni los mismos sentimientos, todos deber\u00edamos reconocer, con respeto, el sufrimiento padecido por los dem\u00e1s\u00bb, opin\u00f3.<\/span><\/p>\n<p><span class=\"text1noticias\"> <\/span><\/p>\n<p><span class=\"text1noticias\">     ETA insisti\u00f3 en que la reconciliaci\u00f3n es una tarea a llevar a cabo en el Pa\u00eds Vasco como \u00abejercicio necesario\u00bb para \u00abcerrar heridas\u00bb y dar una \u00absoluci\u00f3n democr\u00e1tica al conflicto pol\u00edtico\u00bb.<\/span><\/p>\n<p><span class=\"text1noticias\"> <\/span><\/p>\n<p><span class=\"text1noticias\">     Por su parte, el Gobierno del conservador Mariano Rajoy afirm\u00f3 en un comunicado que el arrepentimiento de ETA es una \u00abconsecuencia de la fortaleza del Estado de derecho\u00bb.<\/span><\/p>\n<p><span class=\"text1noticias\"> <\/span><\/p>\n<p><span class=\"text1noticias\">     Sin embargo, las v\u00edctimas dudaron de la sinceridad del perd\u00f3n de la banda armada e instaron a traducir su arrepentimiento en colaboraci\u00f3n con la justicia espa\u00f1ola, que a\u00fan tiene causas por resolver en este \u00e1mbito.<\/span><\/p>\n<p><span class=\"text1noticias\"> <\/span><\/p>\n<p><span class=\"text1noticias\">     \u00abA m\u00ed no me vale este perd\u00f3n. Llega tarde, muy tarde, y desde luego no cumple para nada las expectativas\u00bb de las v\u00edctimas, se\u00f1al\u00f3 la presidenta de la Fundaci\u00f3n de V\u00edctimas del Terrorismo -que aglutina a todas las asociaciones-, Mari Mar Blanco, cuyo hermano Miguel Angel fue asesinado por<\/span> ETA en 1997<\/p>\n<h6> 2018-04-20 12:48:58 <\/h6>\n<p><!--\n<link rel=\"stylesheet\" href=\"css\/bootstrap.min.css\">\n\n\n<ul class=\"pagination\">\n\t    \n\t\n\n<li >\n\t<a href='?page_no=10520'>Previous<\/a>\n\t<\/li>\n\n\n       \n    \n\n<li><a href='?page_no=1'>1<\/a><\/li>\n\n\n\n<li><a href='?page_no=2'>2<\/a><\/li>\n\n\n\n<li><a>...<\/a><\/li>\n\n\n\n<li><a href='?page_no=10519'>10519<\/a><\/li>\n\n\n\n<li><a href='?page_no=10520'>10520<\/a><\/li>\n\n\n\n<li class='active'><a>10521<\/a><\/li>\n\n\n\n<li><a href='?page_no=10522'>10522<\/a><\/li>\n\n\n\n<li><a href='?page_no=10523'>10523<\/a><\/li>\n\n\n\n<li><a>...<\/a><\/li>\n\n\n\n<li><a href='?page_no=51012'>51012<\/a><\/li>\n\n\n\n<li><a href='?page_no=51013'>51013<\/a><\/li>\n\n    \n\t\n\n<li >\n\t<a href='?page_no=10522'>Next<\/a>\n\t<\/li>\n\n\n    \n\n<li><a href='?page_no=51013'>Last &rsaquo;&rsaquo;<\/a><\/li>\n\n<\/ul>\n\n\n--><br \/>\n<\/body><\/p>\n","protected":false},"excerpt":{"rendered":"<p>MADRID, 20 abr (Xinhua) &#8212; La banda secesionista Euskadi Ta Askatasuna (ETA) pidi\u00f3 hoy perd\u00f3n \u00aba los ciudadanos y ciudadanas sin responsabilidad en el conflicto\u00bb armado que protagoniz\u00f3 durante a\u00f1os para exigir la independencia del Pa\u00eds Vasco (regi\u00f3n del norte de Espa\u00f1a) de Madrid. En un comunicado publicado este viernes, la organizaci\u00f3n, que mat\u00f3 a [&hellip;]<\/p>\n","protected":false},"author":3,"featured_media":0,"comment_status":"open","ping_status":"open","sticky":false,"template":"","format":"standard","meta":{"footnotes":""},"categories":[23],"tags":[],"class_list":["post-230851","post","type-post","status-publish","format-standard","hentry","category-internacional"],"_links":{"self":[{"href":"https:\/\/diariodominicano.com\/index.php?rest_route=\/wp\/v2\/posts\/230851","targetHints":{"allow":["GET"]}}],"collection":[{"href":"https:\/\/diariodominicano.com\/index.php?rest_route=\/wp\/v2\/posts"}],"about":[{"href":"https:\/\/diariodominicano.com\/index.php?rest_route=\/wp\/v2\/types\/post"}],"author":[{"embeddable":true,"href":"https:\/\/diariodominicano.com\/index.php?rest_route=\/wp\/v2\/users\/3"}],"replies":[{"embeddable":true,"href":"https:\/\/diariodominicano.com\/index.php?rest_route=%2Fwp%2Fv2%2Fcomments&post=230851"}],"version-history":[{"count":0,"href":"https:\/\/diariodominicano.com\/index.php?rest_route=\/wp\/v2\/posts\/230851\/revisions"}],"wp:attachment":[{"href":"https:\/\/diariodominicano.com\/index.php?rest_route=%2Fwp%2Fv2%2Fmedia&parent=230851"}],"wp:term":[{"taxonomy":"category","embeddable":true,"href":"https:\/\/diariodominicano.com\/index.php?rest_route=%2Fwp%2Fv2%2Fcategories&post=230851"},{"taxonomy":"post_tag","embeddable":true,"href":"https:\/\/diariodominicano.com\/index.php?rest_route=%2Fwp%2Fv2%2Ftags&post=230851"}],"curies":[{"name":"wp","href":"https:\/\/api.w.org\/{rel}","templated":true}]}}