{"id":230848,"date":"2018-04-20T20:30:26","date_gmt":"2018-04-20T20:30:26","guid":{"rendered":"http:\/\/diariodominicano.ddns.net\/?p=230848"},"modified":"2018-04-20T20:30:26","modified_gmt":"2018-04-20T20:30:26","slug":"cubanos-confian-en-gestion-de-nuevo-gobierno","status":"publish","type":"post","link":"https:\/\/diariodominicano.com\/?p=230848","title":{"rendered":"Cubanos conf\u00edan en gesti\u00f3n de nuevo gobierno"},"content":{"rendered":"<p><body><\/p>\n<p><img decoding=\"async\" src=\"img3\/diaz-canel-discurso2.jpg\" \/>  <\/p>\n<p><strong> <\/strong><\/p>\n<p><strong>   Por Ra\u00fal Menchaca<\/strong><\/p>\n<p><strong>   LA HABANA, 20 abr (Xinhua) &#8211;<\/strong>&#8211; El relevo generacional que acaba de ocurrir en Cuba, donde se conform\u00f3 un nuevo liderazgo sin la generaci\u00f3n hist\u00f3rica que encabeza Ra\u00fal Castro, abre expectativas entre los cubanos, quienes no obstante conf\u00edan en la direcci\u00f3n del nuevo presidente Miguel D\u00edaz-Canel.<\/p>\n<\/p>\n<p>   En las calles de La Habana, como en toda la isla, hay tranquilidad, luego de que todos siguieron con atenci\u00f3n el jueves la sesi\u00f3n constitutiva del nuevo gobierno que parece tener una alta aceptaci\u00f3n.<\/p>\n<\/p>\n<p>   El est\u00edo caribe\u00f1o se hace sentir por estos d\u00edas del mismo modo en que la gente analiza la llegada de sangre joven al gobierno cubano, por primera vez sin el apellido Castro entre sus componentes.<\/p>\n<\/p>\n<p>   \u00abHay que darle paso a la juventud. M\u00e1s nada que eso, paso a la juventud, que es la que tiene energ\u00eda para hacer de todo\u00bb, dijo a Xinhua con pasi\u00f3n Ra\u00fal G\u00f3mez, un sesent\u00f3n que acostumbra sentarse a leer el peri\u00f3dico en la intersecci\u00f3n de las calles 23 y 12, una c\u00e9ntrica esquina habanera. <\/p>\n<\/p>\n<p>   Precisamente a unos metros de donde G\u00f3mez est\u00e1 sentado en un banco, Fidel Castro proclam\u00f3 el car\u00e1cter socialista de la Revoluci\u00f3n Cubana, el 15 de abril de 1961, en el entierro a las v\u00edctimas de un bombardeo que preludi\u00f3 la invasi\u00f3n mercenaria por Playa Gir\u00f3n.<\/p>\n<\/p>\n<p>   G\u00f3mez, un pediatra retirado, consider\u00f3 que la elecci\u00f3n de D\u00edaz-Canel es un paso en la direcci\u00f3n correcta, \u00abel que necesitamos en este momento\u00bb.<\/p>\n<\/p>\n<p>   Junto a \u00e9l est\u00e1 un joven disc\u00edpulo y ahora ex colega, Joel Chirino, un m\u00e9dico de 40 a\u00f1os que espera que el nuevo presidente desempe\u00f1e \u00abuna buena labor a pesar de los obst\u00e1culos que como naci\u00f3n tendremos que seguir enfrentando\u00bb.<\/p>\n<\/p>\n<p>   \u00abNo tenemos otra posibilidad que seguir intentando salir adelante\u00bb, afirm\u00f3 Chirino, convencido de que el nuevo gobierno, cuya formaci\u00f3n definitiva se anunciar\u00e1 en julio pr\u00f3ximo, har\u00e1 todo lo necesario \u00abpor el bien de la naci\u00f3n\u00bb.<\/p>\n<\/p>\n<p>   \u00abEra lo que esper\u00e1bamos por lo menos los revolucionarios, los que aman a esta patria, los que aman a esta bandera\u00bb, expres\u00f3 Mirta Alvarez, due\u00f1a de una peque\u00f1a cafeter\u00eda privada, al referirse a la elecci\u00f3n de D\u00edaz-Canel.<\/p>\n<\/p>\n<p>   Su visi\u00f3n del futuro, no obstante, es un poco m\u00e1s pesimista, pues mencion\u00f3 que en el mundo hay tantos problemas, que \u00abno se sabe qu\u00e9 va a pasar ma\u00f1ana\u00bb.<\/p>\n<\/p>\n<p>   \u00abMire lo que le han hecho a Siria en un abrir y cerrar de ojos\u00bb, asever\u00f3 para reafirmar sus ideas.<\/p>\n<\/p>\n<p>   En tanto, Yoan Ram\u00edrez, de 24 a\u00f1os, expres\u00f3 a pesar de su aspecto desenfadadamente juvenil conceptos de gran profundidad, como cuando dijo que \u00abCuba necesita de un l\u00edder como D\u00edaz-Canel, que aprendi\u00f3 de Fidel (Castro) y Ra\u00fal (Castro)\u00bb.<\/p>\n<\/p>\n<p>   \u00ab\u00c9l es de la misma escuela y siempre ha defendido la continuidad de la Revoluci\u00f3n que hizo la generaci\u00f3n hist\u00f3rica\u00bb, apunt\u00f3 antes de subrayar la necesidad de que la sociedad adelante el proceso de reformas en marcha en la isla.<\/p>\n<\/p>\n<p>   En tanto, el profesor universitario Urbano Ordo\u00f1ez consider\u00f3 en ese sentido que los cambios liderados por el Partido Comunista \u00abson imprescindibles no solo desde el punto de vista econ\u00f3mico, sino tambi\u00e9n en lo pol\u00edtico\u00bb.<\/p>\n<\/p>\n<p>   \u00abSi nuestra econom\u00eda avanza con \u00e9xito por el rumbo trazado, ser\u00e1 una fortaleza adicional en lo pol\u00edtico\u00bb, expres\u00f3 rotundo el acad\u00e9mico.<\/p>\n<\/p>\n<p>   Y es que el nuevo liderazgo tiene grandes desaf\u00edos internos y externos, como continuar el proceso de reforma del modelo econ\u00f3mico y enfrentar el retroceso en las relaciones con Estados Unidos, pero cuenta con la fortaleza pol\u00edtica de una naci\u00f3n unida detr\u00e1s de un proyecto social aut\u00f3ctono. Fin<\/p>\n<h6> 2018-04-20 20:30:26 <\/h6>\n<p><!--\n<link rel=\"stylesheet\" href=\"css\/bootstrap.min.css\">\n\n\n<ul class=\"pagination\">\n\t    \n\t\n\n<li >\n\t<a href='?page_no=10518'>Previous<\/a>\n\t<\/li>\n\n\n       \n    \n\n<li><a href='?page_no=1'>1<\/a><\/li>\n\n\n\n<li><a href='?page_no=2'>2<\/a><\/li>\n\n\n\n<li><a>...<\/a><\/li>\n\n\n\n<li><a href='?page_no=10517'>10517<\/a><\/li>\n\n\n\n<li><a href='?page_no=10518'>10518<\/a><\/li>\n\n\n\n<li class='active'><a>10519<\/a><\/li>\n\n\n\n<li><a href='?page_no=10520'>10520<\/a><\/li>\n\n\n\n<li><a href='?page_no=10521'>10521<\/a><\/li>\n\n\n\n<li><a>...<\/a><\/li>\n\n\n\n<li><a href='?page_no=51012'>51012<\/a><\/li>\n\n\n\n<li><a href='?page_no=51013'>51013<\/a><\/li>\n\n    \n\t\n\n<li >\n\t<a href='?page_no=10520'>Next<\/a>\n\t<\/li>\n\n\n    \n\n<li><a href='?page_no=51013'>Last &rsaquo;&rsaquo;<\/a><\/li>\n\n<\/ul>\n\n\n--><br \/>\n<\/body><\/p>\n","protected":false},"excerpt":{"rendered":"<p>Por Ra\u00fal Menchaca LA HABANA, 20 abr (Xinhua) &#8211;&#8211; El relevo generacional que acaba de ocurrir en Cuba, donde se conform\u00f3 un nuevo liderazgo sin la generaci\u00f3n hist\u00f3rica que encabeza Ra\u00fal Castro, abre expectativas entre los cubanos, quienes no obstante conf\u00edan en la direcci\u00f3n del nuevo presidente Miguel D\u00edaz-Canel. En las calles de La Habana, [&hellip;]<\/p>\n","protected":false},"author":3,"featured_media":0,"comment_status":"open","ping_status":"open","sticky":false,"template":"","format":"standard","meta":{"footnotes":""},"categories":[23],"tags":[],"class_list":["post-230848","post","type-post","status-publish","format-standard","hentry","category-internacional"],"_links":{"self":[{"href":"https:\/\/diariodominicano.com\/index.php?rest_route=\/wp\/v2\/posts\/230848","targetHints":{"allow":["GET"]}}],"collection":[{"href":"https:\/\/diariodominicano.com\/index.php?rest_route=\/wp\/v2\/posts"}],"about":[{"href":"https:\/\/diariodominicano.com\/index.php?rest_route=\/wp\/v2\/types\/post"}],"author":[{"embeddable":true,"href":"https:\/\/diariodominicano.com\/index.php?rest_route=\/wp\/v2\/users\/3"}],"replies":[{"embeddable":true,"href":"https:\/\/diariodominicano.com\/index.php?rest_route=%2Fwp%2Fv2%2Fcomments&post=230848"}],"version-history":[{"count":0,"href":"https:\/\/diariodominicano.com\/index.php?rest_route=\/wp\/v2\/posts\/230848\/revisions"}],"wp:attachment":[{"href":"https:\/\/diariodominicano.com\/index.php?rest_route=%2Fwp%2Fv2%2Fmedia&parent=230848"}],"wp:term":[{"taxonomy":"category","embeddable":true,"href":"https:\/\/diariodominicano.com\/index.php?rest_route=%2Fwp%2Fv2%2Fcategories&post=230848"},{"taxonomy":"post_tag","embeddable":true,"href":"https:\/\/diariodominicano.com\/index.php?rest_route=%2Fwp%2Fv2%2Ftags&post=230848"}],"curies":[{"name":"wp","href":"https:\/\/api.w.org\/{rel}","templated":true}]}}