{"id":230847,"date":"2018-04-21T08:37:51","date_gmt":"2018-04-21T08:37:51","guid":{"rendered":"http:\/\/diariodominicano.ddns.net\/?p=230847"},"modified":"2018-04-21T08:37:51","modified_gmt":"2018-04-21T08:37:51","slug":"crecimiento-economico-es-principal-reto-de-nuevo-presidente-cubano-considera-experto","status":"publish","type":"post","link":"https:\/\/diariodominicano.com\/?p=230847","title":{"rendered":"Crecimiento econ\u00f3mico es principal reto de nuevo presidente cubano, considera experto"},"content":{"rendered":"<p><body><\/p>\n<\/p>\n<p><strong>   Por Noem\u00ed Galb\u00e1n<\/strong><\/p>\n<p><strong>   LA HABANA, 20 abr (Xinhua) &#8211;<\/strong>&#8211; Gran inter\u00e9s dentro y fuera de Cuba suscit\u00f3 la elecci\u00f3n el jueves de Miguel D\u00edaz-Canel como presidente, un paso in\u00e9dito hasta el momento, pues por primera vez asumi\u00f3 dicho cargo un dirigente pol\u00edtico nacido despu\u00e9s del triunfo de la Revoluci\u00f3n en 1959.<\/p>\n<\/p>\n<p>   Con ello se abre una nueva etapa en la historia de Cuba que, como asegur\u00f3 el mandatario en su primera alocuci\u00f3n al pa\u00eds, no estar\u00e1 desligada de lo vivido hasta este momento, sino que representa una continuidad, cuyo principal prop\u00f3sito ser\u00e1 perfeccionar lo alcanzado.<\/p>\n<\/p>\n<p>   Sin embargo, en las calles de esta naci\u00f3n caribe\u00f1a, a pesar de que impera la tranquilidad y la confianza en la capacidad demostrada anteriormente por el nuevo l\u00edder del Ejecutivo, crecen las expectativas acerca de la celeridad con la que D\u00edaz-Canel emprender\u00e1 el proceso de actualizaci\u00f3n del modelo socialista cubano.<\/p>\n<\/p>\n<p>   Profundas transformaciones que no han avanzado como se esperaba, reconoci\u00f3 el jueves el ex presidente cubano, Ra\u00fal Castro, en su discurso de clausura de la sesi\u00f3n constitutiva de la IX Legislatura de la Asamblea Nacional. <\/p>\n<\/p>\n<p>   Por ello, son varios los desaf\u00edos que en materia econ\u00f3mica adquiere D\u00edaz-Canel, entre ellos, la urgente necesidad de una reforma salarial, la unificaci\u00f3n monetaria y cambiaria, y la implementaci\u00f3n de una Ley de Empresas que recoja los derechos y deberes de las nuevas formas de propiedad no estatal. <\/p>\n<\/p>\n<p>   Seg\u00fan el economista cubano, Juan Triana, el mayor reto sigue siendo el mismo: hacer que la econom\u00eda crezca en tasas adecuadas, lo cual a su parecer est\u00e1 \u00ablejos\u00bb de alcanzarse.<\/p>\n<\/p>\n<p>   De acuerdo con datos difundidos por la Oficina Nacional de Estad\u00edsticas (ONEI) de Cuba, desde 2009 el crecimiento del Producto Interno Bruto (PIB) ha tenido discretos resultados, pues s\u00f3lo ha superado el 3 por ciento en 2015 (con 4,4 por ciento).<\/p>\n<\/p>\n<p>   La contracci\u00f3n en 2016 de 0,9 por ciento y el registro de 1,6 por ciento en 2017, arrojan una t\u00edmida tasa promedio de 0,34 por ciento para los \u00faltimos dos a\u00f1os.<\/p>\n<\/p>\n<p>   Las perspectivas de crecer 2 por ciento este 2018, seg\u00fan los criterios de expertos nacionales y for\u00e1neos, no modificar\u00e1n significativamente la deca\u00edda tendencia de crecimiento observada en el \u00faltimo decenio. <\/p>\n<\/p>\n<p>   No obstante, para Triana, \u00abhoy se puede decir que tenemos un buen marco legal, econ\u00f3mico y pol\u00edtico para avanzar (&#8230;) tenemos documentos que nos dibujan los contornos, una visi\u00f3n de pa\u00eds, ejes estrat\u00e9gicos, un plan de desarrollo a largo plazo y sabemos cu\u00e1les son las aspiraciones fundamentales de nuestro pueblo\u00bb.<\/p>\n<\/p>\n<p>   Adem\u00e1s, insisti\u00f3 el investigador del Centro de la Econom\u00eda Cubana en di\u00e1logo con Xinhua, lo m\u00e1s importante es que la direcci\u00f3n del pa\u00eds con Ra\u00fal Castro al frente en ese momento, se arriesg\u00f3 y tom\u00f3 la decisi\u00f3n de iniciar el complejo proceso de transformaciones del modelo socio-econ\u00f3mico del pa\u00eds.<\/p>\n<\/p>\n<p>   \u00abHabr\u00e1 que aprender, deshacer y hacer normas, reformas para avanzar en la actualizaci\u00f3n del sistema, pero se debe continuar\u00bb, asegur\u00f3.<\/p>\n<\/p>\n<p>   Triana se refiri\u00f3 al papel protag\u00f3nico que le corresponde a la inversi\u00f3n extranjera directa jugar en todo este contexto y la imperiosa necesidad de hacer m\u00e1s eficiente el trabajo de las empresas estatales para convertirlas en \u00abcolumna vertebral\u00bb de la econom\u00eda en el pr\u00f3ximo quinquenio.<\/p>\n<\/p>\n<p>   \u00abLa econom\u00eda cubana debe tener mayores flujos de inversi\u00f3n extranjera directa y hay que terminar con la resistencia y la burocracia que existen en la facilitaci\u00f3n de la inversi\u00f3n extranjera directa\u00bb, consider\u00f3.<\/p>\n<\/p>\n<p>   Cifras oficiales indican que en 2017 Cuba logr\u00f3 atraer m\u00e1s de 2.000 millones de d\u00f3lares de capital for\u00e1neo, mientras que para este a\u00f1o el gobierno se ha propuesto superar ese monto.<\/p>\n<\/p>\n<p>   Tambi\u00e9n se fij\u00f3 la meta de impulsar los m\u00e1s de 400 proyectos estrat\u00e9gicos por valor de 10.700 millones de d\u00f3lares que integran la Cartera de Oportunidades dise\u00f1ada por el Estado para dinamizar la econom\u00eda de Cuba.<\/p>\n<\/p>\n<p>   Otro objetivo es diversificar los socios comerciales en momentos de tensi\u00f3n con Estados Unidos, tras el promisorio acercamiento durante la administraci\u00f3n del ex presidente Barack Obama.<\/p>\n<\/p>\n<p>   Para ello, el gobierno buscar\u00e1 apoyarse en la Ley de la Inversi\u00f3n Extranjera aprobada en 2014 que ofrece atractivos fiscales, seguridad jur\u00eddica para la repatriaci\u00f3n de capitales de los empresarios, entre otras facilidades.<\/p>\n<\/p>\n<p>   \u00abEn t\u00e9rminos sociales a mi juicio el desaf\u00edo es poder manejar las desigualdades que ya existen y las que van a surgir. Tenemos que lograr tener un criterio adecuado sobre la equidad y las bases de las mismas en Cuba\u00bb, advirti\u00f3 Triana.<\/p>\n<\/p>\n<p>   De acuerdo con sus valoraciones, el nuevo gobierno de Cuba debe crear reglas claras que le permitan a la ciudadan\u00eda aprovechar todo su potencial.<\/p>\n<\/p>\n<p>   \u00abEs importante que los profesionales o personas calificadas en este pa\u00eds puedan emplear su calificaci\u00f3n al m\u00e1ximo y aportar al desarrollo de la naci\u00f3n, ya sea desde una empresa estatal, desde una empresa privada o mixta, pero que lo puedan hacer y que se sientan seguros haci\u00e9ndolo\u00bb, subray\u00f3.<\/p>\n<\/p>\n<p>   El profesor de la facultad de Econom\u00eda de la Universidad de La Habana consider\u00f3 que a D\u00edaz-Canel lo deber\u00e1 acompa\u00f1ar la \u00abcreatividad\u00bb y \u00abpragmatismo\u00bb demostrados por el ex presidente Ra\u00fal Castro en sus 12 a\u00f1os de gobierno.<\/p>\n<\/p>\n<p>   Adem\u00e1s, debe asumir con \u00abaudacia\u00bb la dif\u00edcil tarea de profundizar las reformas econ\u00f3micas iniciadas en la isla por su predecesor, sin renunciar a los principios ni al modelo socialista instaurado tras el triunfo de la Revoluci\u00f3n en 1959 bajo el liderazgo del desaparecido l\u00edder Fidel Castro.<\/p>\n<\/p>\n<p>   \u00abSi hoy estamos delante de estos retos es porque Ra\u00fal Castro decidi\u00f3 iniciar un cambio, transformar la econom\u00eda para tener una naci\u00f3n pr\u00f3spera y sostenible. No le tuvo miedo al riesgo y por eso se ha avanzado, porque lo hizo con tremenda valent\u00eda, sabiendo que muchas cosas no se pod\u00edan preestablecer\u00bb, asever\u00f3. Fin<\/p>\n<h6> 2018-04-21 08:37:51 <\/h6>\n<p><!--\n<link rel=\"stylesheet\" href=\"css\/bootstrap.min.css\">\n\n\n<ul class=\"pagination\">\n\t    \n\t\n\n<li >\n\t<a href='?page_no=10517'>Previous<\/a>\n\t<\/li>\n\n\n       \n    \n\n<li><a href='?page_no=1'>1<\/a><\/li>\n\n\n\n<li><a href='?page_no=2'>2<\/a><\/li>\n\n\n\n<li><a>...<\/a><\/li>\n\n\n\n<li><a href='?page_no=10516'>10516<\/a><\/li>\n\n\n\n<li><a href='?page_no=10517'>10517<\/a><\/li>\n\n\n\n<li class='active'><a>10518<\/a><\/li>\n\n\n\n<li><a href='?page_no=10519'>10519<\/a><\/li>\n\n\n\n<li><a href='?page_no=10520'>10520<\/a><\/li>\n\n\n\n<li><a>...<\/a><\/li>\n\n\n\n<li><a href='?page_no=51012'>51012<\/a><\/li>\n\n\n\n<li><a href='?page_no=51013'>51013<\/a><\/li>\n\n    \n\t\n\n<li >\n\t<a href='?page_no=10519'>Next<\/a>\n\t<\/li>\n\n\n    \n\n<li><a href='?page_no=51013'>Last &rsaquo;&rsaquo;<\/a><\/li>\n\n<\/ul>\n\n\n--><br \/>\n<\/body><\/p>\n","protected":false},"excerpt":{"rendered":"<p>Por Noem\u00ed Galb\u00e1n LA HABANA, 20 abr (Xinhua) &#8211;&#8211; Gran inter\u00e9s dentro y fuera de Cuba suscit\u00f3 la elecci\u00f3n el jueves de Miguel D\u00edaz-Canel como presidente, un paso in\u00e9dito hasta el momento, pues por primera vez asumi\u00f3 dicho cargo un dirigente pol\u00edtico nacido despu\u00e9s del triunfo de la Revoluci\u00f3n en 1959. Con ello se abre [&hellip;]<\/p>\n","protected":false},"author":3,"featured_media":0,"comment_status":"open","ping_status":"open","sticky":false,"template":"","format":"standard","meta":{"footnotes":""},"categories":[23],"tags":[],"class_list":["post-230847","post","type-post","status-publish","format-standard","hentry","category-internacional"],"_links":{"self":[{"href":"https:\/\/diariodominicano.com\/index.php?rest_route=\/wp\/v2\/posts\/230847","targetHints":{"allow":["GET"]}}],"collection":[{"href":"https:\/\/diariodominicano.com\/index.php?rest_route=\/wp\/v2\/posts"}],"about":[{"href":"https:\/\/diariodominicano.com\/index.php?rest_route=\/wp\/v2\/types\/post"}],"author":[{"embeddable":true,"href":"https:\/\/diariodominicano.com\/index.php?rest_route=\/wp\/v2\/users\/3"}],"replies":[{"embeddable":true,"href":"https:\/\/diariodominicano.com\/index.php?rest_route=%2Fwp%2Fv2%2Fcomments&post=230847"}],"version-history":[{"count":0,"href":"https:\/\/diariodominicano.com\/index.php?rest_route=\/wp\/v2\/posts\/230847\/revisions"}],"wp:attachment":[{"href":"https:\/\/diariodominicano.com\/index.php?rest_route=%2Fwp%2Fv2%2Fmedia&parent=230847"}],"wp:term":[{"taxonomy":"category","embeddable":true,"href":"https:\/\/diariodominicano.com\/index.php?rest_route=%2Fwp%2Fv2%2Fcategories&post=230847"},{"taxonomy":"post_tag","embeddable":true,"href":"https:\/\/diariodominicano.com\/index.php?rest_route=%2Fwp%2Fv2%2Ftags&post=230847"}],"curies":[{"name":"wp","href":"https:\/\/api.w.org\/{rel}","templated":true}]}}