{"id":230846,"date":"2018-04-21T08:42:10","date_gmt":"2018-04-21T08:42:10","guid":{"rendered":"http:\/\/diariodominicano.ddns.net\/?p=230846"},"modified":"2018-04-21T08:42:10","modified_gmt":"2018-04-21T08:42:10","slug":"falta-de-conciencia-humana-contribuye-a-contaminacion-de-la-tierra-afirman","status":"publish","type":"post","link":"https:\/\/diariodominicano.com\/?p=230846","title":{"rendered":"Falta de conciencia humana contribuye a contaminaci\u00f3n de la Tierra, afirman"},"content":{"rendered":"<p><body><\/p>\n<\/p>\n<p><strong> <\/strong><\/p>\n<p><strong>   Por Juan Limachi<\/strong><\/p>\n<p><strong>   LIMA, 20 abr (Xinhua) &#8212;<\/strong> La Tierra irremediablemente contin\u00faa contamin\u00e1ndose porque los seres humanos no han desarrollado una conciencia para preservarla, alert\u00f3 hoy viernes el ingeniero industrial Jos\u00e9 Altamiranda, en el marco de los preparativos del D\u00eda Internacional de la Tierra que se celebrar\u00e1 el pr\u00f3ximo 22 de abril.<\/p>\n<\/p>\n<p>   En entrevista con Xinhua, el experto de nacionalidad venezolana dijo que \u00aba\u00fan no se ha completado el desarrollo de la conciencia para la preservaci\u00f3n del ambiente, todav\u00eda hay emisiones, todav\u00eda hay contaminaci\u00f3n\u00bb.<\/p>\n<\/p>\n<p>   Las expresiones de Altamiranda reflejan los datos de la Tercera Asamblea para el Medioambiente (UNEA-3) de la Organizaci\u00f3n de las Naciones Unidas (ONU), realizada en diciembre \u00faltimo en Nairobi, Kenia, donde se concluy\u00f3 que la contaminaci\u00f3n del aire provoca 6,5 millones de muertes al a\u00f1o.<\/p>\n<\/p>\n<p>   \u00abEsa cultura se va desarrollando poco a poco, haciendo el camino, pero todav\u00eda falta y es necesario seguir desarrollando los buenos h\u00e1bitos para la preservaci\u00f3n del medioambiente\u00bb, reflexion\u00f3.<\/p>\n<\/p>\n<p>   Altamiranda sostuvo que cada persona debe cumplir un rol de controlador social para minimizar la explotaci\u00f3n ilegal que da\u00f1a los bosques, aguas y que contamina cada vez m\u00e1s los r\u00edos y los oc\u00e9anos. <\/p>\n<\/p>\n<p>   Tambi\u00e9n hizo un llamado a los gobernantes de todo el mundo y especialmente a organizaciones internacionales, para que fomenten en los seres humanos una sensibilizaci\u00f3n sobre la necesidad de cuidar la salud de la Tierra. <\/p>\n<\/p>\n<p>   \u00abDebemos cuidarla, debemos fomentar la conciencia, debemos informar cada vez m\u00e1s a las personas que \u00e9ste es el \u00fanico planeta que tenemos. No tenemos otro de respaldo donde ir y debemos cuidarlo, debemos quererlo y debemos amarlo\u00bb, subray\u00f3 el experto.<\/p>\n<\/p>\n<p>   Para los j\u00f3venes peruanos, la preocupaci\u00f3n por la preservaci\u00f3n de la Tierra fue representada por la estudiante universitaria de Marketing Global, Grecia D\u00edaz, quien se sum\u00f3 a los preparativos de la celebraci\u00f3n del D\u00eda Internacional de la Tierra.<\/p>\n<\/p>\n<p>   \u00abVemos que est\u00e1n destruyendo cada parte de nosotros cuando est\u00e1n contaminando la naturaleza\u00bb, exclam\u00f3 D\u00edaz, quien adem\u00e1s se dijo preocupada por los datos presentados por la ONU que reflejan la contaminaci\u00f3n del aire y los r\u00edos.<\/p>\n<\/p>\n<p>   D\u00edaz consider\u00f3 que todos los organismos estatales y Organizaciones No Gubernamentales deben acentuar sus campa\u00f1as de educaci\u00f3n inculcando entre las empresas, los industriales y los ciudadanos, pr\u00e1cticas saludables para evitar la contaminaci\u00f3n ambiental.<\/p>\n<\/p>\n<p>   \u00abDebemos hacer campa\u00f1as, ayudar, comunicar y cuidar la naturaleza para vivir m\u00e1s sanamente\u00bb, anot\u00f3.<\/p>\n<\/p>\n<p>   Seg\u00fan la joven universitaria, las alteraciones clim\u00e1ticas y desastres ocurren por la acci\u00f3n del ser humano y por el predominio de una cultura del consumismo desmesurado.<\/p>\n<\/p>\n<p>   \u00abDefinitivamente, pienso que esto se debe por acci\u00f3n de nosotros, porque si nosotros no destruimos la flora y la fauna, ser\u00eda mucho mejor\u00bb, alert\u00f3 D\u00edaz.<\/p>\n<\/p>\n<p>   Al respecto, el tambi\u00e9n estudiante de ingenier\u00eda, Tiago S\u00e1enz, fue un poco m\u00e1s all\u00e1 y consider\u00f3 que la Tierra podr\u00eda \u00abmorir\u00bb si se contin\u00faa agrediendo de forma constante.<\/p>\n<\/p>\n<p>   \u00abEs muy importante, porque sino la Tierra morir\u00eda, creo que ya demos tomar conciencia &#8216;s\u00ed o s\u00ed&#8217;, si queremos ver a nuestros hijos con un futuro\u00bb, subray\u00f3.<\/p>\n<\/p>\n<p>   De acuerdo con S\u00e1enz, una de las primeras causas de contaminaci\u00f3n ambiental en Per\u00fa est\u00e1 ligada a la miner\u00eda y los derrames petroleros que ocurren constantemente en la Amazonia, donde en 2017 se deforestaron 143.425 hect\u00e1reas de bosques, de acuerdo con cifras del Proyecto de Monitoreo de la Amazonia Andina (MAAP).<\/p>\n<\/p>\n<p>   \u00abYo pedir\u00eda que se sancione a esas empresas que desarrollan miner\u00eda informal, metan a la c\u00e1rcel (a los responsables) y les quiten todos sus equipos de trabajo, porque si seguimos as\u00ed estaremos muy mal en el futuro\u00bb, precis\u00f3.<\/p>\n<\/p>\n<p>   El joven exhort\u00f3 a cuidar la Amazonia, considerada el \u00abpulm\u00f3n de la Tierra\u00bb, ya que se extiende por 7 millones de kil\u00f3metros cuadrados de bosques distribuidos en nueve pa\u00edses suramericanos: Brasil, Bolivia, Colombia, Venezuela, Ecuador, Guyana, Guayana Francesa, Surinam y Per\u00fa.<\/p>\n<\/p>\n<p>   \u00abDebemos poner reglas y, despu\u00e9s, si no las cumplen tachar\u00edamos a la miner\u00eda ilegal, la tala de \u00e1rboles, la deforestaci\u00f3n, etc\u00e9tera\u00bb, expres\u00f3.<\/p>\n<\/p>\n<p>   Adem\u00e1s, S\u00e1enz exhort\u00f3 a los gobiernos del mundo a educar a ni\u00f1os y a j\u00f3venes para que les ense\u00f1en c\u00f3mo deben cuidar la Tierra.<\/p>\n<\/p>\n<p>   De acuerdo con las conclusiones de la UNEA-3, si todos los pa\u00edses se comprometen a mejorar la eficiencia del agua y la energ\u00eda, entre un 60 a 80 por ciento en construcci\u00f3n, agricultura, transporte e infraestructura hasta el 2050, se ver\u00eda un cambio saludable en la Tierra. Fin<\/p>\n<\/p>\n<h6> 2018-04-21 08:42:10 <\/h6>\n<p><!--\n<link rel=\"stylesheet\" href=\"css\/bootstrap.min.css\">\n\n\n<ul class=\"pagination\">\n\t    \n\t\n\n<li >\n\t<a href='?page_no=10516'>Previous<\/a>\n\t<\/li>\n\n\n       \n    \n\n<li><a href='?page_no=1'>1<\/a><\/li>\n\n\n\n<li><a href='?page_no=2'>2<\/a><\/li>\n\n\n\n<li><a>...<\/a><\/li>\n\n\n\n<li><a href='?page_no=10515'>10515<\/a><\/li>\n\n\n\n<li><a href='?page_no=10516'>10516<\/a><\/li>\n\n\n\n<li class='active'><a>10517<\/a><\/li>\n\n\n\n<li><a href='?page_no=10518'>10518<\/a><\/li>\n\n\n\n<li><a href='?page_no=10519'>10519<\/a><\/li>\n\n\n\n<li><a>...<\/a><\/li>\n\n\n\n<li><a href='?page_no=51012'>51012<\/a><\/li>\n\n\n\n<li><a href='?page_no=51013'>51013<\/a><\/li>\n\n    \n\t\n\n<li >\n\t<a href='?page_no=10518'>Next<\/a>\n\t<\/li>\n\n\n    \n\n<li><a href='?page_no=51013'>Last &rsaquo;&rsaquo;<\/a><\/li>\n\n<\/ul>\n\n\n--><br \/>\n<\/body><\/p>\n","protected":false},"excerpt":{"rendered":"<p>Por Juan Limachi LIMA, 20 abr (Xinhua) &#8212; La Tierra irremediablemente contin\u00faa contamin\u00e1ndose porque los seres humanos no han desarrollado una conciencia para preservarla, alert\u00f3 hoy viernes el ingeniero industrial Jos\u00e9 Altamiranda, en el marco de los preparativos del D\u00eda Internacional de la Tierra que se celebrar\u00e1 el pr\u00f3ximo 22 de abril. En entrevista con [&hellip;]<\/p>\n","protected":false},"author":3,"featured_media":0,"comment_status":"open","ping_status":"open","sticky":false,"template":"","format":"standard","meta":{"footnotes":""},"categories":[23],"tags":[],"class_list":["post-230846","post","type-post","status-publish","format-standard","hentry","category-internacional"],"_links":{"self":[{"href":"https:\/\/diariodominicano.com\/index.php?rest_route=\/wp\/v2\/posts\/230846","targetHints":{"allow":["GET"]}}],"collection":[{"href":"https:\/\/diariodominicano.com\/index.php?rest_route=\/wp\/v2\/posts"}],"about":[{"href":"https:\/\/diariodominicano.com\/index.php?rest_route=\/wp\/v2\/types\/post"}],"author":[{"embeddable":true,"href":"https:\/\/diariodominicano.com\/index.php?rest_route=\/wp\/v2\/users\/3"}],"replies":[{"embeddable":true,"href":"https:\/\/diariodominicano.com\/index.php?rest_route=%2Fwp%2Fv2%2Fcomments&post=230846"}],"version-history":[{"count":0,"href":"https:\/\/diariodominicano.com\/index.php?rest_route=\/wp\/v2\/posts\/230846\/revisions"}],"wp:attachment":[{"href":"https:\/\/diariodominicano.com\/index.php?rest_route=%2Fwp%2Fv2%2Fmedia&parent=230846"}],"wp:term":[{"taxonomy":"category","embeddable":true,"href":"https:\/\/diariodominicano.com\/index.php?rest_route=%2Fwp%2Fv2%2Fcategories&post=230846"},{"taxonomy":"post_tag","embeddable":true,"href":"https:\/\/diariodominicano.com\/index.php?rest_route=%2Fwp%2Fv2%2Ftags&post=230846"}],"curies":[{"name":"wp","href":"https:\/\/api.w.org\/{rel}","templated":true}]}}