{"id":230845,"date":"2018-04-21T09:00:21","date_gmt":"2018-04-21T09:00:21","guid":{"rendered":"http:\/\/diariodominicano.ddns.net\/?p=230845"},"modified":"2018-04-21T09:00:21","modified_gmt":"2018-04-21T09:00:21","slug":"elecciones-intensificaran-beligerancia-contra-venezuela-afirma-experto","status":"publish","type":"post","link":"https:\/\/diariodominicano.com\/?p=230845","title":{"rendered":"Elecciones intensificar\u00e1n beligerancia contra Venezuela, afirma experto"},"content":{"rendered":"<p><body><\/p>\n<p><strong> <\/strong><\/p>\n<p><strong>   Por Willey Pe\u00f1uela<\/strong><\/p>\n<p><strong>   CARACAS, 20 abr (Xinhua) &#8212; <\/strong>A un mes de que se lleven a cabo elecciones en Venezuela y se defina el futuro rumbo de la naci\u00f3n sudamericana, el escenario geopol\u00edtico de la regi\u00f3n parece agudizarse contra el proceso comicial pautado para el 20 de mayo pr\u00f3ximo.<\/p>\n<\/p>\n<p>   En entrevista exclusiva con Xinhua, el profesor de geopol\u00edtica internacional de la Universidad Militar Bolivariana de Venezuela, Luis Quintana, consider\u00f3 predecible que despu\u00e9s de un triunfo electoral de Nicol\u00e1s Maduro, el clima pol\u00edtico hemisf\u00e9rico se caldee de nuevo. <\/p>\n<\/p>\n<p>   \u00abEsta vez observo m\u00e1s beligerancia, mayor disposici\u00f3n a tomar medidas unilaterales contra el gobierno venezolano, tal como lo hizo Panam\u00e1 en d\u00edas recientes\u00bb, expres\u00f3 el experto.<\/p>\n<\/p>\n<p>   El especialista prev\u00e9 que despu\u00e9s de que se lleven a cabo las elecciones venezolanas, el pa\u00eds enfrentar\u00e1 una ola de nuevas sanciones provenientes de gobiernos latinoamericanos.  <\/p>\n<\/p>\n<p>   Quintana consider\u00f3 previsible que el tema se vuelva a llevar en la Organizaci\u00f3n de los Estados Americanos (OEA) y se replique m\u00e1s o menos el mismo esquema de votaci\u00f3n que se dio en 2017.<\/p>\n<\/p>\n<p>   El entrevistado mencion\u00f3 que los gobiernos del llamado Grupo de Lima, integrado por 12 naciones hemisf\u00e9ricas, profundizar\u00edan lo que esos pa\u00edses llaman \u00abaislamiento\u00bb de Venezuela del contexto regional.  <\/p>\n<\/p>\n<p>   En la VIII Cumbre de las Am\u00e9ricas realizada los pasados 13 y 14 de abril en Lima, Per\u00fa, varios gobiernos se pronunciaron en contra de las elecciones convocadas por el poder electoral venezolano y se\u00f1alaron que no reconocer\u00e1n los resultados que emanen de los comicios.<\/p>\n<\/p>\n<p>   Para el tambi\u00e9n internacionalista, sin embargo, \u00abla Cumbre de las Am\u00e9ricas no represent\u00f3 ninguna ganancia para este grupo respecto al objetivo de aislar al gobierno venezolano\u00bb.<\/p>\n<\/p>\n<p>   \u00abLos pa\u00edses que firmaron la declaraci\u00f3n de no reconocimiento a las elecciones, son los mismos que siempre se han pronunciado, es decir, no tuvieron una sola adhesi\u00f3n de ning\u00fan otro pa\u00eds adicional\u00bb, dijo Quintana.<\/p>\n<\/p>\n<p>   Asever\u00f3 que los 16 pa\u00edses plegados a la declaraci\u00f3n son insuficientes para que el Consejo Permanente de la OEA apruebe cualquier resoluci\u00f3n sobre los resultados electorales en Venezuela.<\/p>\n<\/p>\n<p>   Seg\u00fan Quintana, hay dos bloques de pa\u00edses en la regi\u00f3n respecto a Venezuela, uno de los cuales es homog\u00e9neo y el otro heterog\u00e9neo.<\/p>\n<\/p>\n<p>   A su parecer, uno de esos bloques, el m\u00e1s homog\u00e9neo, est\u00e1 compuesto por el Grupo de Lima m\u00e1s Estados Unidos.<\/p>\n<\/p>\n<p>   Dicho bloque comprende las econom\u00edas m\u00e1s grandes e influyentes del continente, que a juicio del experto tienen \u00abuna s\u00f3lida posici\u00f3n de no reconocer los resultados de las elecciones sobre la base de supuestas falencias democr\u00e1ticas\u00bb.<\/p>\n<\/p>\n<p>   En el segundo bloque, a su vez, hay un grupo de pa\u00edses con muy heterog\u00e9neas posiciones respecto a las elecciones en Venezuela.<\/p>\n<\/p>\n<p>   \u00abUnos defienden con firmeza al gobierno del presidente Maduro como Cuba, Bolivia y Nicaragua\u00bb, expres\u00f3 el entrevistado. <\/p>\n<\/p>\n<p>   \u00abMientras que otros tienen posiciones m\u00e1s formales de respeto al principio de no intervenci\u00f3n, pero siempre haciendo llamados al di\u00e1logo y a los principios democr\u00e1ticos, como El Salvador, Rep\u00fablica Dominicana, Surinam, Ecuador\u00bb, indic\u00f3 Quintana.<\/p>\n<\/p>\n<p>   Para el experto, en el mismo segundo bloque estar\u00edan los pa\u00edses del Caribe, donde a su vez hay dos n\u00facleos, seg\u00fan el nivel de cercan\u00eda con el gobierno venezolano. <\/p>\n<\/p>\n<p>   Uno lo conforman los miembros de la Alianza Bolivariana para los Pueblos de Nuestra Am\u00e9rica (Alba), entre ellos Antigua y Barbuda, Dominica, San Vicente y las Granadinas, San Crist\u00f3bal y Nieves, m\u00e1s Hait\u00ed.<\/p>\n<\/p>\n<p>   El otro n\u00facleo de pa\u00edses del Caribe lo conforman, a juicio del profesor, los que mantienen posiciones \u00abrelativamente equilibradas seg\u00fan sea la circunstancia\u00bb, pero que \u00abse refieren con respeto al gobierno venezolano: Trinidad y Tobago, Jamaica, entre otros\u00bb.<\/p>\n<\/p>\n<p>   Seg\u00fan el criterio del internacionalista, lo heterog\u00e9neo del segundo grupo \u00abhace pensar que alguno de los pa\u00edses que lo componen pudieran cambiar su posici\u00f3n luego de las elecciones, dependiendo del clima que se genere a nivel hemisf\u00e9rico y de las presiones de Estados Unidos\u00bb.<\/p>\n<\/p>\n<p>   El profesor prev\u00e9 que esos pa\u00edses que pudieran modificar sus posiciones podr\u00edan ser Ecuador, Surinam y Jamaica, as\u00ed como alg\u00fan otro del Caribe oriental que no pertenezca al Alba.<\/p>\n<\/p>\n<p>   El acad\u00e9mico, sin embargo, valor\u00f3 de manera positiva el rol de Venezuela en el contexto mundial, que a su parecer evita el aislamiento del pa\u00eds sudamericano.<\/p>\n<\/p>\n<p>   Para el entrevistado, Venezuela tampoco est\u00e1 aislada del contexto mundial, pues \u00abmantiene posiciones prominentes en varios espacios multilaterales\u00bb, incluida la presidencia del Movimiento de Pa\u00edses No Alineados (MNOAL) y m\u00e1s importante a\u00fan, sigue teniendo importantes relaciones con China y Rusia.<\/p>\n<\/p>\n<p>   A criterio de Quintana, el pa\u00eds latinoamericano requiere dos cosas fundamentales. <\/p>\n<\/p>\n<p>   \u00abQue no se viole su soberan\u00eda e integridad territorial, cuyo efecto pr\u00e1ctico consiste en mantener al presidente Maduro en el gobierno, y utilizar sus relaciones internacionales para impulsar la recuperaci\u00f3n econ\u00f3mica del pa\u00eds\u00bb, mencion\u00f3.<\/p>\n<\/p>\n<p>   El analista espera tambi\u00e9n que tras una muy probable reelecci\u00f3n de Maduro, la Uni\u00f3n Europea (UE) \u00abendurecer\u00e1 su posici\u00f3n, ampliando sus sanciones a otras altas autoridades del Estado venezolano y llevando el alcance de las mismas al plano de las relaciones econ\u00f3micas del gobierno venezolano con pa\u00edses de la UE\u00bb.<\/p>\n<\/p>\n<p>   \u00abEl resto del mundo har\u00e1 como hasta ahora: no se pronunciar\u00e1 respecto de los resultados\u00bb, augur\u00f3 el profesor de geopol\u00edtica.<\/p>\n<\/p>\n<p>   Expres\u00f3 que tras la realizaci\u00f3n de las elecciones, los pa\u00edses que tienen relaciones estables con Venezuela las seguir\u00e1n teniendo y los que no, no se ocupar\u00e1n de pronunciarse ni a favor ni en contra, salvo en votaciones puntuales en Naciones Unidas (ONU). Fin<\/p>\n<\/p>\n<h6> 2018-04-21 09:00:21 <\/h6>\n<p><!--\n<link rel=\"stylesheet\" href=\"css\/bootstrap.min.css\">\n\n\n<ul class=\"pagination\">\n\t    \n\t\n\n<li >\n\t<a href='?page_no=10515'>Previous<\/a>\n\t<\/li>\n\n\n       \n    \n\n<li><a href='?page_no=1'>1<\/a><\/li>\n\n\n\n<li><a href='?page_no=2'>2<\/a><\/li>\n\n\n\n<li><a>...<\/a><\/li>\n\n\n\n<li><a href='?page_no=10514'>10514<\/a><\/li>\n\n\n\n<li><a href='?page_no=10515'>10515<\/a><\/li>\n\n\n\n<li class='active'><a>10516<\/a><\/li>\n\n\n\n<li><a href='?page_no=10517'>10517<\/a><\/li>\n\n\n\n<li><a href='?page_no=10518'>10518<\/a><\/li>\n\n\n\n<li><a>...<\/a><\/li>\n\n\n\n<li><a href='?page_no=51012'>51012<\/a><\/li>\n\n\n\n<li><a href='?page_no=51013'>51013<\/a><\/li>\n\n    \n\t\n\n<li >\n\t<a href='?page_no=10517'>Next<\/a>\n\t<\/li>\n\n\n    \n\n<li><a href='?page_no=51013'>Last &rsaquo;&rsaquo;<\/a><\/li>\n\n<\/ul>\n\n\n--><br \/>\n<\/body><\/p>\n","protected":false},"excerpt":{"rendered":"<p>Por Willey Pe\u00f1uela CARACAS, 20 abr (Xinhua) &#8212; A un mes de que se lleven a cabo elecciones en Venezuela y se defina el futuro rumbo de la naci\u00f3n sudamericana, el escenario geopol\u00edtico de la regi\u00f3n parece agudizarse contra el proceso comicial pautado para el 20 de mayo pr\u00f3ximo. En entrevista exclusiva con Xinhua, el [&hellip;]<\/p>\n","protected":false},"author":3,"featured_media":0,"comment_status":"open","ping_status":"open","sticky":false,"template":"","format":"standard","meta":{"footnotes":""},"categories":[23],"tags":[],"class_list":["post-230845","post","type-post","status-publish","format-standard","hentry","category-internacional"],"_links":{"self":[{"href":"https:\/\/diariodominicano.com\/index.php?rest_route=\/wp\/v2\/posts\/230845","targetHints":{"allow":["GET"]}}],"collection":[{"href":"https:\/\/diariodominicano.com\/index.php?rest_route=\/wp\/v2\/posts"}],"about":[{"href":"https:\/\/diariodominicano.com\/index.php?rest_route=\/wp\/v2\/types\/post"}],"author":[{"embeddable":true,"href":"https:\/\/diariodominicano.com\/index.php?rest_route=\/wp\/v2\/users\/3"}],"replies":[{"embeddable":true,"href":"https:\/\/diariodominicano.com\/index.php?rest_route=%2Fwp%2Fv2%2Fcomments&post=230845"}],"version-history":[{"count":0,"href":"https:\/\/diariodominicano.com\/index.php?rest_route=\/wp\/v2\/posts\/230845\/revisions"}],"wp:attachment":[{"href":"https:\/\/diariodominicano.com\/index.php?rest_route=%2Fwp%2Fv2%2Fmedia&parent=230845"}],"wp:term":[{"taxonomy":"category","embeddable":true,"href":"https:\/\/diariodominicano.com\/index.php?rest_route=%2Fwp%2Fv2%2Fcategories&post=230845"},{"taxonomy":"post_tag","embeddable":true,"href":"https:\/\/diariodominicano.com\/index.php?rest_route=%2Fwp%2Fv2%2Ftags&post=230845"}],"curies":[{"name":"wp","href":"https:\/\/api.w.org\/{rel}","templated":true}]}}