{"id":230844,"date":"2018-04-21T09:08:17","date_gmt":"2018-04-21T09:08:17","guid":{"rendered":"http:\/\/diariodominicano.ddns.net\/?p=230844"},"modified":"2018-04-21T09:08:17","modified_gmt":"2018-04-21T09:08:17","slug":"autoridades-alemanas-detienen-a-directivo-de-porsche-por-dieselgate","status":"publish","type":"post","link":"https:\/\/diariodominicano.com\/?p=230844","title":{"rendered":"Autoridades alemanas detienen a directivo de Porsche por \u00abdieselgate\u00bb"},"content":{"rendered":"<p><body><\/p>\n<\/p>\n<p><strong> <\/strong><\/p>\n<p><strong>   BERLIN, 20 abr (Xinhua) &#8212;<\/strong> Un importante directivo del fabricante de autos de lujo Porsche fue puesto bajo custodia en relaci\u00f3n con el esc\u00e1ndalo \u00abdieselgate\u00bb, confirmaron hoy fiscales estatales.<\/p>\n<\/p>\n<p>   La detenci\u00f3n fue justificada porque el sospechoso podr\u00eda escapar y ocultar la evidencia relacionada con las pr\u00e1cticas de fraude de emisiones de Porsche. Los investigadores realizan actualmente un gran operativo en negocios e instalaciones vinculadas con el fabricante de autos con sede en Stuttgart.<\/p>\n<\/p>\n<p>   Oliver Blume, director de Porsche, revel\u00f3 m\u00e1s tarde que la identidad del \u00abimportante empleado\u00bb es Joerg Kerner, jefe de desarrollo de motores.<\/p>\n<\/p>\n<p>   Kerner es uno de los tres individuos tratados como sospechosos por los fiscales estatales, junto con el jefe de desarrollo Michael Steiner y otro ex empleado de Porsche no identificado.<\/p>\n<\/p>\n<p>   Los tres individuos enfrentan cargos penales por fraude y mercadotecnia enga\u00f1osa en relaci\u00f3n con la instalaci\u00f3n de un software de motores il\u00edcito que falsifica los verdaderos niveles de \u00f3xidos de nitr\u00f3geno emitidos por veh\u00edculos di\u00e9sel.<\/p>\n<\/p>\n<p>   Blume rechaz\u00f3 la acusaci\u00f3n en un mensaje interno dirigido hoy al personal y prometi\u00f3 \u00abarreglar todo\u00bb en Porsche. \u00abLa junta directiva y yo estamos haciendo todo lo posible para aclarar la situaci\u00f3n lo m\u00e1s pronto posible\u00bb.<\/p>\n<\/p>\n<p>   Porsche es parte de Grupo Volkswagen que incluye marcas como Audi, Skoda, Seat, Bentley y Lamborghini, entre otras. Hasta ahora, Volkswagen ha pagado m\u00e1s de 25.000 millones de euros (30.700 millones de d\u00f3lares) en arreglos y multas por el \u00abdieselgate\u00bb tan s\u00f3lo en Estados Unidos. Fin<\/p>\n<h6> 2018-04-21 09:08:17 <\/h6>\n<p><!--\n<link rel=\"stylesheet\" href=\"css\/bootstrap.min.css\">\n\n\n<ul class=\"pagination\">\n\t    \n\t\n\n<li >\n\t<a href='?page_no=10514'>Previous<\/a>\n\t<\/li>\n\n\n       \n    \n\n<li><a href='?page_no=1'>1<\/a><\/li>\n\n\n\n<li><a href='?page_no=2'>2<\/a><\/li>\n\n\n\n<li><a>...<\/a><\/li>\n\n\n\n<li><a href='?page_no=10513'>10513<\/a><\/li>\n\n\n\n<li><a href='?page_no=10514'>10514<\/a><\/li>\n\n\n\n<li class='active'><a>10515<\/a><\/li>\n\n\n\n<li><a href='?page_no=10516'>10516<\/a><\/li>\n\n\n\n<li><a href='?page_no=10517'>10517<\/a><\/li>\n\n\n\n<li><a>...<\/a><\/li>\n\n\n\n<li><a href='?page_no=51012'>51012<\/a><\/li>\n\n\n\n<li><a href='?page_no=51013'>51013<\/a><\/li>\n\n    \n\t\n\n<li >\n\t<a href='?page_no=10516'>Next<\/a>\n\t<\/li>\n\n\n    \n\n<li><a href='?page_no=51013'>Last &rsaquo;&rsaquo;<\/a><\/li>\n\n<\/ul>\n\n\n--><br \/>\n<\/body><\/p>\n","protected":false},"excerpt":{"rendered":"<p>BERLIN, 20 abr (Xinhua) &#8212; Un importante directivo del fabricante de autos de lujo Porsche fue puesto bajo custodia en relaci\u00f3n con el esc\u00e1ndalo \u00abdieselgate\u00bb, confirmaron hoy fiscales estatales. La detenci\u00f3n fue justificada porque el sospechoso podr\u00eda escapar y ocultar la evidencia relacionada con las pr\u00e1cticas de fraude de emisiones de Porsche. Los investigadores realizan [&hellip;]<\/p>\n","protected":false},"author":3,"featured_media":0,"comment_status":"open","ping_status":"open","sticky":false,"template":"","format":"standard","meta":{"footnotes":""},"categories":[23],"tags":[],"class_list":["post-230844","post","type-post","status-publish","format-standard","hentry","category-internacional"],"_links":{"self":[{"href":"https:\/\/diariodominicano.com\/index.php?rest_route=\/wp\/v2\/posts\/230844","targetHints":{"allow":["GET"]}}],"collection":[{"href":"https:\/\/diariodominicano.com\/index.php?rest_route=\/wp\/v2\/posts"}],"about":[{"href":"https:\/\/diariodominicano.com\/index.php?rest_route=\/wp\/v2\/types\/post"}],"author":[{"embeddable":true,"href":"https:\/\/diariodominicano.com\/index.php?rest_route=\/wp\/v2\/users\/3"}],"replies":[{"embeddable":true,"href":"https:\/\/diariodominicano.com\/index.php?rest_route=%2Fwp%2Fv2%2Fcomments&post=230844"}],"version-history":[{"count":0,"href":"https:\/\/diariodominicano.com\/index.php?rest_route=\/wp\/v2\/posts\/230844\/revisions"}],"wp:attachment":[{"href":"https:\/\/diariodominicano.com\/index.php?rest_route=%2Fwp%2Fv2%2Fmedia&parent=230844"}],"wp:term":[{"taxonomy":"category","embeddable":true,"href":"https:\/\/diariodominicano.com\/index.php?rest_route=%2Fwp%2Fv2%2Fcategories&post=230844"},{"taxonomy":"post_tag","embeddable":true,"href":"https:\/\/diariodominicano.com\/index.php?rest_route=%2Fwp%2Fv2%2Ftags&post=230844"}],"curies":[{"name":"wp","href":"https:\/\/api.w.org\/{rel}","templated":true}]}}