{"id":230841,"date":"2018-04-21T10:22:58","date_gmt":"2018-04-21T10:22:58","guid":{"rendered":"http:\/\/diariodominicano.ddns.net\/?p=230841"},"modified":"2018-04-21T10:22:58","modified_gmt":"2018-04-21T10:22:58","slug":"guterres-insiste-en-superar-division-dentro-del-consejo-de-seguridad","status":"publish","type":"post","link":"https:\/\/diariodominicano.com\/?p=230841","title":{"rendered":"Guterres insiste en superar divisi\u00f3n dentro del Consejo de Seguridad"},"content":{"rendered":"<p><body><\/p>\n<p><img decoding=\"async\" src=\"img3\/onu-guterres.jpg\" \/>  <\/p>\n<p><strong> Naciones Unidas, 21 abr (PL) <\/strong>El secretario general de la ONU, Ant\u00f3nio Guterres, insisti\u00f3 hoy en la necesidad de superar las divisiones para encontrar una postura com\u00fan dentro del Consejo de Seguridad sobre temas tan importantes como Siria.<\/p>\n<\/p>\n<p>Junto a los miembros de ese \u00f3rgano de 15 miembros, Guterres se encuentra ahora en Suecia en la residencia de verano de Dag Hammarskjold, quien fuera el segundo secretario general en la historia de la organizaci\u00f3n multilateral y que muri\u00f3 en un sospechoso accidente a\u00e9reo.<\/p>\n<\/p>\n<p>Creo que es muy simb\u00f3lico que el Consejo est\u00e9 reunido en la casa de Hammarskjold, cuyo ejemplo es fundamental para hacer lo correcto, dijo a la prensa a su llegada al lugar.<\/p>\n<\/p>\n<p>A juicio del m\u00e1ximo representante de la ONU, este retiro puede ser una oportunidad para solucionar diferencias entre los integrantes de ese organismo.<\/p>\n<\/p>\n<p>En la actualidad vemos muchas divisiones: algunas viejas que vuelven, otras nuevas que se multiplican, en tanto los conflictos causan un enorme sufrimiento en todo el mundo y uno de los ejemplos m\u00e1s tr\u00e1gicos es Siria, apunt\u00f3.<\/p>\n<\/p>\n<p>Seg\u00fan afirm\u00f3 a la prensa el diplom\u00e1tico portugu\u00e9s, el Consejo de Seguridad puede ser eficaz y tener un impacto sobre el terreno cuando est\u00e1 unido, pero existen muchos aspectos en los cuales no se acaba de lograr una postura com\u00fan, recalc\u00f3.<\/p>\n<\/p>\n<p>Por ejemplo, a\u00f1adi\u00f3, todav\u00eda queda un largo trayecto por recorrer hasta encontrar unidad dentro del Consejo en relaci\u00f3n con el conflicto sirio.<\/p>\n<\/p>\n<p>Guterres reafirm\u00f3 que no hay una soluci\u00f3n militar para Siria y solo por medio de la alternativa pol\u00edtica podr\u00e1 encontrarse el camino para la paz. En ese sentido, exhort\u00f3 a retomar las conversaciones intrasirias entre el Gobierno y la oposici\u00f3n.<\/p>\n<\/p>\n<p>Tambi\u00e9n hizo hincapi\u00e9 en la necesidad de esclarecer lo referido al supuesto uso de armas qu\u00edmicas en ese pa\u00eds \u00e1rabe y establecer un mecanismo de rendici\u00f3n de cuentas al respecto.<\/p>\n<\/p>\n<p>Aunque el retiro anual del Consejo de Seguridad tiene lugar en el norte del estado de Nueva York, en esta oportunidad Suecia -que ahora es miembro no permanente del organismo- se ofreci\u00f3 como anfitri\u00f3n.<\/p>\n<\/p>\n<p>La representante de Estados Unidos ante la ONU, Nikki Haley, y su hom\u00f3logo ruso, Vassily Nebenzia, figuran entre los 15 diplom\u00e1ticos reunidos en la apartada residencia, de acuerdo con el embajador adjunto sueco ante la ONU, Carl Skau.<\/p>\n<\/p>\n<p>Precisamente, esos dos diplom\u00e1ticos encabezan una de las posturas m\u00e1s encontradas dentro del Consejo de Seguridad, y ambos tienen poder de veto en su calidad de miembros permanentes.<\/p>\n<\/p>\n<p>ocs\/ifb<\/p>\n<h6> 2018-04-21 10:22:58 <\/h6>\n<p><!--\n<link rel=\"stylesheet\" href=\"css\/bootstrap.min.css\">\n\n\n<ul class=\"pagination\">\n\t    \n\t\n\n<li >\n\t<a href='?page_no=10511'>Previous<\/a>\n\t<\/li>\n\n\n       \n    \n\n<li><a href='?page_no=1'>1<\/a><\/li>\n\n\n\n<li><a href='?page_no=2'>2<\/a><\/li>\n\n\n\n<li><a>...<\/a><\/li>\n\n\n\n<li><a href='?page_no=10510'>10510<\/a><\/li>\n\n\n\n<li><a href='?page_no=10511'>10511<\/a><\/li>\n\n\n\n<li class='active'><a>10512<\/a><\/li>\n\n\n\n<li><a href='?page_no=10513'>10513<\/a><\/li>\n\n\n\n<li><a href='?page_no=10514'>10514<\/a><\/li>\n\n\n\n<li><a>...<\/a><\/li>\n\n\n\n<li><a href='?page_no=51012'>51012<\/a><\/li>\n\n\n\n<li><a href='?page_no=51013'>51013<\/a><\/li>\n\n    \n\t\n\n<li >\n\t<a href='?page_no=10513'>Next<\/a>\n\t<\/li>\n\n\n    \n\n<li><a href='?page_no=51013'>Last &rsaquo;&rsaquo;<\/a><\/li>\n\n<\/ul>\n\n\n--><br \/>\n<\/body><\/p>\n","protected":false},"excerpt":{"rendered":"<p>Naciones Unidas, 21 abr (PL) El secretario general de la ONU, Ant\u00f3nio Guterres, insisti\u00f3 hoy en la necesidad de superar las divisiones para encontrar una postura com\u00fan dentro del Consejo de Seguridad sobre temas tan importantes como Siria. Junto a los miembros de ese \u00f3rgano de 15 miembros, Guterres se encuentra ahora en Suecia en [&hellip;]<\/p>\n","protected":false},"author":3,"featured_media":0,"comment_status":"open","ping_status":"open","sticky":false,"template":"","format":"standard","meta":{"footnotes":""},"categories":[23],"tags":[],"class_list":["post-230841","post","type-post","status-publish","format-standard","hentry","category-internacional"],"_links":{"self":[{"href":"https:\/\/diariodominicano.com\/index.php?rest_route=\/wp\/v2\/posts\/230841","targetHints":{"allow":["GET"]}}],"collection":[{"href":"https:\/\/diariodominicano.com\/index.php?rest_route=\/wp\/v2\/posts"}],"about":[{"href":"https:\/\/diariodominicano.com\/index.php?rest_route=\/wp\/v2\/types\/post"}],"author":[{"embeddable":true,"href":"https:\/\/diariodominicano.com\/index.php?rest_route=\/wp\/v2\/users\/3"}],"replies":[{"embeddable":true,"href":"https:\/\/diariodominicano.com\/index.php?rest_route=%2Fwp%2Fv2%2Fcomments&post=230841"}],"version-history":[{"count":0,"href":"https:\/\/diariodominicano.com\/index.php?rest_route=\/wp\/v2\/posts\/230841\/revisions"}],"wp:attachment":[{"href":"https:\/\/diariodominicano.com\/index.php?rest_route=%2Fwp%2Fv2%2Fmedia&parent=230841"}],"wp:term":[{"taxonomy":"category","embeddable":true,"href":"https:\/\/diariodominicano.com\/index.php?rest_route=%2Fwp%2Fv2%2Fcategories&post=230841"},{"taxonomy":"post_tag","embeddable":true,"href":"https:\/\/diariodominicano.com\/index.php?rest_route=%2Fwp%2Fv2%2Ftags&post=230841"}],"curies":[{"name":"wp","href":"https:\/\/api.w.org\/{rel}","templated":true}]}}