{"id":230839,"date":"2018-04-21T10:31:31","date_gmt":"2018-04-21T10:31:31","guid":{"rendered":"http:\/\/diariodominicano.ddns.net\/?p=230839"},"modified":"2018-04-21T10:31:31","modified_gmt":"2018-04-21T10:31:31","slug":"separan-a-mas-de-700-ninos-de-padres-en-frontera-ee-uu-mexico","status":"publish","type":"post","link":"https:\/\/diariodominicano.com\/?p=230839","title":{"rendered":"Separan a m\u00e1s de 700 ni\u00f1os de padres en frontera EE.UU.-M\u00e9xico"},"content":{"rendered":"<p><body><\/p>\n<p><strong>Washington, 21 abr (PL) <\/strong>M\u00e1s de 700 menores fueron separados de sus padres en la frontera entre M\u00e9xico y Estados Unidos desde octubre hasta hoy, de acuerdo con el diario The New York Times.<\/p>\n<\/p>\n<p>En ese grupo se incluyen ni\u00f1os de menos de cuatro a\u00f1os de edad, precis\u00f3 la publicaci\u00f3n que revis\u00f3 datos oficiales del gobierno norteamericano.<\/p>\n<\/p>\n<p>Las fuentes de informaci\u00f3n fueron la Oficina de Reasentamiento de Refugiados de Estados Unidos y el Departamento de Salud y Servicios Humanos, que se encarga de la custodia de los peque\u00f1os alejados de sus padres.<\/p>\n<\/p>\n<p>Hasta ahora, sostuvo el diario, la administraci\u00f3n se hab\u00eda negado a proporcionar datos a la prensa y al Congreso sobre esos procedimientos en la l\u00ednea divisoria.<\/p>\n<\/p>\n<p>Por su parte, el Departamento de Seguridad Nacional asegur\u00f3 que no separa a los ni\u00f1os en la frontera con intenci\u00f3n de intimidar a los inmigrantes.<\/p>\n<\/p>\n<p>Sin embargo, la Uni\u00f3n para las Libertades Civiles en Am\u00e9rica, a favor de la protecci\u00f3n de los derechos humanos, afirma que tal agencia federal ya comenz\u00f3 a implementar esa pol\u00edtica de manera sistem\u00e1tica.<\/p>\n<\/p>\n<p>ocs\/dsa<\/p>\n<h6> 2018-04-21 10:31:31 <\/h6>\n<p><!--\n<link rel=\"stylesheet\" href=\"css\/bootstrap.min.css\">\n\n\n<ul class=\"pagination\">\n\t    \n\t\n\n<li >\n\t<a href='?page_no=10509'>Previous<\/a>\n\t<\/li>\n\n\n       \n    \n\n<li><a href='?page_no=1'>1<\/a><\/li>\n\n\n\n<li><a href='?page_no=2'>2<\/a><\/li>\n\n\n\n<li><a>...<\/a><\/li>\n\n\n\n<li><a href='?page_no=10508'>10508<\/a><\/li>\n\n\n\n<li><a href='?page_no=10509'>10509<\/a><\/li>\n\n\n\n<li class='active'><a>10510<\/a><\/li>\n\n\n\n<li><a href='?page_no=10511'>10511<\/a><\/li>\n\n\n\n<li><a href='?page_no=10512'>10512<\/a><\/li>\n\n\n\n<li><a>...<\/a><\/li>\n\n\n\n<li><a href='?page_no=51012'>51012<\/a><\/li>\n\n\n\n<li><a href='?page_no=51013'>51013<\/a><\/li>\n\n    \n\t\n\n<li >\n\t<a href='?page_no=10511'>Next<\/a>\n\t<\/li>\n\n\n    \n\n<li><a href='?page_no=51013'>Last &rsaquo;&rsaquo;<\/a><\/li>\n\n<\/ul>\n\n\n--><br \/>\n<\/body><\/p>\n","protected":false},"excerpt":{"rendered":"<p>Washington, 21 abr (PL) M\u00e1s de 700 menores fueron separados de sus padres en la frontera entre M\u00e9xico y Estados Unidos desde octubre hasta hoy, de acuerdo con el diario The New York Times. En ese grupo se incluyen ni\u00f1os de menos de cuatro a\u00f1os de edad, precis\u00f3 la publicaci\u00f3n que revis\u00f3 datos oficiales del [&hellip;]<\/p>\n","protected":false},"author":3,"featured_media":0,"comment_status":"open","ping_status":"open","sticky":false,"template":"","format":"standard","meta":{"footnotes":""},"categories":[23],"tags":[],"class_list":["post-230839","post","type-post","status-publish","format-standard","hentry","category-internacional"],"_links":{"self":[{"href":"https:\/\/diariodominicano.com\/index.php?rest_route=\/wp\/v2\/posts\/230839","targetHints":{"allow":["GET"]}}],"collection":[{"href":"https:\/\/diariodominicano.com\/index.php?rest_route=\/wp\/v2\/posts"}],"about":[{"href":"https:\/\/diariodominicano.com\/index.php?rest_route=\/wp\/v2\/types\/post"}],"author":[{"embeddable":true,"href":"https:\/\/diariodominicano.com\/index.php?rest_route=\/wp\/v2\/users\/3"}],"replies":[{"embeddable":true,"href":"https:\/\/diariodominicano.com\/index.php?rest_route=%2Fwp%2Fv2%2Fcomments&post=230839"}],"version-history":[{"count":0,"href":"https:\/\/diariodominicano.com\/index.php?rest_route=\/wp\/v2\/posts\/230839\/revisions"}],"wp:attachment":[{"href":"https:\/\/diariodominicano.com\/index.php?rest_route=%2Fwp%2Fv2%2Fmedia&parent=230839"}],"wp:term":[{"taxonomy":"category","embeddable":true,"href":"https:\/\/diariodominicano.com\/index.php?rest_route=%2Fwp%2Fv2%2Fcategories&post=230839"},{"taxonomy":"post_tag","embeddable":true,"href":"https:\/\/diariodominicano.com\/index.php?rest_route=%2Fwp%2Fv2%2Ftags&post=230839"}],"curies":[{"name":"wp","href":"https:\/\/api.w.org\/{rel}","templated":true}]}}