{"id":230837,"date":"2018-04-21T16:52:08","date_gmt":"2018-04-21T16:52:08","guid":{"rendered":"http:\/\/diariodominicano.ddns.net\/?p=230837"},"modified":"2018-04-21T16:52:08","modified_gmt":"2018-04-21T16:52:08","slug":"maduro-venezuela-y-cuba-trabajaran-para-beneficio-de-los-pueblos","status":"publish","type":"post","link":"https:\/\/diariodominicano.com\/?p=230837","title":{"rendered":"Maduro: Venezuela y Cuba trabajar\u00e1n para beneficio de los pueblos"},"content":{"rendered":"<p><body><\/p>\n<p><img decoding=\"async\" src=\"img3\/maduro-miguel.jpg\" \/><br \/><img decoding=\"async\" src=\"img3\/maduro-miguel2.jpg\" \/>  <\/p>\n<p><strong> La Habana, 21 abr (PL)<\/strong> El presidente de Venezuela, Nicol\u00e1s Maduro, asegur\u00f3 hoy en esta capital que su pa\u00eds y Cuba continuar\u00e1n trabajando en conjunto para beneficio de ambos pueblos y los de la regi\u00f3n latinoamericana.<\/p>\n<\/p>\n<p>Tras colocar una ofrenda floral ante el monumento que honra al H\u00e9roe Nacional de Cuba, Jos\u00e9 Mart\u00ed, Maduro record\u00f3 a la prensa que cubanos y venezolanos han recorrido juntos un camino lleno tanto de dificultades como de esperanzas.<\/p>\n<\/p>\n<p>Recibe Miguel D\u00edaz-Canel a su hom\u00f3logo venezolano Nicol\u00e1s Maduro &#8216;Hemos venido a renovar los sue\u00f1os y a apuntar hacia el futuro, a visualizar 10 a\u00f1os hacia adelante y ver qu\u00e9 m\u00e1s se puede hacer por nuestros pueblos, pero tambi\u00e9n el de Nuestra Am\u00e9rica y el Caribe&#8217;, dijo el mandatario previo a un encuentro con el reci\u00e9n electo presidente cubano, Miguel D\u00edaz-Canel.<\/p>\n<\/p>\n<p>Seg\u00fan el visitante, es preciso determinar qu\u00e9 es necesario para solidificar las bases de la unidad en los aspectos pol\u00edtico, moral, espiritual y, sobre todo, econ\u00f3mico, lo cual cimentar\u00e1 la liberaci\u00f3n e independencia verdadera.<\/p>\n<\/p>\n<p>&#8216;A esa uni\u00f3n poderosa en lo econ\u00f3mico vamos a apuntar con Cuba, D\u00edaz-Canel y Ra\u00fal Castro, quien sigue al frente de la vanguardia&#8217;, coment\u00f3.<\/p>\n<\/p>\n<p>La visita de Maduro a Cuba es la primera de un mandatario extranjero desde que el pasado d\u00eda 19 Miguel D\u00edaz-Canel sustituyese a Ra\u00fal Castro como presidente de los consejos de Estado y de Ministros.<\/p>\n<\/p>\n<p>El l\u00edder revolucionario, quien esta semana culmin\u00f3 su segundo per\u00edodo como jefe de Estado y de Gobierno de la naci\u00f3n caribe\u00f1a, continuar\u00e1 como primer secretario del Comit\u00e9 Central del Partido Comunista de Cuba hasta 2021.<\/p>\n<\/p>\n<p>lma\/tgp<\/p>\n<p>Temas Relacionados:<\/p>\n<h6> 2018-04-21 16:52:08 <\/h6>\n<p><!--\n<link rel=\"stylesheet\" href=\"css\/bootstrap.min.css\">\n\n\n<ul class=\"pagination\">\n\t    \n\t\n\n<li >\n\t<a href='?page_no=10508'>Previous<\/a>\n\t<\/li>\n\n\n       \n    \n\n<li><a href='?page_no=1'>1<\/a><\/li>\n\n\n\n<li><a href='?page_no=2'>2<\/a><\/li>\n\n\n\n<li><a>...<\/a><\/li>\n\n\n\n<li><a href='?page_no=10507'>10507<\/a><\/li>\n\n\n\n<li><a href='?page_no=10508'>10508<\/a><\/li>\n\n\n\n<li class='active'><a>10509<\/a><\/li>\n\n\n\n<li><a href='?page_no=10510'>10510<\/a><\/li>\n\n\n\n<li><a href='?page_no=10511'>10511<\/a><\/li>\n\n\n\n<li><a>...<\/a><\/li>\n\n\n\n<li><a href='?page_no=51012'>51012<\/a><\/li>\n\n\n\n<li><a href='?page_no=51013'>51013<\/a><\/li>\n\n    \n\t\n\n<li >\n\t<a href='?page_no=10510'>Next<\/a>\n\t<\/li>\n\n\n    \n\n<li><a href='?page_no=51013'>Last &rsaquo;&rsaquo;<\/a><\/li>\n\n<\/ul>\n\n\n--><br \/>\n<\/body><\/p>\n","protected":false},"excerpt":{"rendered":"<p>La Habana, 21 abr (PL) El presidente de Venezuela, Nicol\u00e1s Maduro, asegur\u00f3 hoy en esta capital que su pa\u00eds y Cuba continuar\u00e1n trabajando en conjunto para beneficio de ambos pueblos y los de la regi\u00f3n latinoamericana. Tras colocar una ofrenda floral ante el monumento que honra al H\u00e9roe Nacional de Cuba, Jos\u00e9 Mart\u00ed, Maduro record\u00f3 [&hellip;]<\/p>\n","protected":false},"author":3,"featured_media":0,"comment_status":"open","ping_status":"open","sticky":false,"template":"","format":"standard","meta":{"footnotes":""},"categories":[23],"tags":[],"class_list":["post-230837","post","type-post","status-publish","format-standard","hentry","category-internacional"],"_links":{"self":[{"href":"https:\/\/diariodominicano.com\/index.php?rest_route=\/wp\/v2\/posts\/230837","targetHints":{"allow":["GET"]}}],"collection":[{"href":"https:\/\/diariodominicano.com\/index.php?rest_route=\/wp\/v2\/posts"}],"about":[{"href":"https:\/\/diariodominicano.com\/index.php?rest_route=\/wp\/v2\/types\/post"}],"author":[{"embeddable":true,"href":"https:\/\/diariodominicano.com\/index.php?rest_route=\/wp\/v2\/users\/3"}],"replies":[{"embeddable":true,"href":"https:\/\/diariodominicano.com\/index.php?rest_route=%2Fwp%2Fv2%2Fcomments&post=230837"}],"version-history":[{"count":0,"href":"https:\/\/diariodominicano.com\/index.php?rest_route=\/wp\/v2\/posts\/230837\/revisions"}],"wp:attachment":[{"href":"https:\/\/diariodominicano.com\/index.php?rest_route=%2Fwp%2Fv2%2Fmedia&parent=230837"}],"wp:term":[{"taxonomy":"category","embeddable":true,"href":"https:\/\/diariodominicano.com\/index.php?rest_route=%2Fwp%2Fv2%2Fcategories&post=230837"},{"taxonomy":"post_tag","embeddable":true,"href":"https:\/\/diariodominicano.com\/index.php?rest_route=%2Fwp%2Fv2%2Ftags&post=230837"}],"curies":[{"name":"wp","href":"https:\/\/api.w.org\/{rel}","templated":true}]}}