{"id":230835,"date":"2018-04-21T17:02:42","date_gmt":"2018-04-21T17:02:42","guid":{"rendered":"http:\/\/diariodominicano.ddns.net\/?p=230835"},"modified":"2018-04-21T17:02:42","modified_gmt":"2018-04-21T17:02:42","slug":"capital-haitiana-acoge-salon-internacional-del-libro","status":"publish","type":"post","link":"https:\/\/diariodominicano.com\/?p=230835","title":{"rendered":"Capital haitiana acoge Sal\u00f3n Internacional del Libro"},"content":{"rendered":"<p><body><\/p>\n<p><strong>Puerto Pr\u00edncipe, 21 abr (PL<\/strong>) El Champ de Mars, principal plaza hist\u00f3rico-cultural del pa\u00eds, acogi\u00f3 hoy la primera edici\u00f3n del Sal\u00f3n Internacional del Libro de Puerto Pr\u00edncipe, organizada por la Direcci\u00f3n Provincial del Libro y el Ayuntamiento capitalino.<\/p>\n<\/p>\n<p>Unos 500 t\u00edtulos de seis editoriales se encuentran a disposici\u00f3n del p\u00fablico, con un descuento de entre el 20 y el 60 por ciento de acuerdo a la casa editora, lo que le dar\u00e1 acceso a miles de j\u00f3venes en ciudad.<\/p>\n<\/p>\n<p>La edici\u00f3n est\u00e1 dedicada a Susy Castor, intelectual e historiadora haitiana quien dijo sentirse honrada por su elecci\u00f3n como invitada de honor, y se\u00f1al\u00f3 que esta iniciativa puede dinamizar la cadena de producci\u00f3n de libros.<\/p>\n<\/p>\n<p>Asimismo, subray\u00f3 que los libros pueden contribuir a la formaci\u00f3n de los ciudadanos, y permiten descubrir nuevas ideas.<\/p>\n<\/p>\n<p>La feria tendr\u00e1 lugar hasta este domingo en la capital del pa\u00eds, e incluye presentaciones de textos, conversatorios y conferencias.<\/p>\n<h6> 2018-04-21 17:02:42 <\/h6>\n<p><!--\n<link rel=\"stylesheet\" href=\"css\/bootstrap.min.css\">\n\n\n<ul class=\"pagination\">\n\t    \n\t\n\n<li >\n\t<a href='?page_no=10506'>Previous<\/a>\n\t<\/li>\n\n\n       \n    \n\n<li><a href='?page_no=1'>1<\/a><\/li>\n\n\n\n<li><a href='?page_no=2'>2<\/a><\/li>\n\n\n\n<li><a>...<\/a><\/li>\n\n\n\n<li><a href='?page_no=10505'>10505<\/a><\/li>\n\n\n\n<li><a href='?page_no=10506'>10506<\/a><\/li>\n\n\n\n<li class='active'><a>10507<\/a><\/li>\n\n\n\n<li><a href='?page_no=10508'>10508<\/a><\/li>\n\n\n\n<li><a href='?page_no=10509'>10509<\/a><\/li>\n\n\n\n<li><a>...<\/a><\/li>\n\n\n\n<li><a href='?page_no=51012'>51012<\/a><\/li>\n\n\n\n<li><a href='?page_no=51013'>51013<\/a><\/li>\n\n    \n\t\n\n<li >\n\t<a href='?page_no=10508'>Next<\/a>\n\t<\/li>\n\n\n    \n\n<li><a href='?page_no=51013'>Last &rsaquo;&rsaquo;<\/a><\/li>\n\n<\/ul>\n\n\n--><br \/>\n<\/body><\/p>\n","protected":false},"excerpt":{"rendered":"<p>Puerto Pr\u00edncipe, 21 abr (PL) El Champ de Mars, principal plaza hist\u00f3rico-cultural del pa\u00eds, acogi\u00f3 hoy la primera edici\u00f3n del Sal\u00f3n Internacional del Libro de Puerto Pr\u00edncipe, organizada por la Direcci\u00f3n Provincial del Libro y el Ayuntamiento capitalino. Unos 500 t\u00edtulos de seis editoriales se encuentran a disposici\u00f3n del p\u00fablico, con un descuento de entre [&hellip;]<\/p>\n","protected":false},"author":3,"featured_media":0,"comment_status":"open","ping_status":"open","sticky":false,"template":"","format":"standard","meta":{"footnotes":""},"categories":[23],"tags":[],"class_list":["post-230835","post","type-post","status-publish","format-standard","hentry","category-internacional"],"_links":{"self":[{"href":"https:\/\/diariodominicano.com\/index.php?rest_route=\/wp\/v2\/posts\/230835","targetHints":{"allow":["GET"]}}],"collection":[{"href":"https:\/\/diariodominicano.com\/index.php?rest_route=\/wp\/v2\/posts"}],"about":[{"href":"https:\/\/diariodominicano.com\/index.php?rest_route=\/wp\/v2\/types\/post"}],"author":[{"embeddable":true,"href":"https:\/\/diariodominicano.com\/index.php?rest_route=\/wp\/v2\/users\/3"}],"replies":[{"embeddable":true,"href":"https:\/\/diariodominicano.com\/index.php?rest_route=%2Fwp%2Fv2%2Fcomments&post=230835"}],"version-history":[{"count":0,"href":"https:\/\/diariodominicano.com\/index.php?rest_route=\/wp\/v2\/posts\/230835\/revisions"}],"wp:attachment":[{"href":"https:\/\/diariodominicano.com\/index.php?rest_route=%2Fwp%2Fv2%2Fmedia&parent=230835"}],"wp:term":[{"taxonomy":"category","embeddable":true,"href":"https:\/\/diariodominicano.com\/index.php?rest_route=%2Fwp%2Fv2%2Fcategories&post=230835"},{"taxonomy":"post_tag","embeddable":true,"href":"https:\/\/diariodominicano.com\/index.php?rest_route=%2Fwp%2Fv2%2Ftags&post=230835"}],"curies":[{"name":"wp","href":"https:\/\/api.w.org\/{rel}","templated":true}]}}