{"id":230833,"date":"2018-04-21T17:12:49","date_gmt":"2018-04-21T17:12:49","guid":{"rendered":"http:\/\/diariodominicano.ddns.net\/?p=230833"},"modified":"2018-04-21T17:12:49","modified_gmt":"2018-04-21T17:12:49","slug":"miles-de-manifestantes-en-bilbao-en-apoyo-a-los-presos-de-eta","status":"publish","type":"post","link":"https:\/\/diariodominicano.com\/?p=230833","title":{"rendered":"Miles de manifestantes en Bilbao en apoyo a los presos de ETA"},"content":{"rendered":"<p><body><\/p>\n<p><img decoding=\"async\" src=\"img3\/c222210719ed60941881234c79af6d12a6bfd5dd.jpg\" \/><br \/><img decoding=\"async\" src=\"img3\/edc89755102741588ef1f7aa7844bd0e1755a87e.jpg\" \/>  <\/p>\n<\/p>\n<p>AFP \/ ANDER GILLENEA<\/p>\n<p>Manifestaci\u00f3n reclamando el acercamiento de los presos de ETA a c\u00e1rceles del Pa\u00eds Vasco, el 21 de abril de 2018 en Bilbao, en el norte de Espa\u00f1a<\/p>\n<p>Miles de personas se manifestaron el s\u00e1bado en Bilbao, en el norte de Espa\u00f1a, para pedir mejores condiciones de detenci\u00f3n para los integrantes de la banda separatista vasca ETA, semanas antes de su anunciada disoluci\u00f3n.<\/p>\n<\/p>\n<p>Entonando \u00abpresos vascos a casa\u00bb y ondeando banderas del Pa\u00eds Vasco, los manifestantes pidieron que los presos sean trasladados m\u00e1s cerca de su regi\u00f3n de origen, porque se encuentran en c\u00e1rceles a cientos de kil\u00f3metros de distancia de esta zona.<\/p>\n<\/p>\n<p>La manifestaci\u00f3n se produjo un d\u00eda despu\u00e9s de que ETA pidiera perd\u00f3n a las v\u00edctimas por el \u00abgrave da\u00f1o\u00bb causado durante su lucha armada por la independencia del Pa\u00eds Vasco, un gesto previo a su esperada disoluci\u00f3n, aunque sus disculpas dirigidas solo a los afectados \u00absin responsabilidad\u00bb en el conflicto gener\u00f3 pol\u00e9mica en Espa\u00f1a.<\/p>\n<\/p>\n<p>\u00abLo sentimos de verdad\u00bb, indic\u00f3 el texto difundido casi 60 a\u00f1os despu\u00e9s de la creaci\u00f3n en 1959 de la organizaci\u00f3n, a la que se le atribuye un historial de atentados con bomba y asesinatos que dej\u00f3 seg\u00fan las autoridades al menos 829 muertos, tanto en el Pa\u00eds Vasco como en el resto de Espa\u00f1a, y algunos tambi\u00e9n en Francia.<\/p>\n<\/p>\n<p>AFP \/ ANDER GILLENEA<\/p>\n<p>Manifestantes con una bandera en la que se lee \u00abPresos vascos a casa\u00bb, en una manifestaci\u00f3n reclamando el fin de la dispersi\u00f3n de los presos de ETA, el 21 de abril de 2018 en Bilbao, en el norte de Espa\u00f1a <\/p>\n<p>Los manifestantes del s\u00e1bado pidieron al gobierno espa\u00f1ol que autorice la transferencia de presos de ETA al Pa\u00eds Vasco para que sus parientes ancianos puedan visitarlos.<\/p>\n<\/p>\n<p>La mayor\u00eda de los presos de ETA est\u00e1n sujetos al r\u00e9gimen de detenci\u00f3n m\u00e1s estricto en Espa\u00f1a, que les permite caminar de tres a cuatro horas por d\u00eda en el patio de la c\u00e1rcel, pero sin permiso de salida.<\/p>\n<\/p>\n<p>En su cuenta de Twitter, el partido independentista vasco Sortu dijo: \u00abEs urgentemente necesario abolir la dispersi\u00f3n, permitir que los presos enfermos regresen a casa\u00bb.<\/p>\n<\/p>\n<p>El gobierno espa\u00f1ol ha dicho que no cambiar\u00e1 su pol\u00edtica hacia los presos vinculados a un grupo que tambi\u00e9n llev\u00f3 a cabo secuestros y extorsiones en nombre de su lucha armada por la independencia del Pa\u00eds Vasco y Navarra.<\/p>\n<\/p>\n<p>Unos 300 miembros de ETA cumplen condenas en Espa\u00f1a, Francia y Portugal y un centenar est\u00e1 a la fuga, seg\u00fan Forum Social, una asociaci\u00f3n que re\u00fane a los familiares de los presos.<\/p>\n<h6> 2018-04-21 17:12:49 <\/h6>\n<p><!--\n<link rel=\"stylesheet\" href=\"css\/bootstrap.min.css\">\n\n\n<ul class=\"pagination\">\n\t    \n\t\n\n<li >\n\t<a href='?page_no=10504'>Previous<\/a>\n\t<\/li>\n\n\n       \n    \n\n<li><a href='?page_no=1'>1<\/a><\/li>\n\n\n\n<li><a href='?page_no=2'>2<\/a><\/li>\n\n\n\n<li><a>...<\/a><\/li>\n\n\n\n<li><a href='?page_no=10503'>10503<\/a><\/li>\n\n\n\n<li><a href='?page_no=10504'>10504<\/a><\/li>\n\n\n\n<li class='active'><a>10505<\/a><\/li>\n\n\n\n<li><a href='?page_no=10506'>10506<\/a><\/li>\n\n\n\n<li><a href='?page_no=10507'>10507<\/a><\/li>\n\n\n\n<li><a>...<\/a><\/li>\n\n\n\n<li><a href='?page_no=51012'>51012<\/a><\/li>\n\n\n\n<li><a href='?page_no=51013'>51013<\/a><\/li>\n\n    \n\t\n\n<li >\n\t<a href='?page_no=10506'>Next<\/a>\n\t<\/li>\n\n\n    \n\n<li><a href='?page_no=51013'>Last &rsaquo;&rsaquo;<\/a><\/li>\n\n<\/ul>\n\n\n--><br \/>\n<\/body><\/p>\n","protected":false},"excerpt":{"rendered":"<p>AFP \/ ANDER GILLENEA Manifestaci\u00f3n reclamando el acercamiento de los presos de ETA a c\u00e1rceles del Pa\u00eds Vasco, el 21 de abril de 2018 en Bilbao, en el norte de Espa\u00f1a Miles de personas se manifestaron el s\u00e1bado en Bilbao, en el norte de Espa\u00f1a, para pedir mejores condiciones de detenci\u00f3n para los integrantes de [&hellip;]<\/p>\n","protected":false},"author":3,"featured_media":0,"comment_status":"open","ping_status":"open","sticky":false,"template":"","format":"standard","meta":{"footnotes":""},"categories":[23],"tags":[],"class_list":["post-230833","post","type-post","status-publish","format-standard","hentry","category-internacional"],"_links":{"self":[{"href":"https:\/\/diariodominicano.com\/index.php?rest_route=\/wp\/v2\/posts\/230833","targetHints":{"allow":["GET"]}}],"collection":[{"href":"https:\/\/diariodominicano.com\/index.php?rest_route=\/wp\/v2\/posts"}],"about":[{"href":"https:\/\/diariodominicano.com\/index.php?rest_route=\/wp\/v2\/types\/post"}],"author":[{"embeddable":true,"href":"https:\/\/diariodominicano.com\/index.php?rest_route=\/wp\/v2\/users\/3"}],"replies":[{"embeddable":true,"href":"https:\/\/diariodominicano.com\/index.php?rest_route=%2Fwp%2Fv2%2Fcomments&post=230833"}],"version-history":[{"count":0,"href":"https:\/\/diariodominicano.com\/index.php?rest_route=\/wp\/v2\/posts\/230833\/revisions"}],"wp:attachment":[{"href":"https:\/\/diariodominicano.com\/index.php?rest_route=%2Fwp%2Fv2%2Fmedia&parent=230833"}],"wp:term":[{"taxonomy":"category","embeddable":true,"href":"https:\/\/diariodominicano.com\/index.php?rest_route=%2Fwp%2Fv2%2Fcategories&post=230833"},{"taxonomy":"post_tag","embeddable":true,"href":"https:\/\/diariodominicano.com\/index.php?rest_route=%2Fwp%2Fv2%2Ftags&post=230833"}],"curies":[{"name":"wp","href":"https:\/\/api.w.org\/{rel}","templated":true}]}}