{"id":230831,"date":"2018-04-22T08:59:50","date_gmt":"2018-04-22T08:59:50","guid":{"rendered":"http:\/\/diariodominicano.ddns.net\/?p=230831"},"modified":"2018-04-22T08:59:50","modified_gmt":"2018-04-22T08:59:50","slug":"maduro-y-diaz-canel-abogan-por-fortalecer-relaciones-entre-venezuela-y-cuba","status":"publish","type":"post","link":"https:\/\/diariodominicano.com\/?p=230831","title":{"rendered":"Maduro y D\u00edaz-Canel abogan por fortalecer relaciones entre Venezuela y Cuba"},"content":{"rendered":"<p><body><\/p>\n<p><img decoding=\"async\" src=\"img3\/137127498_1524358074123_title0h.jpg\" \/><br \/><img decoding=\"async\" src=\"img3\/137127498_15243580570111n.jpg\" \/>  <\/p>\n<p><strong>Imagen cedida la Presidencia de Venezuela, del presidente venezolano, Nicol\u00e1s Maduro (i), estrechando la mano del presidente cubano, Miguel D\u00edaz-Canel (d), durante su reuni\u00f3n en el Palacio de la Revoluci\u00f3n, en La Habana, Cuba, el 21 de abril de 2018. El presidente cubano, Miguel D\u00edaz-Canel, recibi\u00f3 el s\u00e1bado a su hom\u00f3logo venezolano, Nicol\u00e1s Maduro, en su primera actividad p\u00fablica tras ser electo el jueves como mandatario de la isla caribe\u00f1a. Maduro, quien arrib\u00f3 a la capital cubana la noche del viernes, fue recibido con honores militares junto a D\u00edaz-Canel en el Palacio de la Revoluci\u00f3n y posteriormente ambos presidentes sostuvieron conversaciones en privado. (Xinhua\/Presidencia de Venezuela)<\/strong><\/p>\n<p><strong>LA HABANA, 21 abr (Xinhua) &#8212;<\/strong> El presidente cubano, Miguel D\u00edaz-Canel, recibi\u00f3 este s\u00e1bado a su hom\u00f3logo venezolano, Nicol\u00e1s Maduro, en su primera actividad p\u00fablica tras ser electo el pasado jueves como mandatario de la isla caribe\u00f1a.<\/p>\n<\/p>\n<p>Maduro, quien arrib\u00f3 a la capital cubana la noche del viernes, fue recibido con honores militares junto a D\u00edaz-Canel en el Palacio de la Revoluci\u00f3n y posteriormente ambos presidentes sostuvieron conversaciones en privado.<\/p>\n<\/p>\n<p>Acompa\u00f1aron a Maduro el canciller venezolano, Jorge Arreaza, el vicepresidente para el Desarrollo Social y ministro de Educaci\u00f3n, El\u00edas Jaua, y el ministro de Petr\u00f3leo, Manuel Quevedo.<\/p>\n<\/p>\n<p>Un dato interesante fue la presencia de las primeras damas de ambos pa\u00edses, la venezolana, Cilia Flores y Lis Cuesta, esposa de D\u00edaz-Canel.<\/p>\n<\/p>\n<p>Desde el triunfo de la Revoluci\u00f3n de 1959 en Cuba nunca existi\u00f3 oficialmente una primera dama, pues Fidel Castro no expon\u00eda su vida privada y Ra\u00fal Castro ya hab\u00eda enviudado de su esposa, Vilma Esp\u00edn, cuando asumi\u00f3 la presidencia en 2008.<\/p>\n<\/p>\n<p>Con anterioridad, Maduro rindi\u00f3 tributo al h\u00e9roe nacional de la isla, Jos\u00e9 Mart\u00ed, en la capitalina Plaza de la Revoluci\u00f3n con una ofrenda floral.<\/p>\n<\/p>\n<p>En declaraciones a periodistas el mandatario venezolano dijo que vino a Cuba para \u00abrenovar la esperanza y los sue\u00f1os conjuntos\u00bb tras la elecci\u00f3n de D\u00edaz-Canel por la Asamblea Nacional del Poder Popular (parlamento) el pasado jueves.<\/p>\n<\/p>\n<p>\u00abDebemos apuntar hacia el futuro, sobretodo visualizar 10 a\u00f1os adelante qu\u00e9 m\u00e1s se puede hacer, que m\u00e1s es necesario hacer por nuestros pueblos. Venimos a echar bases profundas de la uni\u00f3n pol\u00edtica, espiritual, moral y sobretodo de la uni\u00f3n econ\u00f3mica\u00bb, afirm\u00f3.<\/p>\n<\/p>\n<p>Maduro se\u00f1al\u00f3 que no s\u00f3lo deseaba conversar con el nuevo presidente cubano sobre la relaci\u00f3n bilateral, sino tambi\u00e9n sobre lo que es necesario para Am\u00e9rica Latina y el Caribe en la actualidad.<\/p>\n<\/p>\n<p>\u00abLa liberaci\u00f3n del siglo XXI va a descansar sobre la posibilidad que nosotros construyamos una uni\u00f3n poderosa en lo econ\u00f3mico y a eso vamos a apuntar con el compa\u00f1ero presidente Miguel D\u00edaz-Canel\u00bb, apunt\u00f3.<\/p>\n<\/p>\n<p>Adem\u00e1s, asegur\u00f3 que Ra\u00fal Castro, quien contin\u00faa como primer secretario del Partido Comunista de Cuba, sigue \u00abal frente de la vanguardia, dirigiendo la batalla\u00bb.<\/p>\n<\/p>\n<p>Esta es la primera actividad p\u00fablica de D\u00edaz-Canel, luego de ser electo el pasado jueves presidente de Cuba con el 99,83 por ciento de los votos emitidos por los 604 diputados presentes en la sesi\u00f3n constitutiva de la IX legislatura de la Asamblea Nacional.<\/p>\n<\/p>\n<p>En su discurso, tras conocerse esos resultados, el mandatario cubano asegur\u00f3 que la pol\u00edtica exterior se mantendr\u00e1 inalterable y que el nuevo gobierno no realizar\u00e1 \u00abconcesiones\u00bb contra su soberan\u00eda, ni aceptar\u00e1 \u00abcondicionamientos\u00bb provenientes del exterior, especialmente de Washington.<\/p>\n<\/p>\n<p>Estados Unidos, bajo la administraci\u00f3n del presidente Donald Trump, ha arreciado su cerco econ\u00f3mico y campa\u00f1as medi\u00e1ticas difamatorias no s\u00f3lo hacia Cuba, sino contra Venezuela, uno de sus principales objetivos.<\/p>\n<\/p>\n<p>D\u00edaz-Canel, en octubre del pasado a\u00f1o cuando fung\u00eda como primer vicepresidente de Cuba, denunci\u00f3 tales pretensiones al intervenir en el homenaje por el 50 aniversario de la muerte de Ernesto \u00abChe\u00bb Guevara en Bolivia.<\/p>\n<\/p>\n<p>En ese contexto el presidente cubano reiter\u00f3 el \u00abpermanente e incondicional apoyo\u00bb al pueblo de Venezuela y al gobierno encabezado por el presidente Maduro, ante las \u00abamenazas\u00bb provenientes de la Casa Blanca, cuya administraci\u00f3n evalu\u00f3 incluso una agresi\u00f3n militar contra Caracas.<\/p>\n<\/p>\n<p>Para el pr\u00f3ximo lunes est\u00e1 anunciada la visita a Cuba del presidente de Bolivia, Evo Morales, quien llegar\u00e1 a La Habana para felicitar personalmente a D\u00edaz-Canel y conversar sobre asuntos de inter\u00e9s mutuo.<\/p>\n<h6> 2018-04-22 08:59:50 <\/h6>\n<p><!--\n<link rel=\"stylesheet\" href=\"css\/bootstrap.min.css\">\n\n\n<ul class=\"pagination\">\n\t    \n\t\n\n<li >\n\t<a href='?page_no=10502'>Previous<\/a>\n\t<\/li>\n\n\n       \n    \n\n<li><a href='?page_no=1'>1<\/a><\/li>\n\n\n\n<li><a href='?page_no=2'>2<\/a><\/li>\n\n\n\n<li><a>...<\/a><\/li>\n\n\n\n<li><a href='?page_no=10501'>10501<\/a><\/li>\n\n\n\n<li><a href='?page_no=10502'>10502<\/a><\/li>\n\n\n\n<li class='active'><a>10503<\/a><\/li>\n\n\n\n<li><a href='?page_no=10504'>10504<\/a><\/li>\n\n\n\n<li><a href='?page_no=10505'>10505<\/a><\/li>\n\n\n\n<li><a>...<\/a><\/li>\n\n\n\n<li><a href='?page_no=51012'>51012<\/a><\/li>\n\n\n\n<li><a href='?page_no=51013'>51013<\/a><\/li>\n\n    \n\t\n\n<li >\n\t<a href='?page_no=10504'>Next<\/a>\n\t<\/li>\n\n\n    \n\n<li><a href='?page_no=51013'>Last &rsaquo;&rsaquo;<\/a><\/li>\n\n<\/ul>\n\n\n--><br \/>\n<\/body><\/p>\n","protected":false},"excerpt":{"rendered":"<p>Imagen cedida la Presidencia de Venezuela, del presidente venezolano, Nicol\u00e1s Maduro (i), estrechando la mano del presidente cubano, Miguel D\u00edaz-Canel (d), durante su reuni\u00f3n en el Palacio de la Revoluci\u00f3n, en La Habana, Cuba, el 21 de abril de 2018. El presidente cubano, Miguel D\u00edaz-Canel, recibi\u00f3 el s\u00e1bado a su hom\u00f3logo venezolano, Nicol\u00e1s Maduro, en [&hellip;]<\/p>\n","protected":false},"author":3,"featured_media":0,"comment_status":"open","ping_status":"open","sticky":false,"template":"","format":"standard","meta":{"footnotes":""},"categories":[23],"tags":[],"class_list":["post-230831","post","type-post","status-publish","format-standard","hentry","category-internacional"],"_links":{"self":[{"href":"https:\/\/diariodominicano.com\/index.php?rest_route=\/wp\/v2\/posts\/230831","targetHints":{"allow":["GET"]}}],"collection":[{"href":"https:\/\/diariodominicano.com\/index.php?rest_route=\/wp\/v2\/posts"}],"about":[{"href":"https:\/\/diariodominicano.com\/index.php?rest_route=\/wp\/v2\/types\/post"}],"author":[{"embeddable":true,"href":"https:\/\/diariodominicano.com\/index.php?rest_route=\/wp\/v2\/users\/3"}],"replies":[{"embeddable":true,"href":"https:\/\/diariodominicano.com\/index.php?rest_route=%2Fwp%2Fv2%2Fcomments&post=230831"}],"version-history":[{"count":0,"href":"https:\/\/diariodominicano.com\/index.php?rest_route=\/wp\/v2\/posts\/230831\/revisions"}],"wp:attachment":[{"href":"https:\/\/diariodominicano.com\/index.php?rest_route=%2Fwp%2Fv2%2Fmedia&parent=230831"}],"wp:term":[{"taxonomy":"category","embeddable":true,"href":"https:\/\/diariodominicano.com\/index.php?rest_route=%2Fwp%2Fv2%2Fcategories&post=230831"},{"taxonomy":"post_tag","embeddable":true,"href":"https:\/\/diariodominicano.com\/index.php?rest_route=%2Fwp%2Fv2%2Ftags&post=230831"}],"curies":[{"name":"wp","href":"https:\/\/api.w.org\/{rel}","templated":true}]}}