{"id":230828,"date":"2018-04-22T09:14:04","date_gmt":"2018-04-22T09:14:04","guid":{"rendered":"http:\/\/diariodominicano.ddns.net\/?p=230828"},"modified":"2018-04-22T09:14:04","modified_gmt":"2018-04-22T09:14:04","slug":"explosion-en-centro-medico-de-chile-deja-al-menos-3-muertos-y-50-heridos","status":"publish","type":"post","link":"https:\/\/diariodominicano.com\/?p=230828","title":{"rendered":"Explosi\u00f3n en centro m\u00e9dico de Chile deja al menos 3 muertos y 50 heridos"},"content":{"rendered":"<p><body><\/p>\n<p><img decoding=\"async\" src=\"img3\/137127463_15243569433201n.jpg\" \/>  <\/p>\n<p><strong>Bomberos laboran en el lugar donde se registr\u00f3 una explosi\u00f3n ocurrida en un sanatorio de Concepci\u00f3n, en Chile, el 21 de abril de 2018. Una explosi\u00f3n registrada el s\u00e1bado en un sanatorio de Concepci\u00f3n al sur de Santiago, la capital de Chile, dej\u00f3 al menos 3 muertos y 50 heridos, tras una fuga de gas en el recinto m\u00e9dico, seg\u00fan inform\u00f3 el alcalde de la comuna, Alvaro Ortiz. El gobernante local detall\u00f3 que en la torre A del Sanatorio Alem\u00e1n de Concepci\u00f3n se estaban realizando trabajos de manutenci\u00f3n y, pese a que la compa\u00f1\u00eda Gas Sur inicialmente evacu\u00f3 el recinto m\u00e9dico, despu\u00e9s de asegurar que todo estaba bajo control, las personas volvieron al sanatorio y se ocasion\u00f3 la explosi\u00f3n. (Xinhua\/Paulina Cofr\u00e9\/AGENCIAUNO)<\/strong><\/p>\n<p><strong>SANTIAGO, 21 abr (Xinhua) &#8211;<\/strong>&#8211; Una explosi\u00f3n registrada este s\u00e1bado en un sanatorio de Concepci\u00f3n al sur de Santiago, la capital de Chile, dej\u00f3 al menos 3 muertos y 50 heridos, tras una fuga de gas en el recinto m\u00e9dico, seg\u00fan inform\u00f3 el alcalde de la comuna, Alvaro Ortiz.<\/p>\n<\/p>\n<p>El gobernante local detall\u00f3 que en la torre A del Sanatorio Alem\u00e1n de Concepci\u00f3n se estaban realizando trabajos de manutenci\u00f3n y, pese a que la compa\u00f1\u00eda Gas Sur inicialmente evacu\u00f3 el recinto m\u00e9dico, despu\u00e9s de asegurar que todo estaba bajo control, las personas volvieron al sanatorio y se ocasion\u00f3 la explosi\u00f3n.<\/p>\n<\/p>\n<p>El gobernador de la regi\u00f3n del Biob\u00edo, Jorge Ulloa, se\u00f1al\u00f3 que los heridos fueron trasladados a diferentes centros asistenciales, puesto que todo el sanatorio fue evacuado, y que \u00abparte de la estructura qued\u00f3 colapsada\u00bb.<\/p>\n<\/p>\n<p>Asimismo, Ortiz a\u00f1adi\u00f3 que \u00abes una situaci\u00f3n bastante dram\u00e1tica\u00bb y agreg\u00f3 que \u00abvarios de los heridos est\u00e1n en riesgo vital\u00bb.<\/p>\n<\/p>\n<p>La explosi\u00f3n tuvo una expansi\u00f3n de tres cuadras a la redonda y seg\u00fan informes preliminares, algunos edificios colindantes tambi\u00e9n sufrieron da\u00f1os en sus estructuras.<\/p>\n<\/p>\n<p>En su cuenta de Twiiter, el presidente de Chile, Sebasti\u00e1n Pi\u00f1era, escribi\u00f3, \u00abmis sentidas condolencias a las v\u00edctimas y sus familiares, de la explosi\u00f3n de una ca\u00f1er\u00eda en el Sanatorio Alem\u00e1n de Concepci\u00f3n. Mis pensamientos y oraciones est\u00e1n con ustedes\u00bb.<\/p>\n<\/p>\n<p>Adem\u00e1s, el mandatario chileno anunci\u00f3 que el ministro de Salud, Emilio Santelices, y la subsecretaria de la misma cartera, Paula Daza, visitar\u00e1n la zona afectada.<\/p>\n<\/p>\n<p>Por su parte, el ministro del Interior, Andr\u00e9s Chadwick, inform\u00f3 que convocaron al Comit\u00e9 de Operaciones de Emergencia (COE) regional para actuar en conjunto con la Intendencia del Biob\u00edo.<\/p>\n<\/p>\n<p>Las autoridades de la zona anunciaron que realizar\u00e1n una investigaci\u00f3n para determinar las responsabilidades del accidente.<\/p>\n<h6> 2018-04-22 09:14:04 <\/h6>\n<p><!--\n<link rel=\"stylesheet\" href=\"css\/bootstrap.min.css\">\n\n\n<ul class=\"pagination\">\n\t    \n\t\n\n<li >\n\t<a href='?page_no=10499'>Previous<\/a>\n\t<\/li>\n\n\n       \n    \n\n<li><a href='?page_no=1'>1<\/a><\/li>\n\n\n\n<li><a href='?page_no=2'>2<\/a><\/li>\n\n\n\n<li><a>...<\/a><\/li>\n\n\n\n<li><a href='?page_no=10498'>10498<\/a><\/li>\n\n\n\n<li><a href='?page_no=10499'>10499<\/a><\/li>\n\n\n\n<li class='active'><a>10500<\/a><\/li>\n\n\n\n<li><a href='?page_no=10501'>10501<\/a><\/li>\n\n\n\n<li><a href='?page_no=10502'>10502<\/a><\/li>\n\n\n\n<li><a>...<\/a><\/li>\n\n\n\n<li><a href='?page_no=51012'>51012<\/a><\/li>\n\n\n\n<li><a href='?page_no=51013'>51013<\/a><\/li>\n\n    \n\t\n\n<li >\n\t<a href='?page_no=10501'>Next<\/a>\n\t<\/li>\n\n\n    \n\n<li><a href='?page_no=51013'>Last &rsaquo;&rsaquo;<\/a><\/li>\n\n<\/ul>\n\n\n--><br \/>\n<\/body><\/p>\n","protected":false},"excerpt":{"rendered":"<p>Bomberos laboran en el lugar donde se registr\u00f3 una explosi\u00f3n ocurrida en un sanatorio de Concepci\u00f3n, en Chile, el 21 de abril de 2018. Una explosi\u00f3n registrada el s\u00e1bado en un sanatorio de Concepci\u00f3n al sur de Santiago, la capital de Chile, dej\u00f3 al menos 3 muertos y 50 heridos, tras una fuga de gas [&hellip;]<\/p>\n","protected":false},"author":3,"featured_media":0,"comment_status":"open","ping_status":"open","sticky":false,"template":"","format":"standard","meta":{"footnotes":""},"categories":[23],"tags":[],"class_list":["post-230828","post","type-post","status-publish","format-standard","hentry","category-internacional"],"_links":{"self":[{"href":"https:\/\/diariodominicano.com\/index.php?rest_route=\/wp\/v2\/posts\/230828","targetHints":{"allow":["GET"]}}],"collection":[{"href":"https:\/\/diariodominicano.com\/index.php?rest_route=\/wp\/v2\/posts"}],"about":[{"href":"https:\/\/diariodominicano.com\/index.php?rest_route=\/wp\/v2\/types\/post"}],"author":[{"embeddable":true,"href":"https:\/\/diariodominicano.com\/index.php?rest_route=\/wp\/v2\/users\/3"}],"replies":[{"embeddable":true,"href":"https:\/\/diariodominicano.com\/index.php?rest_route=%2Fwp%2Fv2%2Fcomments&post=230828"}],"version-history":[{"count":0,"href":"https:\/\/diariodominicano.com\/index.php?rest_route=\/wp\/v2\/posts\/230828\/revisions"}],"wp:attachment":[{"href":"https:\/\/diariodominicano.com\/index.php?rest_route=%2Fwp%2Fv2%2Fmedia&parent=230828"}],"wp:term":[{"taxonomy":"category","embeddable":true,"href":"https:\/\/diariodominicano.com\/index.php?rest_route=%2Fwp%2Fv2%2Fcategories&post=230828"},{"taxonomy":"post_tag","embeddable":true,"href":"https:\/\/diariodominicano.com\/index.php?rest_route=%2Fwp%2Fv2%2Ftags&post=230828"}],"curies":[{"name":"wp","href":"https:\/\/api.w.org\/{rel}","templated":true}]}}