{"id":230825,"date":"2018-04-22T09:19:20","date_gmt":"2018-04-22T09:19:20","guid":{"rendered":"http:\/\/diariodominicano.ddns.net\/?p=230825"},"modified":"2018-04-22T09:19:20","modified_gmt":"2018-04-22T09:19:20","slug":"artesanos-se-ponen-la-mascara-rumbo-a-eleccion-mas-grande-en-la-historia-de-mexico","status":"publish","type":"post","link":"https:\/\/diariodominicano.com\/?p=230825","title":{"rendered":"Artesanos \u00abse ponen la m\u00e1scara\u00bb rumbo a elecci\u00f3n m\u00e1s grande en la historia de M\u00e9xico"},"content":{"rendered":"<p><body><\/p>\n<p><img decoding=\"async\" src=\"img3\/137127500_1524361522914_title0h.jpg\" \/><br \/><img decoding=\"async\" src=\"img3\/137127500_15243615064671n.jpg\" \/>  <\/p>\n<p><strong>Imagen del 16 de abril de 2018 de un trabajador trabajando en los talleres de la empresa Grupo REV, en el municipio de Jiutepec, estado de Morelos, M\u00e9xico. Un grupo de artesanos mexicanos han encontrado, en el proceso electoral de M\u00e9xico, una oportunidad para bromear y, al mismo tiempo, dar empleo a cientos de personas al replicar los rostros de los aspirantes a la Presidencia del pa\u00eds. Los mexicanos se caracterizan por ser alegres e ingeniosos, cualidades que se reflejan en cada una de las m\u00e1scaras de l\u00e1tex, hechas a mano por unos 300 colaboradores de la empresa Grupo REV, a menos de 80 d\u00edas de los comicios en M\u00e9xico. Las elecciones del 1 de julio se perfilan como las m\u00e1s grandes en la historia del pa\u00eds, tanto por el n\u00famero de cargos en disputa (3,404), como por la cifra de votantes (88,3 millones) y su alto costo situado en unos 1,217 millones de d\u00f3lares, seg\u00fan especialistas. (Xinhua\/Francisco Ca\u00f1edo)<\/strong><\/p>\n<p><strong>MEXICO, 21 abr (Xinhua) &#8212; <\/strong>Un grupo de artesanos mexicanos han encontrado, en el proceso electoral de M\u00e9xico, una oportunidad para bromear y, al mismo tiempo, dar empleo a cientos de personas al replicar los rostros de los aspirantes a la Presidencia del pa\u00eds.<\/p>\n<\/p>\n<p>Los mexicanos se caracterizan por ser alegres e ingeniosos, cualidades que se reflejan en cada una de las m\u00e1scaras de l\u00e1tex, hechas a mano por unos 300 colaboradores de la empresa Grupo REV, a menos de 80 d\u00edas de los comicios en M\u00e9xico.<\/p>\n<\/p>\n<p>Las elecciones del 1 de julio se perfilan como las m\u00e1s grandes en la historia del pa\u00eds, tanto por el n\u00famero de cargos en disputa (3.404), como por la cifra de votantes (88,3 millones) y su alto costo situado en unos 1.217 millones de d\u00f3lares, seg\u00fan especialistas.<\/p>\n<\/p>\n<p>En el a\u00f1o 2000, la empresa mexicana con sede en la ciudad de Cuernavaca, estado de Morelos (centro) y enfocada a confeccionar m\u00e1scaras de \u00abHalloween\u00bb, decidi\u00f3 abrir el mercado a personajes de la pol\u00edtica nacional, debido a su alta demanda en todo M\u00e9xico.<\/p>\n<\/p>\n<p>\u00abDesde Fox se empez\u00f3 la l\u00ednea de pol\u00edticos, detectamos preferencias y se instaur\u00f3 esa tradici\u00f3n de hacer m\u00e1scaras de los gobernantes o candidatos conforme la historia lo ha requerido\u00bb, dijo a Xinhua la gerente de Innovaci\u00f3n de la empresa fundada en 1948, Neri Ju\u00e1rez.<\/p>\n<\/p>\n<p>Antes de realizar las caretas, explic\u00f3 Ju\u00e1rez, integrantes de un comit\u00e9 creativo realizan un estudio para identificar a los personajes m\u00e1s populares, queridos y repudiados.<\/p>\n<\/p>\n<p>\u00abUna m\u00e1scara es la posibilidad de ser alguien m\u00e1s por unas cuantas horas, jugar con su personalidad y as\u00ed les damos libertad creativa a la gente que las usa\u00bb, explic\u00f3.<\/p>\n<\/p>\n<p>En esta ocasi\u00f3n, la producci\u00f3n de las m\u00e1scaras fue de m\u00e1s de 1.000 piezas por cada personaje, entre los que destacan: Andr\u00e9s Manuel L\u00f3pez Obrador, Jos\u00e9 Antonio Meade, Ricardo Anaya y Jaime Rodr\u00edguez.<\/p>\n<\/p>\n<p>Sin embargo, el rostro de Margarita Zavala, tambi\u00e9n candidata a la Presidencia, no se replicar\u00e1, debido a que los artesanos no la consideraron \u00abmuy rentable\u00bb ni tan popular, en comparaci\u00f3n con sus contendientes.<\/p>\n<\/p>\n<p>\u00abLas m\u00e1scaras de mujer son muy dif\u00edciles de vender porque muy poco sector de la poblaci\u00f3n va a disfrazarse de mujer siendo caballero y a las mujeres no les gusta usar m\u00e1scaras\u00bb, coment\u00f3 la gerente.<\/p>\n<\/p>\n<p>Los productos artesanales se venden en el mercado a un precio promedio de 300 pesos (unos 16 d\u00f3lares) por unidad, de acuerdo con el Grupo REV.<\/p>\n<\/p>\n<p>En 2017, la empresa fabric\u00f3 1,2 millones de m\u00e1scaras, la mayor\u00eda de ellas se exportaron a pa\u00edses como Estados Unidos, Espa\u00f1a, Francia, Dinamarca, Kuwait, Jap\u00f3n y Australia.<\/p>\n<\/p>\n<p>\u00abSe est\u00e1n haciendo miles de m\u00e1scaras en este momento para distribuirlas en todo el mundo\u00bb, agreg\u00f3 Ju\u00e1rez.<\/p>\n<\/p>\n<p>La se\u00f1ora Leticia Morales, una de las cientos de clientas que tendr\u00e1 este a\u00f1o Grupo REV, acudi\u00f3 al Mercado de Sonora, en la capital mexicana, a comprar distintas m\u00e1scaras de los pol\u00edticos m\u00e1s conocidos del pa\u00eds.<\/p>\n<\/p>\n<p>Morales cont\u00f3 a Xinhua que en el lugar donde reside se celebrar\u00e1 un carnaval y los miembros de su familia tuvieron la idea de ir disfrazados de pol\u00edticos por la campa\u00f1a electoral.<\/p>\n<\/p>\n<p>\u00abQueremos bailar y ser la novedad del pueblo por un d\u00eda, ser la sensaci\u00f3n de la gente\u00bb, dijo el ama de casa.<\/p>\n<\/p>\n<p>En esta ocasi\u00f3n, Morales adquiri\u00f3 m\u00e1scaras de L\u00f3pez Obrador, Anaya, Meade y del presidente de Estados Unidos, Donald Trump, a quien consider\u00f3 el m\u00e1s pol\u00e9mico.<\/p>\n<\/p>\n<p>Los creadores de las m\u00e1scaras prev\u00e9n que sus ventas se incrementen de manera considerable, conforme se acerquen las votaciones y se realicen los tres debates presidenciales, el primero de ellos programado para ma\u00f1ana domingo.<\/p>\n<\/p>\n<p>El debate inicial, preparado por el Instituto Nacional Electoral, tendr\u00e1 dos horas de duraci\u00f3n, estar\u00e1 dividido en tres bloques, con una participaci\u00f3n final y se realizar\u00e1 en la Ciudad de M\u00e9xico.<\/p>\n<h6> 2018-04-22 09:19:20 <\/h6>\n<p><!--\n<link rel=\"stylesheet\" href=\"css\/bootstrap.min.css\">\n\n\n<ul class=\"pagination\">\n\t    \n\t\n\n<li >\n\t<a href='?page_no=10498'>Previous<\/a>\n\t<\/li>\n\n\n       \n    \n\n<li><a href='?page_no=1'>1<\/a><\/li>\n\n\n\n<li><a href='?page_no=2'>2<\/a><\/li>\n\n\n\n<li><a>...<\/a><\/li>\n\n\n\n<li><a href='?page_no=10497'>10497<\/a><\/li>\n\n\n\n<li><a href='?page_no=10498'>10498<\/a><\/li>\n\n\n\n<li class='active'><a>10499<\/a><\/li>\n\n\n\n<li><a href='?page_no=10500'>10500<\/a><\/li>\n\n\n\n<li><a href='?page_no=10501'>10501<\/a><\/li>\n\n\n\n<li><a>...<\/a><\/li>\n\n\n\n<li><a href='?page_no=51012'>51012<\/a><\/li>\n\n\n\n<li><a href='?page_no=51013'>51013<\/a><\/li>\n\n    \n\t\n\n<li >\n\t<a href='?page_no=10500'>Next<\/a>\n\t<\/li>\n\n\n    \n\n<li><a href='?page_no=51013'>Last &rsaquo;&rsaquo;<\/a><\/li>\n\n<\/ul>\n\n\n--><br \/>\n<\/body><\/p>\n","protected":false},"excerpt":{"rendered":"<p>Imagen del 16 de abril de 2018 de un trabajador trabajando en los talleres de la empresa Grupo REV, en el municipio de Jiutepec, estado de Morelos, M\u00e9xico. Un grupo de artesanos mexicanos han encontrado, en el proceso electoral de M\u00e9xico, una oportunidad para bromear y, al mismo tiempo, dar empleo a cientos de personas [&hellip;]<\/p>\n","protected":false},"author":3,"featured_media":0,"comment_status":"open","ping_status":"open","sticky":false,"template":"","format":"standard","meta":{"footnotes":""},"categories":[23],"tags":[],"class_list":["post-230825","post","type-post","status-publish","format-standard","hentry","category-internacional"],"_links":{"self":[{"href":"https:\/\/diariodominicano.com\/index.php?rest_route=\/wp\/v2\/posts\/230825","targetHints":{"allow":["GET"]}}],"collection":[{"href":"https:\/\/diariodominicano.com\/index.php?rest_route=\/wp\/v2\/posts"}],"about":[{"href":"https:\/\/diariodominicano.com\/index.php?rest_route=\/wp\/v2\/types\/post"}],"author":[{"embeddable":true,"href":"https:\/\/diariodominicano.com\/index.php?rest_route=\/wp\/v2\/users\/3"}],"replies":[{"embeddable":true,"href":"https:\/\/diariodominicano.com\/index.php?rest_route=%2Fwp%2Fv2%2Fcomments&post=230825"}],"version-history":[{"count":0,"href":"https:\/\/diariodominicano.com\/index.php?rest_route=\/wp\/v2\/posts\/230825\/revisions"}],"wp:attachment":[{"href":"https:\/\/diariodominicano.com\/index.php?rest_route=%2Fwp%2Fv2%2Fmedia&parent=230825"}],"wp:term":[{"taxonomy":"category","embeddable":true,"href":"https:\/\/diariodominicano.com\/index.php?rest_route=%2Fwp%2Fv2%2Fcategories&post=230825"},{"taxonomy":"post_tag","embeddable":true,"href":"https:\/\/diariodominicano.com\/index.php?rest_route=%2Fwp%2Fv2%2Ftags&post=230825"}],"curies":[{"name":"wp","href":"https:\/\/api.w.org\/{rel}","templated":true}]}}